{"id":11019,"date":"2026-08-28T01:35:29","date_gmt":"2026-08-28T04:35:29","guid":{"rendered":"https:\/\/radiosantaclara.sitetopfm.com.br\/site\/comissao-debate-impacto-da-importacao-de-aco-na-siderurgia-nacional\/"},"modified":"2026-08-28T01:35:29","modified_gmt":"2026-08-28T04:35:29","slug":"comissao-debate-impacto-da-importacao-de-aco-na-siderurgia-nacional","status":"publish","type":"post","link":"https:\/\/radiosantaclara.sitetopfm.com.br\/site\/comissao-debate-impacto-da-importacao-de-aco-na-siderurgia-nacional\/","title":{"rendered":"Comiss\u00e3o debate impacto da importa\u00e7\u00e3o de a\u00e7o na siderurgia nacional"},"content":{"rendered":"<p> <br \/>\n<\/p>\n<div id=\"image-container-1300688\" class=\"image-container\" style=\"float: none;margin: 45px 0px;width: 100%\" data-midia=\"1300688\">\n<div class=\"midia-creditos\"><em>Depositphotos<\/em><\/div>\n<div class=\"media-wrapper\"><img decoding=\"async\" style=\"width: 100%;height: auto\" src=\"https:\/\/www.camara.leg.br\/midias\/image\/2026\/08\/depositphotos-7135308-xl-768x510.jpg\" alt=\"Oper\u00e1rio trabalha em constru\u00e7\u00e3o de pr\u00e9dio num dia ensolarado\" \/><\/div>\n<div class=\"midia-legenda\">Importa\u00e7\u00e3o de a\u00e7o chin\u00eas pode prejudicar setores como o da constru\u00e7\u00e3o civil<\/div>\n<\/div>\n<p>A Comiss\u00e3o de Trabalho da C\u00e2mara dos Deputados realiza, nesta ter\u00e7a-feira (1\u00ba), audi\u00eancia p\u00fablica sobre o impacto da importa\u00e7\u00e3o de a\u00e7o na siderurgia nacional.<\/p>\n<p>O debate ser\u00e1 realizado \u00e0s 16 horas, no plen\u00e1rio 12.<\/p>\n<p><a href=\"https:\/\/www.camara.leg.br\/evento-legislativo\/82923\">Veja quem foi convidado<\/a><\/p>\n<p>O deputado Max Lemos (Uni\u00e3o-RJ) foi quem pediu a reuni\u00e3o. Segundo o parlamentar, o aumento das importa\u00e7\u00f5es de a\u00e7o chin\u00eas, muitas vezes a pre\u00e7os reduzidos, representa uma concorr\u00eancia desleal e amea\u00e7a a sustentabilidade das empresas brasileiras.<\/p>\n<p>Max Lemos alerta que esse cen\u00e1rio pode afetar empregos diretos e indiretos em setores ligados \u00e0 siderurgia, como constru\u00e7\u00e3o civil, ind\u00fastria automotiva, infraestrutura e produ\u00e7\u00e3o de bens de capital.<\/p>\n<p>O deputado tamb\u00e9m aponta risco de depend\u00eancia externa e concentra\u00e7\u00e3o do mercado.<\/p>\n<p><br \/>\n<br \/><a href=\"https:\/\/www.camara.leg.br\/noticias\/1300609-comissao-debate-impacto-da-importacao-de-aco-na-siderurgia-nacional\">postagem original <\/a><\/p>\n","protected":false},"excerpt":{"rendered":"<p>Depositphotos Importa\u00e7\u00e3o de a\u00e7o chin\u00eas pode prejudicar setores como o da constru\u00e7\u00e3o civil A Comiss\u00e3o de Trabalho da C\u00e2mara dos [&hellip;]<\/p>\n","protected":false},"author":1,"featured_media":6909,"comment_status":"open","ping_status":"open","sticky":false,"template":"","format":"standard","meta":{"site-sidebar-layout":"default","site-content-layout":"","ast-site-content-layout":"default","site-content-style":"default","site-sidebar-style":"default","ast-global-header-display":"","ast-banner-title-visibility":"","ast-main-header-display":"","ast-hfb-above-header-display":"","ast-hfb-below-header-display":"","ast-hfb-mobile-header-display":"","site-post-title":"","ast-breadcrumbs-content":"","ast-featured-img":"","footer-sml-layout":"","theme-transparent-header-meta":"","adv-header-id-meta":"","stick-header-meta":"","header-above-stick-meta":"","header-main-stick-meta":"","header-below-stick-meta":"","astra-migrate-meta-layouts":"default","ast-page-background-enabled":"default","ast-page-background-meta":{"desktop":{"background-color":"var(--ast-global-color-5)","background-image":"","background-repeat":"repeat","background-position":"center center","background-size":"auto","background-attachment":"scroll","background-type":"","background-media":"","overlay-type":"","overlay-color":"","overlay-opacity":"","overlay-gradient":""},"tablet":{"background-color":"","background-image":"","background-repeat":"repeat","background-position":"center center","background-size":"auto","background-attachment":"scroll","background-type":"","background-media":"","overlay-type":"","overlay-color":"","overlay-opacity":"","overlay-gradient":""},"mobile":{"background-color":"","background-image":"","background-repeat":"repeat","background-position":"center center","background-size":"auto","background-attachment":"scroll","background-type":"","background-media":"","overlay-type":"","overlay-color":"","overlay-opacity":"","overlay-gradient":""}},"ast-content-background-meta":{"desktop":{"background-color":"var(--ast-global-color-4)","background-image":"","background-repeat":"repeat","background-position":"center center","background-size":"auto","background-attachment":"scroll","background-type":"","background-media":"","overlay-type":"","overlay-color":"","overlay-opacity":"","overlay-gradient":""},"tablet":{"background-color":"var(--ast-global-color-4)","background-image":"","background-repeat":"repeat","background-position":"center center","background-size":"auto","background-attachment":"scroll","background-type":"","background-media":"","overlay-type":"","overlay-color":"","overlay-opacity":"","overlay-gradient":""},"mobile":{"background-color":"var(--ast-global-color-4)","background-image":"","background-repeat":"repeat","background-position":"center center","background-size":"auto","background-attachment":"scroll","background-type":"","background-media":"","overlay-type":"","overlay-color":"","overlay-opacity":"","overlay-gradient":""}},"_joinchat":[],"footnotes":""},"categories":[34],"tags":[],"_links":{"self":[{"href":"https:\/\/radiosantaclara.sitetopfm.com.br\/site\/wp-json\/wp\/v2\/posts\/11019"}],"collection":[{"href":"https:\/\/radiosantaclara.sitetopfm.com.br\/site\/wp-json\/wp\/v2\/posts"}],"about":[{"href":"https:\/\/radiosantaclara.sitetopfm.com.br\/site\/wp-json\/wp\/v2\/types\/post"}],"author":[{"embeddable":true,"href":"https:\/\/radiosantaclara.sitetopfm.com.br\/site\/wp-json\/wp\/v2\/users\/1"}],"replies":[{"embeddable":true,"href":"https:\/\/radiosantaclara.sitetopfm.com.br\/site\/wp-json\/wp\/v2\/comments?post=11019"}],"version-history":[{"count":0,"href":"https:\/\/radiosantaclara.sitetopfm.com.br\/site\/wp-json\/wp\/v2\/posts\/11019\/revisions"}],"wp:featuredmedia":[{"embeddable":true,"href":"https:\/\/radiosantaclara.sitetopfm.com.br\/site\/wp-json\/wp\/v2\/media\/6909"}],"wp:attachment":[{"href":"https:\/\/radiosantaclara.sitetopfm.com.br\/site\/wp-json\/wp\/v2\/media?parent=11019"}],"wp:term":[{"taxonomy":"category","embeddable":true,"href":"https:\/\/radiosantaclara.sitetopfm.com.br\/site\/wp-json\/wp\/v2\/categories?post=11019"},{"taxonomy":"post_tag","embeddable":true,"href":"https:\/\/radiosantaclara.sitetopfm.com.br\/site\/wp-json\/wp\/v2\/tags?post=11019"}],"curies":[{"name":"wp","href":"https:\/\/api.w.org\/{rel}","templated":true}]}}