{"id":11015,"date":"2026-08-27T19:08:23","date_gmt":"2026-08-27T22:08:23","guid":{"rendered":"https:\/\/radiosantaclara.sitetopfm.com.br\/site\/projeto-torna-obrigatoria-advertencia-sobre-maus-tratos-em-embalagens-de-racao\/"},"modified":"2026-08-27T19:08:23","modified_gmt":"2026-08-27T22:08:23","slug":"projeto-torna-obrigatoria-advertencia-sobre-maus-tratos-em-embalagens-de-racao","status":"publish","type":"post","link":"https:\/\/radiosantaclara.sitetopfm.com.br\/site\/projeto-torna-obrigatoria-advertencia-sobre-maus-tratos-em-embalagens-de-racao\/","title":{"rendered":"Projeto torna obrigat\u00f3ria advert\u00eancia sobre maus-tratos em embalagens de ra\u00e7\u00e3o"},"content":{"rendered":"<p> <br \/>\n<\/p>\n<div id=\"\">\n<figure class=\"materia__midia\" style=\"float: none; margin: 24px 0px;\" data-midia=\"1182703\"><img decoding=\"async\" src=\"https:\/\/www.camara.leg.br\/midias\/image\/2025\/07\/img20210730101910560-768x512.jpg\" alt=\"Meio Ambiente - Animais e Natureza - zoonoses - cachorros e gatos - animal de estima\u00e7\u00e3o - canil - Adote um bichinho de estima\u00e7\u00e3o: Zoonoses tem c\u00e3es e gatos aptos para ado\u00e7\u00e3o\"\/><figcaption><span class=\"materia__legenda-imagem\">Proposta pretende ampliar a divulga\u00e7\u00e3o dos canais oficiais de den\u00fancia<\/span> &#8211; <span class=\"materia__creditos-imagem\" style=\"color:#5f5f5e\">Foto: Breno Esaki\/Ag\u00eancia Sa\u00fade DF<\/span><\/figcaption><\/figure>\n<p>O Projeto de Lei 3171\/26 obriga fabricantes de produtos para alimenta\u00e7\u00e3o animal a informar, nas embalagens, como denunciar casos de maus-tratos contra animais. A C\u00e2mara dos Deputados analisa a proposta, que pretende ampliar a divulga\u00e7\u00e3o dos canais oficiais de den\u00fancia.<\/p>\n<p>O autor, deputado Messias Donato (Uni\u00e3o-ES), afirma que muitas pessoas presenciam situa\u00e7\u00f5es de abandono, falta de alimento e condi\u00e7\u00f5es prec\u00e1rias de higiene e deixam de denunciar por n\u00e3o saberem a qual \u00f3rg\u00e3o recorrer.<\/p>\n<p>\u201cO projeto utiliza um meio de comunica\u00e7\u00e3o de amplo alcance e diretamente relacionado ao universo da prote\u00e7\u00e3o animal: as embalagens de produtos destinados \u00e0 alimenta\u00e7\u00e3o animal\u201d, disse.<\/p>\n<p>A mensagem dever\u00e1 ser clara, vis\u00edvel e colocada em local de f\u00e1cil visualiza\u00e7\u00e3o, podendo utilizar um QR Code. As dimens\u00f5es m\u00ednimas e a forma de apresenta\u00e7\u00e3o da mensagem ser\u00e3o definidas em regulamento.<\/p>\n<h3 class=\"ds-titulo-subsecao\">Pr\u00f3ximas etapas<\/h3>\n<p>A proposta ser\u00e1 analisada, em <span id=\"4322\" class=\"termoGlossario materia__glossario\" title=\"Rito de tramita\u00e7\u00e3o pelo qual o projeto \u00e9 votado apenas pelas comiss\u00f5es designadas para analis\u00e1-lo, dispensada a delibera\u00e7\u00e3o do Plen\u00e1rio. O projeto perde o car\u00e1ter conclusivo se houver decis\u00e3o divergente entre as comiss\u00f5es ou se, independentemente de ser aprovado ou rejeitado, houver recurso assinado por 52 deputados para a aprecia\u00e7\u00e3o da mat\u00e9ria no Plen\u00e1rio.\" contenteditable=\"false\" data-toggle=\"tooltip\" data-placement=\"top\" style=\"color:#5f5f5e;border-bottom:none\">car\u00e1ter conclusivo<\/span>, pelas comiss\u00f5es de Agricultura, Pecu\u00e1ria, Abastecimento e Desenvolvimento Rural; Meio Ambiente e Desenvolvimento Sustent\u00e1vel; e Constitui\u00e7\u00e3o e Justi\u00e7a e de Cidadania.<\/p>\n<p>Para virar lei, o texto deve ser aprovado pela C\u00e2mara e pelo Senado.<\/p>\n<p><a href=\"https:\/\/www.camara.leg.br\/noticias\/573454-SAIBA-MAIS-SOBRE-A-TRAMITACAO-DE-PROJETOS-DE-LEI\">Saiba mais sobre a tramita\u00e7\u00e3o de projetos de lei<\/a><\/p>\n<\/p><\/div>\n<p><br \/>\n<br \/><a href=\"https:\/\/www.camara.leg.br\/noticias\/1299831-projeto-torna-obrigatoria-advertencia-sobre-maus-tratos-em-embalagens-de-racao\">postagem original <\/a><\/p>\n","protected":false},"excerpt":{"rendered":"<p>Proposta pretende ampliar a divulga\u00e7\u00e3o dos canais oficiais de den\u00fancia &#8211; Foto: Breno Esaki\/Ag\u00eancia Sa\u00fade DF O Projeto de Lei [&hellip;]<\/p>\n","protected":false},"author":1,"featured_media":6909,"comment_status":"open","ping_status":"open","sticky":false,"template":"","format":"standard","meta":{"site-sidebar-layout":"default","site-content-layout":"","ast-site-content-layout":"default","site-content-style":"default","site-sidebar-style":"default","ast-global-header-display":"","ast-banner-title-visibility":"","ast-main-header-display":"","ast-hfb-above-header-display":"","ast-hfb-below-header-display":"","ast-hfb-mobile-header-display":"","site-post-title":"","ast-breadcrumbs-content":"","ast-featured-img":"","footer-sml-layout":"","theme-transparent-header-meta":"","adv-header-id-meta":"","stick-header-meta":"","header-above-stick-meta":"","header-main-stick-meta":"","header-below-stick-meta":"","astra-migrate-meta-layouts":"default","ast-page-background-enabled":"default","ast-page-background-meta":{"desktop":{"background-color":"var(--ast-global-color-5)","background-image":"","background-repeat":"repeat","background-position":"center center","background-size":"auto","background-attachment":"scroll","background-type":"","background-media":"","overlay-type":"","overlay-color":"","overlay-opacity":"","overlay-gradient":""},"tablet":{"background-color":"","background-image":"","background-repeat":"repeat","background-position":"center center","background-size":"auto","background-attachment":"scroll","background-type":"","background-media":"","overlay-type":"","overlay-color":"","overlay-opacity":"","overlay-gradient":""},"mobile":{"background-color":"","background-image":"","background-repeat":"repeat","background-position":"center center","background-size":"auto","background-attachment":"scroll","background-type":"","background-media":"","overlay-type":"","overlay-color":"","overlay-opacity":"","overlay-gradient":""}},"ast-content-background-meta":{"desktop":{"background-color":"var(--ast-global-color-4)","background-image":"","background-repeat":"repeat","background-position":"center center","background-size":"auto","background-attachment":"scroll","background-type":"","background-media":"","overlay-type":"","overlay-color":"","overlay-opacity":"","overlay-gradient":""},"tablet":{"background-color":"var(--ast-global-color-4)","background-image":"","background-repeat":"repeat","background-position":"center center","background-size":"auto","background-attachment":"scroll","background-type":"","background-media":"","overlay-type":"","overlay-color":"","overlay-opacity":"","overlay-gradient":""},"mobile":{"background-color":"var(--ast-global-color-4)","background-image":"","background-repeat":"repeat","background-position":"center center","background-size":"auto","background-attachment":"scroll","background-type":"","background-media":"","overlay-type":"","overlay-color":"","overlay-opacity":"","overlay-gradient":""}},"_joinchat":[],"footnotes":""},"categories":[28],"tags":[],"_links":{"self":[{"href":"https:\/\/radiosantaclara.sitetopfm.com.br\/site\/wp-json\/wp\/v2\/posts\/11015"}],"collection":[{"href":"https:\/\/radiosantaclara.sitetopfm.com.br\/site\/wp-json\/wp\/v2\/posts"}],"about":[{"href":"https:\/\/radiosantaclara.sitetopfm.com.br\/site\/wp-json\/wp\/v2\/types\/post"}],"author":[{"embeddable":true,"href":"https:\/\/radiosantaclara.sitetopfm.com.br\/site\/wp-json\/wp\/v2\/users\/1"}],"replies":[{"embeddable":true,"href":"https:\/\/radiosantaclara.sitetopfm.com.br\/site\/wp-json\/wp\/v2\/comments?post=11015"}],"version-history":[{"count":0,"href":"https:\/\/radiosantaclara.sitetopfm.com.br\/site\/wp-json\/wp\/v2\/posts\/11015\/revisions"}],"wp:featuredmedia":[{"embeddable":true,"href":"https:\/\/radiosantaclara.sitetopfm.com.br\/site\/wp-json\/wp\/v2\/media\/6909"}],"wp:attachment":[{"href":"https:\/\/radiosantaclara.sitetopfm.com.br\/site\/wp-json\/wp\/v2\/media?parent=11015"}],"wp:term":[{"taxonomy":"category","embeddable":true,"href":"https:\/\/radiosantaclara.sitetopfm.com.br\/site\/wp-json\/wp\/v2\/categories?post=11015"},{"taxonomy":"post_tag","embeddable":true,"href":"https:\/\/radiosantaclara.sitetopfm.com.br\/site\/wp-json\/wp\/v2\/tags?post=11015"}],"curies":[{"name":"wp","href":"https:\/\/api.w.org\/{rel}","templated":true}]}}