{"id":11013,"date":"2026-08-27T18:03:28","date_gmt":"2026-08-27T21:03:28","guid":{"rendered":"https:\/\/radiosantaclara.sitetopfm.com.br\/site\/projeto-permite-deduzir-compra-de-aparelho-auditivo-do-imposto-de-renda\/"},"modified":"2026-08-27T18:03:28","modified_gmt":"2026-08-27T21:03:28","slug":"projeto-permite-deduzir-compra-de-aparelho-auditivo-do-imposto-de-renda","status":"publish","type":"post","link":"https:\/\/radiosantaclara.sitetopfm.com.br\/site\/projeto-permite-deduzir-compra-de-aparelho-auditivo-do-imposto-de-renda\/","title":{"rendered":"Projeto permite deduzir compra de aparelho auditivo do Imposto de Renda"},"content":{"rendered":"<p> <br \/>\n<\/p>\n<div id=\"\">\n<figure class=\"materia__midia\" style=\"float: none; margin: 24px 0px;\" data-midia=\"1145091\"><img decoding=\"async\" src=\"https:\/\/www.camara.leg.br\/midias\/image\/2025\/03\/img20211110120042034-768x512.jpg\" alt=\"Sa\u00fade - geral - surdez - aparelho auditivo - Policl\u00ednica Aparelho auditivo no Par\u00e1\"\/><figcaption><span class=\"materia__legenda-imagem\">Despesas com compra e manuten\u00e7\u00e3o de aparelhos auditivos poder\u00e3o ser deduzidas em at\u00e9 R$ 10 mil anuais<\/span> &#8211; <span class=\"materia__creditos-imagem\" style=\"color:#5f5f5e\">Foto: Marco Santos\/Ag\u00eancia Par\u00e1<\/span><\/figcaption><\/figure>\n<p>O Projeto de Lei 3032\/26 permite que as despesas com compra, adapta\u00e7\u00e3o e manuten\u00e7\u00e3o de aparelhos auditivos sejam deduzidas do Imposto de Renda da Pessoa F\u00edsica (IRPF). O texto est\u00e1 em an\u00e1lise na C\u00e2mara dos Deputados.<\/p>\n<p>Pela proposta, a dedu\u00e7\u00e3o ser\u00e1 limitada a R$ 10 mil anuais por pessoa com defici\u00eancia auditiva e n\u00e3o ser\u00e1 cumulativa com outras despesas de sa\u00fade \u2013 que, atualmente, n\u00e3o t\u00eam limite para desconto na declara\u00e7\u00e3o anual do IR.<\/p>\n<p>O texto altera a Lei 9.250\/95, que trata do Imposto de Renda; e a Lei 8.213\/91, sobre os Planos de Benef\u00edcios da Previd\u00eancia Social. Inclui ainda o fornecimento de aparelhos auditivos em programas oficiais de reabilita\u00e7\u00e3o profissional.<\/p>\n<p>\u201cHoje, quem compra uma pr\u00f3tese ortop\u00e9dica pode deduzi-la do Imposto de Renda. Quem compra uma pr\u00f3tese auditiva, n\u00e3o. N\u00e3o h\u00e1 raz\u00e3o que justifique essa distin\u00e7\u00e3o\u201d, diz o autor da proposta, deputado Arlindo Chinaglia (PT-SP).<\/p>\n<h3 class=\"ds-titulo-subsecao\">Regras para dedu\u00e7\u00e3o<\/h3>\n<p>\n                        Para garantir o benef\u00edcio fiscal no IR, o projeto exige que o gasto tenha sido indicado por um profissional habilitado, como m\u00e9dico ou fonoaudi\u00f3logo. Al\u00e9m disso, o contribuinte precisar\u00e1 comprovar a despesa por meio de nota fiscal.<\/p>\n<p>A ren\u00fancia de receita com a nova medida dever\u00e1 ser compensada por cortes em outros benef\u00edcios tribut\u00e1rios. Os resultados dever\u00e3o ser avaliados a cada cinco anos, observando fatores como a demanda no Sistema \u00danico de Sa\u00fade (SUS).<\/p>\n<h3 class=\"ds-titulo-subsecao\">Pr\u00f3ximos passos<\/h3>\n<p>\n                        O projeto ser\u00e1 analisado em <span id=\"4322\" class=\"termoGlossario materia__glossario\" title=\"Rito de tramita\u00e7\u00e3o pelo qual o projeto \u00e9 votado apenas pelas comiss\u00f5es designadas para analis\u00e1-lo, dispensada a delibera\u00e7\u00e3o do Plen\u00e1rio. O projeto perde o car\u00e1ter conclusivo se houver decis\u00e3o divergente entre as comiss\u00f5es ou se, independentemente de ser aprovado ou rejeitado, houver recurso assinado por 52 deputados para a aprecia\u00e7\u00e3o da mat\u00e9ria no Plen\u00e1rio.\" contenteditable=\"false\" data-toggle=\"tooltip\" data-placement=\"top\" style=\"color:#5f5f5e;border-bottom:none\">car\u00e1ter conclusivo<\/span> pelas comiss\u00f5es de Previd\u00eancia, Assist\u00eancia Social, Inf\u00e2ncia, Adolesc\u00eancia e Fam\u00edlia; de Defesa dos Direitos das Pessoas com Defici\u00eancia; de Finan\u00e7as e Tributa\u00e7\u00e3o; e de Constitui\u00e7\u00e3o e Justi\u00e7a e de Cidadania.<\/p>\n<p>Para virar lei, o texto ter\u00e1 de ser aprovado pela C\u00e2mara e pelo Senado.<\/p>\n<p><a href=\"https:\/\/www.camara.leg.br\/noticias\/573454-SAIBA-MAIS-SOBRE-A-TRAMITACAO-DE-PROJETOS-DE-LEI\">Saiba mais sobre a tramita\u00e7\u00e3o de projetos de lei<\/a><\/p>\n<\/p><\/div>\n<p><br \/>\n<br \/><a href=\"https:\/\/www.camara.leg.br\/noticias\/1300318-projeto-permite-deduzir-compra-de-aparelho-auditivo-do-imposto-de-renda\">postagem original <\/a><\/p>\n","protected":false},"excerpt":{"rendered":"<p>Despesas com compra e manuten\u00e7\u00e3o de aparelhos auditivos poder\u00e3o ser deduzidas em at\u00e9 R$ 10 mil anuais &#8211; Foto: Marco [&hellip;]<\/p>\n","protected":false},"author":1,"featured_media":6909,"comment_status":"open","ping_status":"open","sticky":false,"template":"","format":"standard","meta":{"site-sidebar-layout":"default","site-content-layout":"","ast-site-content-layout":"default","site-content-style":"default","site-sidebar-style":"default","ast-global-header-display":"","ast-banner-title-visibility":"","ast-main-header-display":"","ast-hfb-above-header-display":"","ast-hfb-below-header-display":"","ast-hfb-mobile-header-display":"","site-post-title":"","ast-breadcrumbs-content":"","ast-featured-img":"","footer-sml-layout":"","theme-transparent-header-meta":"","adv-header-id-meta":"","stick-header-meta":"","header-above-stick-meta":"","header-main-stick-meta":"","header-below-stick-meta":"","astra-migrate-meta-layouts":"default","ast-page-background-enabled":"default","ast-page-background-meta":{"desktop":{"background-color":"var(--ast-global-color-5)","background-image":"","background-repeat":"repeat","background-position":"center center","background-size":"auto","background-attachment":"scroll","background-type":"","background-media":"","overlay-type":"","overlay-color":"","overlay-opacity":"","overlay-gradient":""},"tablet":{"background-color":"","background-image":"","background-repeat":"repeat","background-position":"center center","background-size":"auto","background-attachment":"scroll","background-type":"","background-media":"","overlay-type":"","overlay-color":"","overlay-opacity":"","overlay-gradient":""},"mobile":{"background-color":"","background-image":"","background-repeat":"repeat","background-position":"center center","background-size":"auto","background-attachment":"scroll","background-type":"","background-media":"","overlay-type":"","overlay-color":"","overlay-opacity":"","overlay-gradient":""}},"ast-content-background-meta":{"desktop":{"background-color":"var(--ast-global-color-4)","background-image":"","background-repeat":"repeat","background-position":"center center","background-size":"auto","background-attachment":"scroll","background-type":"","background-media":"","overlay-type":"","overlay-color":"","overlay-opacity":"","overlay-gradient":""},"tablet":{"background-color":"var(--ast-global-color-4)","background-image":"","background-repeat":"repeat","background-position":"center center","background-size":"auto","background-attachment":"scroll","background-type":"","background-media":"","overlay-type":"","overlay-color":"","overlay-opacity":"","overlay-gradient":""},"mobile":{"background-color":"var(--ast-global-color-4)","background-image":"","background-repeat":"repeat","background-position":"center center","background-size":"auto","background-attachment":"scroll","background-type":"","background-media":"","overlay-type":"","overlay-color":"","overlay-opacity":"","overlay-gradient":""}},"_joinchat":[],"footnotes":""},"categories":[26],"tags":[],"_links":{"self":[{"href":"https:\/\/radiosantaclara.sitetopfm.com.br\/site\/wp-json\/wp\/v2\/posts\/11013"}],"collection":[{"href":"https:\/\/radiosantaclara.sitetopfm.com.br\/site\/wp-json\/wp\/v2\/posts"}],"about":[{"href":"https:\/\/radiosantaclara.sitetopfm.com.br\/site\/wp-json\/wp\/v2\/types\/post"}],"author":[{"embeddable":true,"href":"https:\/\/radiosantaclara.sitetopfm.com.br\/site\/wp-json\/wp\/v2\/users\/1"}],"replies":[{"embeddable":true,"href":"https:\/\/radiosantaclara.sitetopfm.com.br\/site\/wp-json\/wp\/v2\/comments?post=11013"}],"version-history":[{"count":0,"href":"https:\/\/radiosantaclara.sitetopfm.com.br\/site\/wp-json\/wp\/v2\/posts\/11013\/revisions"}],"wp:featuredmedia":[{"embeddable":true,"href":"https:\/\/radiosantaclara.sitetopfm.com.br\/site\/wp-json\/wp\/v2\/media\/6909"}],"wp:attachment":[{"href":"https:\/\/radiosantaclara.sitetopfm.com.br\/site\/wp-json\/wp\/v2\/media?parent=11013"}],"wp:term":[{"taxonomy":"category","embeddable":true,"href":"https:\/\/radiosantaclara.sitetopfm.com.br\/site\/wp-json\/wp\/v2\/categories?post=11013"},{"taxonomy":"post_tag","embeddable":true,"href":"https:\/\/radiosantaclara.sitetopfm.com.br\/site\/wp-json\/wp\/v2\/tags?post=11013"}],"curies":[{"name":"wp","href":"https:\/\/api.w.org\/{rel}","templated":true}]}}