{"id":11012,"date":"2026-08-27T16:25:42","date_gmt":"2026-08-27T19:25:42","guid":{"rendered":"https:\/\/radiosantaclara.sitetopfm.com.br\/site\/projeto-obriga-planos-de-saude-a-liberar-imediatamente-ultrassom-em-gravidez-de-alto-risco\/"},"modified":"2026-08-27T16:25:42","modified_gmt":"2026-08-27T19:25:42","slug":"projeto-obriga-planos-de-saude-a-liberar-imediatamente-ultrassom-em-gravidez-de-alto-risco","status":"publish","type":"post","link":"https:\/\/radiosantaclara.sitetopfm.com.br\/site\/projeto-obriga-planos-de-saude-a-liberar-imediatamente-ultrassom-em-gravidez-de-alto-risco\/","title":{"rendered":"Projeto obriga planos de sa\u00fade a liberar imediatamente ultrassom em gravidez de alto risco"},"content":{"rendered":"<p> <br \/>\n<\/p>\n<div id=\"image-container-1180907\" class=\"image-container\" style=\"float: none;margin: 45px 0px;width: 100%\" data-midia=\"1180907\">\n<div class=\"midia-creditos\"><em>Getty Images<\/em><\/div>\n<div class=\"media-wrapper\"><img decoding=\"async\" style=\"width: 100%;height: auto\" src=\"https:\/\/www.camara.leg.br\/midias\/image\/2025\/07\/img20210316123108909-768x512.jpg\" alt=\"Mulher gr\u00e1vida deitada de lado. A foto est\u00e1 cortada na altura dos ombros\" \/><\/div>\n<div class=\"midia-legenda\">Texto determina que o exame seja liberado em 15 minutos<\/div>\n<\/div>\n<p>O Projeto de Lei 3273\/26 obriga operadoras de planos de sa\u00fade a liberarem, imediata e automaticamente, exames semanais de ultrassonografia para\u00a0gestantes de alto risco a partir do sexto m\u00eas (24\u00aa semana). A classifica\u00e7\u00e3o do risco dever\u00e1 ser atestada em laudo ou guia de encaminhamento.<\/p>\n<p>O texto est\u00e1 em an\u00e1lise na C\u00e2mara dos Deputados.<\/p>\n<p>Conforme a proposta, a libera\u00e7\u00e3o imediata significa a dispensa de auditoria pr\u00e9via ou qualquer mecanismo de regula\u00e7\u00e3o que atrase a realiza\u00e7\u00e3o do exame em mais de 15 minutos.<\/p>\n<p>Autor do projeto, o deputado Paulo Teixeira (PT-SP) disse que h\u00e1 riscos para as gestantes na espera prolongada em cl\u00ednicas e hospitais. \u201cA burocracia n\u00e3o pode se sobrepor \u00e0 urg\u00eancia da vida humana\u201d, afirmou o parlamentar.<\/p>\n<p><strong>Puni\u00e7\u00f5es<\/strong><br \/>\nO descumprimento das futuras regras sujeitar\u00e1 a operadora a san\u00e7\u00f5es previstas na <a class=\"linkLegislacao\" href=\"https:\/\/www2.camara.gov.br\/legin\/fed\/lei\/1998\/lei-9656-3-junho-1998-353439-norma-pl.html\" target=\"_blank\" rel=\"noopener noreferrer\">Lei 9.656\/98<\/a>, que trata dos planos de sa\u00fade.<\/p>\n<p>A Ag\u00eancia Nacional de Sa\u00fade Suplementar (ANS) tamb\u00e9m poder\u00e1 aplicar multa di\u00e1ria.<\/p>\n<p><strong>Pr\u00f3ximos passos<\/strong><br \/>\nO projeto ser\u00e1 analisado em <span id=\"4322\" class=\"termoGlossario\" title=\"Rito de tramita\u00e7\u00e3o pelo qual o projeto \u00e9 votado apenas pelas comiss\u00f5es designadas para analis\u00e1-lo, dispensada a delibera\u00e7\u00e3o do Plen\u00e1rio. O projeto perde o car\u00e1ter conclusivo se houver decis\u00e3o divergente entre as comiss\u00f5es ou se, independentemente de ser aprovado ou rejeitado, houver recurso assinado por 52 deputados para a aprecia\u00e7\u00e3o da mat\u00e9ria no Plen\u00e1rio.\" data-toggle=\"tooltip\" data-placement=\"top\">car\u00e1ter conclusivo<\/span> pelas comiss\u00f5es de Sa\u00fade; de Defesa do Consumidor; de Defesa dos Direitos da Mulher; e de Constitui\u00e7\u00e3o e Justi\u00e7a e de Cidadania.<\/p>\n<p>Para virar lei, o texto ter\u00e1 de ser aprovado pela C\u00e2mara e pelo Senado.<\/p>\n<p><a href=\"https:\/\/www.camara.leg.br\/noticias\/573454-SAIBA-MAIS-SOBRE-A-TRAMITACAO-DE-PROJETOS-DE-LEI\">Saiba mais sobre a tramita\u00e7\u00e3o de projetos de lei<\/a><\/p>\n<p><br \/>\n<br \/><a href=\"https:\/\/www.camara.leg.br\/noticias\/1300015-projeto-obriga-planos-de-saude-a-liberar-imediatamente-ultrassom-em-gravidez-de-alto-risco\">postagem original <\/a><\/p>\n","protected":false},"excerpt":{"rendered":"<p>Getty Images Texto determina que o exame seja liberado em 15 minutos O Projeto de Lei 3273\/26 obriga operadoras de [&hellip;]<\/p>\n","protected":false},"author":1,"featured_media":6909,"comment_status":"open","ping_status":"open","sticky":false,"template":"","format":"standard","meta":{"site-sidebar-layout":"default","site-content-layout":"","ast-site-content-layout":"default","site-content-style":"default","site-sidebar-style":"default","ast-global-header-display":"","ast-banner-title-visibility":"","ast-main-header-display":"","ast-hfb-above-header-display":"","ast-hfb-below-header-display":"","ast-hfb-mobile-header-display":"","site-post-title":"","ast-breadcrumbs-content":"","ast-featured-img":"","footer-sml-layout":"","theme-transparent-header-meta":"","adv-header-id-meta":"","stick-header-meta":"","header-above-stick-meta":"","header-main-stick-meta":"","header-below-stick-meta":"","astra-migrate-meta-layouts":"default","ast-page-background-enabled":"default","ast-page-background-meta":{"desktop":{"background-color":"var(--ast-global-color-5)","background-image":"","background-repeat":"repeat","background-position":"center center","background-size":"auto","background-attachment":"scroll","background-type":"","background-media":"","overlay-type":"","overlay-color":"","overlay-opacity":"","overlay-gradient":""},"tablet":{"background-color":"","background-image":"","background-repeat":"repeat","background-position":"center center","background-size":"auto","background-attachment":"scroll","background-type":"","background-media":"","overlay-type":"","overlay-color":"","overlay-opacity":"","overlay-gradient":""},"mobile":{"background-color":"","background-image":"","background-repeat":"repeat","background-position":"center center","background-size":"auto","background-attachment":"scroll","background-type":"","background-media":"","overlay-type":"","overlay-color":"","overlay-opacity":"","overlay-gradient":""}},"ast-content-background-meta":{"desktop":{"background-color":"var(--ast-global-color-4)","background-image":"","background-repeat":"repeat","background-position":"center center","background-size":"auto","background-attachment":"scroll","background-type":"","background-media":"","overlay-type":"","overlay-color":"","overlay-opacity":"","overlay-gradient":""},"tablet":{"background-color":"var(--ast-global-color-4)","background-image":"","background-repeat":"repeat","background-position":"center center","background-size":"auto","background-attachment":"scroll","background-type":"","background-media":"","overlay-type":"","overlay-color":"","overlay-opacity":"","overlay-gradient":""},"mobile":{"background-color":"var(--ast-global-color-4)","background-image":"","background-repeat":"repeat","background-position":"center center","background-size":"auto","background-attachment":"scroll","background-type":"","background-media":"","overlay-type":"","overlay-color":"","overlay-opacity":"","overlay-gradient":""}},"_joinchat":[],"footnotes":""},"categories":[31],"tags":[],"_links":{"self":[{"href":"https:\/\/radiosantaclara.sitetopfm.com.br\/site\/wp-json\/wp\/v2\/posts\/11012"}],"collection":[{"href":"https:\/\/radiosantaclara.sitetopfm.com.br\/site\/wp-json\/wp\/v2\/posts"}],"about":[{"href":"https:\/\/radiosantaclara.sitetopfm.com.br\/site\/wp-json\/wp\/v2\/types\/post"}],"author":[{"embeddable":true,"href":"https:\/\/radiosantaclara.sitetopfm.com.br\/site\/wp-json\/wp\/v2\/users\/1"}],"replies":[{"embeddable":true,"href":"https:\/\/radiosantaclara.sitetopfm.com.br\/site\/wp-json\/wp\/v2\/comments?post=11012"}],"version-history":[{"count":0,"href":"https:\/\/radiosantaclara.sitetopfm.com.br\/site\/wp-json\/wp\/v2\/posts\/11012\/revisions"}],"wp:featuredmedia":[{"embeddable":true,"href":"https:\/\/radiosantaclara.sitetopfm.com.br\/site\/wp-json\/wp\/v2\/media\/6909"}],"wp:attachment":[{"href":"https:\/\/radiosantaclara.sitetopfm.com.br\/site\/wp-json\/wp\/v2\/media?parent=11012"}],"wp:term":[{"taxonomy":"category","embeddable":true,"href":"https:\/\/radiosantaclara.sitetopfm.com.br\/site\/wp-json\/wp\/v2\/categories?post=11012"},{"taxonomy":"post_tag","embeddable":true,"href":"https:\/\/radiosantaclara.sitetopfm.com.br\/site\/wp-json\/wp\/v2\/tags?post=11012"}],"curies":[{"name":"wp","href":"https:\/\/api.w.org\/{rel}","templated":true}]}}