{"id":11009,"date":"2026-08-27T12:59:23","date_gmt":"2026-08-27T15:59:23","guid":{"rendered":"https:\/\/radiosantaclara.sitetopfm.com.br\/site\/comissoes-discutem-multas-ambientais-aplicadas-a-produtores-de-minas-gerais\/"},"modified":"2026-08-27T12:59:23","modified_gmt":"2026-08-27T15:59:23","slug":"comissoes-discutem-multas-ambientais-aplicadas-a-produtores-de-minas-gerais","status":"publish","type":"post","link":"https:\/\/radiosantaclara.sitetopfm.com.br\/site\/comissoes-discutem-multas-ambientais-aplicadas-a-produtores-de-minas-gerais\/","title":{"rendered":"Comiss\u00f5es discutem multas ambientais aplicadas a produtores de Minas Gerais"},"content":{"rendered":"<p> <br \/>\n<\/p>\n<div id=\"image-container-1300677\" class=\"image-container\" style=\"float: none;margin: 45px 0px;width: 100%\" data-midia=\"1300677\">\n<div class=\"midia-creditos\"><em>Depositphotos<\/em><\/div>\n<div class=\"media-wrapper\"><img decoding=\"async\" style=\"width: 100%;height: auto\" src=\"https:\/\/www.camara.leg.br\/midias\/image\/2026\/08\/depositphotos-109202772-xl-768x508.jpg\" alt=\"Gramado e \u00e1rvores em um dia de sol\" \/><\/div>\n<div class=\"midia-legenda\">Produtores rurais mineiros reclamam de multas aplicadas pelo Instituto Chico Mendes<\/div>\n<\/div>\n<p>As comiss\u00f5es de Amaz\u00f4nia e dos Povos Origin\u00e1rios e Tradicionais; de Finan\u00e7as e Tributa\u00e7\u00e3o; e de Integra\u00e7\u00e3o Nacional e Desenvolvimento Regional da C\u00e2mara dos Deputados realizam, nesta ter\u00e7a-feira (1\u00ba), audi\u00eancia p\u00fablica sobre unidades de conserva\u00e7\u00e3o em Minas Gerais.<\/p>\n<p>O debate ser\u00e1 realizado \u00e0s 16 horas, no plen\u00e1rio 4.<\/p>\n<p><a href=\"https:\/\/www.camara.leg.br\/evento-legislativo\/82894\">Veja quem foi convidado<\/a><\/p>\n<p>Os deputados devem discutir os impactos das multas aplicadas pelo Instituto Chico Mendes de Conserva\u00e7\u00e3o da Biodiversidade (ICMBio) a produtores rurais e munic\u00edpios mineiros.<\/p>\n<p>A audi\u00eancia foi sugerida pelo deputado Paulo Guedes (PT-MG). Segundo o parlamentar, as multas s\u00e3o excessivas e desproporcionais \u00e0 gravidade das infra\u00e7\u00f5es e \u00e0 realidade de pequenas e m\u00e9dias propriedades rurais.<\/p>\n<p><strong>Unidades de conserva\u00e7\u00e3o<\/strong><br \/>\nGuedes tamb\u00e9m critica a falta de di\u00e1logo na expans\u00e3o de \u00e1reas protegidas e de\u00a0crit\u00e9rios claros para delimitar \u00e1reas de amortecimento.<\/p>\n<p class=\"PDq2pG_selectionAnchorContainer\" data-start=\"0\" data-end=\"156\">\u00c1reas de amortecimento ambiental s\u00e3o faixas de prote\u00e7\u00e3o ao redor de \u00e1reas naturais importantes, como parques, reservas e outras unidades de conserva\u00e7\u00e3o.\u00a0Elas funcionam como uma esp\u00e9cie de \u201czona de prote\u00e7\u00e3o\u201d entre a \u00e1rea preservada e as atividades que acontecem fora dela.<\/p>\n<p>\u201cEssa inseguran\u00e7a compromete o planejamento de longo prazo de produtores e gestores municipais\u201d, afirma Paulo Guedes.<\/p>\n<p>&nbsp;<\/p>\n<div id=\"infografico-container-1096046\" style=\"width: 100%\"><\/div>\n<p>&nbsp;<\/p>\n<p><br \/>\n<br \/><a href=\"https:\/\/www.camara.leg.br\/noticias\/1300606-comissoes-discutem-multas-ambientais-aplicadas-a-produtores-de-minas-gerais\">postagem original <\/a><\/p>\n","protected":false},"excerpt":{"rendered":"<p>Depositphotos Produtores rurais mineiros reclamam de multas aplicadas pelo Instituto Chico Mendes As comiss\u00f5es de Amaz\u00f4nia e dos Povos Origin\u00e1rios [&hellip;]<\/p>\n","protected":false},"author":1,"featured_media":6909,"comment_status":"open","ping_status":"open","sticky":false,"template":"","format":"standard","meta":{"site-sidebar-layout":"default","site-content-layout":"","ast-site-content-layout":"default","site-content-style":"default","site-sidebar-style":"default","ast-global-header-display":"","ast-banner-title-visibility":"","ast-main-header-display":"","ast-hfb-above-header-display":"","ast-hfb-below-header-display":"","ast-hfb-mobile-header-display":"","site-post-title":"","ast-breadcrumbs-content":"","ast-featured-img":"","footer-sml-layout":"","theme-transparent-header-meta":"","adv-header-id-meta":"","stick-header-meta":"","header-above-stick-meta":"","header-main-stick-meta":"","header-below-stick-meta":"","astra-migrate-meta-layouts":"default","ast-page-background-enabled":"default","ast-page-background-meta":{"desktop":{"background-color":"var(--ast-global-color-5)","background-image":"","background-repeat":"repeat","background-position":"center center","background-size":"auto","background-attachment":"scroll","background-type":"","background-media":"","overlay-type":"","overlay-color":"","overlay-opacity":"","overlay-gradient":""},"tablet":{"background-color":"","background-image":"","background-repeat":"repeat","background-position":"center center","background-size":"auto","background-attachment":"scroll","background-type":"","background-media":"","overlay-type":"","overlay-color":"","overlay-opacity":"","overlay-gradient":""},"mobile":{"background-color":"","background-image":"","background-repeat":"repeat","background-position":"center center","background-size":"auto","background-attachment":"scroll","background-type":"","background-media":"","overlay-type":"","overlay-color":"","overlay-opacity":"","overlay-gradient":""}},"ast-content-background-meta":{"desktop":{"background-color":"var(--ast-global-color-4)","background-image":"","background-repeat":"repeat","background-position":"center center","background-size":"auto","background-attachment":"scroll","background-type":"","background-media":"","overlay-type":"","overlay-color":"","overlay-opacity":"","overlay-gradient":""},"tablet":{"background-color":"var(--ast-global-color-4)","background-image":"","background-repeat":"repeat","background-position":"center center","background-size":"auto","background-attachment":"scroll","background-type":"","background-media":"","overlay-type":"","overlay-color":"","overlay-opacity":"","overlay-gradient":""},"mobile":{"background-color":"var(--ast-global-color-4)","background-image":"","background-repeat":"repeat","background-position":"center center","background-size":"auto","background-attachment":"scroll","background-type":"","background-media":"","overlay-type":"","overlay-color":"","overlay-opacity":"","overlay-gradient":""}},"_joinchat":[],"footnotes":""},"categories":[28],"tags":[],"_links":{"self":[{"href":"https:\/\/radiosantaclara.sitetopfm.com.br\/site\/wp-json\/wp\/v2\/posts\/11009"}],"collection":[{"href":"https:\/\/radiosantaclara.sitetopfm.com.br\/site\/wp-json\/wp\/v2\/posts"}],"about":[{"href":"https:\/\/radiosantaclara.sitetopfm.com.br\/site\/wp-json\/wp\/v2\/types\/post"}],"author":[{"embeddable":true,"href":"https:\/\/radiosantaclara.sitetopfm.com.br\/site\/wp-json\/wp\/v2\/users\/1"}],"replies":[{"embeddable":true,"href":"https:\/\/radiosantaclara.sitetopfm.com.br\/site\/wp-json\/wp\/v2\/comments?post=11009"}],"version-history":[{"count":0,"href":"https:\/\/radiosantaclara.sitetopfm.com.br\/site\/wp-json\/wp\/v2\/posts\/11009\/revisions"}],"wp:featuredmedia":[{"embeddable":true,"href":"https:\/\/radiosantaclara.sitetopfm.com.br\/site\/wp-json\/wp\/v2\/media\/6909"}],"wp:attachment":[{"href":"https:\/\/radiosantaclara.sitetopfm.com.br\/site\/wp-json\/wp\/v2\/media?parent=11009"}],"wp:term":[{"taxonomy":"category","embeddable":true,"href":"https:\/\/radiosantaclara.sitetopfm.com.br\/site\/wp-json\/wp\/v2\/categories?post=11009"},{"taxonomy":"post_tag","embeddable":true,"href":"https:\/\/radiosantaclara.sitetopfm.com.br\/site\/wp-json\/wp\/v2\/tags?post=11009"}],"curies":[{"name":"wp","href":"https:\/\/api.w.org\/{rel}","templated":true}]}}