{"id":11008,"date":"2026-08-27T10:59:58","date_gmt":"2026-08-27T13:59:58","guid":{"rendered":"https:\/\/radiosantaclara.sitetopfm.com.br\/site\/projeto-cria-programa-nacional-para-incentivar-a-producao-de-amendoim\/"},"modified":"2026-08-27T10:59:58","modified_gmt":"2026-08-27T13:59:58","slug":"projeto-cria-programa-nacional-para-incentivar-a-producao-de-amendoim","status":"publish","type":"post","link":"https:\/\/radiosantaclara.sitetopfm.com.br\/site\/projeto-cria-programa-nacional-para-incentivar-a-producao-de-amendoim\/","title":{"rendered":"Projeto cria programa nacional para incentivar a produ\u00e7\u00e3o de amendoim"},"content":{"rendered":"<p> <br \/>\n<\/p>\n<div id=\"\">\n<figure class=\"materia__midia\" style=\"float: none; margin: 24px 0px;\" data-midia=\"1300347\"><img decoding=\"async\" src=\"https:\/\/www.camara.leg.br\/midias\/image\/2026\/08\/amendoin-768x512.jpg\" alt=\"Um punhado de amendoim\"\/><figcaption><span class=\"materia__legenda-imagem\">Deputado ressalta que a cadeia produtiva do amendoim movimenta bilh\u00f5es de reais por ano<\/span> &#8211; <span class=\"materia__creditos-imagem\" style=\"color:#5f5f5e\">Foto: Depositphotos<\/span><\/figcaption><\/figure>\n<p>O Projeto de Lei 3062\/26 institui o Programa Nacional de Desenvolvimento da Cadeia Produtiva do Amendoim (Proamendoim). O programa dever\u00e1 priorizar polos produtores reconhecidos nacionalmente, observando crit\u00e9rios t\u00e9cnicos a serem definidos em regulamento.<\/p>\n<p>Pelo texto, as a\u00e7\u00f5es federais devem estimular o aumento da produtividade e da qualidade do gr\u00e3o. O programa tamb\u00e9m busca gerar empregos e renda nas regi\u00f5es produtoras, al\u00e9m de ampliar a venda do amendoim brasileiro no mercado internacional.<\/p>\n<p>Para alcan\u00e7ar esses objetivos, o governo federal poder\u00e1 criar linhas de cr\u00e9dito especiais para os produtores e cooperativas e prestar apoio financeiro para investimentos em armazenagem, secagem, compra de m\u00e1quinas e uso de energia renov\u00e1vel.<\/p>\n<h3 class=\"ds-titulo-subsecao\">Pol\u00edtica espec\u00edfica<\/h3>\n<p>\n                        O autor, deputado Luiz Carlos Motta (PL-SP), argumenta que a cadeia produtiva do amendoim movimenta bilh\u00f5es de reais por ano, mas ainda n\u00e3o conta com uma pol\u00edtica nacional espec\u00edfica.<\/p>\n<p>Ele explica que a ideia do projeto surgiu a partir de di\u00e1logos com cooperativas e produtores rurais.\u00a0&#8221; Atualmente, produtores e ind\u00fastrias dependem de programas gen\u00e9ricos voltados ao agroneg\u00f3cio, sem instrumentos\u201d, disse.<\/p>\n<p>O estado de S\u00e3o Paulo, respons\u00e1vel pela maior parte da produ\u00e7\u00e3o nacional de amendoim, abriga importantes polos da cadeia produtiva do setor, com destaque para os munic\u00edpios de Tup\u00e3, Jaboticabal, Borborema, Mar\u00edlia, Hercul\u00e2ndia, Quintana, Catanduva e Pindorama.<\/p>\n<h3 class=\"ds-titulo-subsecao\">Pr\u00f3ximas etapas<\/h3>\n<p>A proposta ser\u00e1 analisada, em <span id=\"4322\" class=\"termoGlossario materia__glossario\" title=\"Rito de tramita\u00e7\u00e3o pelo qual o projeto \u00e9 votado apenas pelas comiss\u00f5es designadas para analis\u00e1-lo, dispensada a delibera\u00e7\u00e3o do Plen\u00e1rio. O projeto perde o car\u00e1ter conclusivo se houver decis\u00e3o divergente entre as comiss\u00f5es ou se, independentemente de ser aprovado ou rejeitado, houver recurso assinado por 52 deputados para a aprecia\u00e7\u00e3o da mat\u00e9ria no Plen\u00e1rio.\" contenteditable=\"false\" data-toggle=\"tooltip\" data-placement=\"top\" style=\"color:#5f5f5e;border-bottom:none\">car\u00e1ter conclusivo<\/span>, pelas comiss\u00f5es de Agricultura, Pecu\u00e1ria, Abastecimento e Desenvolvimento Rural; de Finan\u00e7as e Tributa\u00e7\u00e3o; e de Constitui\u00e7\u00e3o e Justi\u00e7a e de Cidadania.<\/p>\n<p>Para virar lei, o texto deve ser aprovado pela C\u00e2mara e pelo Senado.<\/p>\n<p><a href=\"https:\/\/www.camara.leg.br\/noticias\/573454-SAIBA-MAIS-SOBRE-A-TRAMITACAO-DE-PROJETOS-DE-LEI\">Saiba mais sobre a tramita\u00e7\u00e3o de projetos de lei<\/a><\/p>\n<\/p><\/div>\n<p><br \/>\n<br \/><a href=\"https:\/\/www.camara.leg.br\/noticias\/1299552-projeto-cria-programa-nacional-para-incentivar-a-producao-de-amendoim\">postagem original <\/a><\/p>\n","protected":false},"excerpt":{"rendered":"<p>Deputado ressalta que a cadeia produtiva do amendoim movimenta bilh\u00f5es de reais por ano &#8211; Foto: Depositphotos O Projeto de [&hellip;]<\/p>\n","protected":false},"author":1,"featured_media":6909,"comment_status":"open","ping_status":"open","sticky":false,"template":"","format":"standard","meta":{"site-sidebar-layout":"default","site-content-layout":"","ast-site-content-layout":"default","site-content-style":"default","site-sidebar-style":"default","ast-global-header-display":"","ast-banner-title-visibility":"","ast-main-header-display":"","ast-hfb-above-header-display":"","ast-hfb-below-header-display":"","ast-hfb-mobile-header-display":"","site-post-title":"","ast-breadcrumbs-content":"","ast-featured-img":"","footer-sml-layout":"","theme-transparent-header-meta":"","adv-header-id-meta":"","stick-header-meta":"","header-above-stick-meta":"","header-main-stick-meta":"","header-below-stick-meta":"","astra-migrate-meta-layouts":"default","ast-page-background-enabled":"default","ast-page-background-meta":{"desktop":{"background-color":"var(--ast-global-color-5)","background-image":"","background-repeat":"repeat","background-position":"center center","background-size":"auto","background-attachment":"scroll","background-type":"","background-media":"","overlay-type":"","overlay-color":"","overlay-opacity":"","overlay-gradient":""},"tablet":{"background-color":"","background-image":"","background-repeat":"repeat","background-position":"center center","background-size":"auto","background-attachment":"scroll","background-type":"","background-media":"","overlay-type":"","overlay-color":"","overlay-opacity":"","overlay-gradient":""},"mobile":{"background-color":"","background-image":"","background-repeat":"repeat","background-position":"center center","background-size":"auto","background-attachment":"scroll","background-type":"","background-media":"","overlay-type":"","overlay-color":"","overlay-opacity":"","overlay-gradient":""}},"ast-content-background-meta":{"desktop":{"background-color":"var(--ast-global-color-4)","background-image":"","background-repeat":"repeat","background-position":"center center","background-size":"auto","background-attachment":"scroll","background-type":"","background-media":"","overlay-type":"","overlay-color":"","overlay-opacity":"","overlay-gradient":""},"tablet":{"background-color":"var(--ast-global-color-4)","background-image":"","background-repeat":"repeat","background-position":"center center","background-size":"auto","background-attachment":"scroll","background-type":"","background-media":"","overlay-type":"","overlay-color":"","overlay-opacity":"","overlay-gradient":""},"mobile":{"background-color":"var(--ast-global-color-4)","background-image":"","background-repeat":"repeat","background-position":"center center","background-size":"auto","background-attachment":"scroll","background-type":"","background-media":"","overlay-type":"","overlay-color":"","overlay-opacity":"","overlay-gradient":""}},"_joinchat":[],"footnotes":""},"categories":[35],"tags":[],"_links":{"self":[{"href":"https:\/\/radiosantaclara.sitetopfm.com.br\/site\/wp-json\/wp\/v2\/posts\/11008"}],"collection":[{"href":"https:\/\/radiosantaclara.sitetopfm.com.br\/site\/wp-json\/wp\/v2\/posts"}],"about":[{"href":"https:\/\/radiosantaclara.sitetopfm.com.br\/site\/wp-json\/wp\/v2\/types\/post"}],"author":[{"embeddable":true,"href":"https:\/\/radiosantaclara.sitetopfm.com.br\/site\/wp-json\/wp\/v2\/users\/1"}],"replies":[{"embeddable":true,"href":"https:\/\/radiosantaclara.sitetopfm.com.br\/site\/wp-json\/wp\/v2\/comments?post=11008"}],"version-history":[{"count":0,"href":"https:\/\/radiosantaclara.sitetopfm.com.br\/site\/wp-json\/wp\/v2\/posts\/11008\/revisions"}],"wp:featuredmedia":[{"embeddable":true,"href":"https:\/\/radiosantaclara.sitetopfm.com.br\/site\/wp-json\/wp\/v2\/media\/6909"}],"wp:attachment":[{"href":"https:\/\/radiosantaclara.sitetopfm.com.br\/site\/wp-json\/wp\/v2\/media?parent=11008"}],"wp:term":[{"taxonomy":"category","embeddable":true,"href":"https:\/\/radiosantaclara.sitetopfm.com.br\/site\/wp-json\/wp\/v2\/categories?post=11008"},{"taxonomy":"post_tag","embeddable":true,"href":"https:\/\/radiosantaclara.sitetopfm.com.br\/site\/wp-json\/wp\/v2\/tags?post=11008"}],"curies":[{"name":"wp","href":"https:\/\/api.w.org\/{rel}","templated":true}]}}