{"id":11007,"date":"2026-08-27T10:36:51","date_gmt":"2026-08-27T13:36:51","guid":{"rendered":"https:\/\/radiosantaclara.sitetopfm.com.br\/site\/projeto-anistia-pais-processados-ou-punidos-por-adotar-o-ensino-domiciliar\/"},"modified":"2026-08-27T10:36:51","modified_gmt":"2026-08-27T13:36:51","slug":"projeto-anistia-pais-processados-ou-punidos-por-adotar-o-ensino-domiciliar","status":"publish","type":"post","link":"https:\/\/radiosantaclara.sitetopfm.com.br\/site\/projeto-anistia-pais-processados-ou-punidos-por-adotar-o-ensino-domiciliar\/","title":{"rendered":"Projeto anistia pais processados ou punidos por adotar o ensino domiciliar"},"content":{"rendered":"<p> <br \/>\n<\/p>\n<div id=\"\">\n<figure class=\"materia__midia\" style=\"float: none; margin: 24px 0px;\" data-midia=\"1300621\"><img decoding=\"async\" src=\"https:\/\/www.camara.leg.br\/midias\/image\/2026\/08\/img20210422153702363-768x512.jpg\" alt=\"Educa\u00e7\u00e3o - geral - homeschooling - crian\u00e7a estuda em casa - educa\u00e7\u00e3o domiciliar\"\/><figcaption><span class=\"materia__legenda-imagem\">Anistia n\u00e3o ser\u00e1 concedida nos casos em que houver comprova\u00e7\u00e3o de viol\u00eancia<\/span> &#8211; <span class=\"materia__creditos-imagem\" style=\"color:#5f5f5e\">Foto: Depositphotos<\/span><\/figcaption><\/figure>\n<p>O Projeto de Lei 2577\/26 concede anistia a pais e respons\u00e1veis que respondem a processos ou foram punidos administrativa, civil ou criminalmente exclusivamente por adotarem o ensino domiciliar (<em>homeschooling<\/em>).<\/p>\n<p>A proposta est\u00e1 em an\u00e1lise na C\u00e2mara dos Deputados.<\/p>\n<p>Pelo texto, a anistia n\u00e3o ser\u00e1 concedida nos casos em que houver comprova\u00e7\u00e3o de viol\u00eancia f\u00edsica ou psicol\u00f3gica, maus-tratos ou neglig\u00eancia grave contra crian\u00e7as e adolescentes. O benef\u00edcio tamb\u00e9m fica proibido se os pais tiverem deliberadamente privado o filho do acesso \u00e0 alfabetiza\u00e7\u00e3o ou aos conte\u00fados b\u00e1sicos de ensino.<\/p>\n<p>A medida garante o cancelamento dos registros de antecedentes criminais relacionados aos fatos e suspende os efeitos de multas e de decis\u00f5es judiciais c\u00edveis.<\/p>\n<p>De acordo com a autora, deputada Caroline de Toni (PL-SC), a proposta busca reparar situa\u00e7\u00f5es de inseguran\u00e7a jur\u00eddica enfrentadas por fam\u00edlias que \u201coferecem educa\u00e7\u00e3o de alto n\u00edvel aos filhos\u201d.<\/p>\n<p>Ela afirma que o Supremo Tribunal Federal (STF) reconheceu que o ensino domiciliar n\u00e3o viola a Constitui\u00e7\u00e3o Federal. &#8220;Se a Suprema Corte reconheceu que a pr\u00e1tica n\u00e3o afronta a Constitui\u00e7\u00e3o, torna-se impens\u00e1vel que inst\u00e2ncias inferiores imponham condena\u00e7\u00f5es criminais ou san\u00e7\u00f5es civis a fam\u00edlias que optaram por esse modelo&#8221;, afirma a deputada.<\/p>\n<p>Em abril de 2025, o STF decidiu que o ensino domiciliar n\u00e3o \u00e9 proibido pela Constitui\u00e7\u00e3o, mas por falta de uma lei federal espec\u00edfica, os pais n\u00e3o podem substituir a escola regular.<\/p>\n<h3 class=\"ds-titulo-subsecao\">Pr\u00f3ximas etapas<\/h3>\n<p>A proposta ser\u00e1 analisada pelas comiss\u00f5es de Educa\u00e7\u00e3o; de Previd\u00eancia, Assist\u00eancia Social, Inf\u00e2ncia, Adolesc\u00eancia e Fam\u00edlia; e de Constitui\u00e7\u00e3o e Justi\u00e7a e de Cidadania e depois pelo Plen\u00e1rio.<\/p>\n<p>Para virar lei, o texto deve ser aprovado pela C\u00e2mara e pelo Senado.<\/p>\n<p><a href=\"https:\/\/www.camara.leg.br\/noticias\/573454-SAIBA-MAIS-SOBRE-A-TRAMITACAO-DE-PROJETOS-DE-LEI\">Saiba mais sobre a tramita\u00e7\u00e3o de projetos de lei<\/a><\/p>\n<\/p><\/div>\n<p><br \/>\n<br \/><a href=\"https:\/\/www.camara.leg.br\/noticias\/1296188-projeto-anistia-pais-processados-ou-punidos-por-adotar-o-ensino-domiciliar\">postagem original <\/a><\/p>\n","protected":false},"excerpt":{"rendered":"<p>Anistia n\u00e3o ser\u00e1 concedida nos casos em que houver comprova\u00e7\u00e3o de viol\u00eancia &#8211; Foto: Depositphotos O Projeto de Lei 2577\/26 [&hellip;]<\/p>\n","protected":false},"author":1,"featured_media":6909,"comment_status":"open","ping_status":"open","sticky":false,"template":"","format":"standard","meta":{"site-sidebar-layout":"default","site-content-layout":"","ast-site-content-layout":"default","site-content-style":"default","site-sidebar-style":"default","ast-global-header-display":"","ast-banner-title-visibility":"","ast-main-header-display":"","ast-hfb-above-header-display":"","ast-hfb-below-header-display":"","ast-hfb-mobile-header-display":"","site-post-title":"","ast-breadcrumbs-content":"","ast-featured-img":"","footer-sml-layout":"","theme-transparent-header-meta":"","adv-header-id-meta":"","stick-header-meta":"","header-above-stick-meta":"","header-main-stick-meta":"","header-below-stick-meta":"","astra-migrate-meta-layouts":"default","ast-page-background-enabled":"default","ast-page-background-meta":{"desktop":{"background-color":"var(--ast-global-color-5)","background-image":"","background-repeat":"repeat","background-position":"center center","background-size":"auto","background-attachment":"scroll","background-type":"","background-media":"","overlay-type":"","overlay-color":"","overlay-opacity":"","overlay-gradient":""},"tablet":{"background-color":"","background-image":"","background-repeat":"repeat","background-position":"center center","background-size":"auto","background-attachment":"scroll","background-type":"","background-media":"","overlay-type":"","overlay-color":"","overlay-opacity":"","overlay-gradient":""},"mobile":{"background-color":"","background-image":"","background-repeat":"repeat","background-position":"center center","background-size":"auto","background-attachment":"scroll","background-type":"","background-media":"","overlay-type":"","overlay-color":"","overlay-opacity":"","overlay-gradient":""}},"ast-content-background-meta":{"desktop":{"background-color":"var(--ast-global-color-4)","background-image":"","background-repeat":"repeat","background-position":"center center","background-size":"auto","background-attachment":"scroll","background-type":"","background-media":"","overlay-type":"","overlay-color":"","overlay-opacity":"","overlay-gradient":""},"tablet":{"background-color":"var(--ast-global-color-4)","background-image":"","background-repeat":"repeat","background-position":"center center","background-size":"auto","background-attachment":"scroll","background-type":"","background-media":"","overlay-type":"","overlay-color":"","overlay-opacity":"","overlay-gradient":""},"mobile":{"background-color":"var(--ast-global-color-4)","background-image":"","background-repeat":"repeat","background-position":"center center","background-size":"auto","background-attachment":"scroll","background-type":"","background-media":"","overlay-type":"","overlay-color":"","overlay-opacity":"","overlay-gradient":""}},"_joinchat":[],"footnotes":""},"categories":[36],"tags":[],"_links":{"self":[{"href":"https:\/\/radiosantaclara.sitetopfm.com.br\/site\/wp-json\/wp\/v2\/posts\/11007"}],"collection":[{"href":"https:\/\/radiosantaclara.sitetopfm.com.br\/site\/wp-json\/wp\/v2\/posts"}],"about":[{"href":"https:\/\/radiosantaclara.sitetopfm.com.br\/site\/wp-json\/wp\/v2\/types\/post"}],"author":[{"embeddable":true,"href":"https:\/\/radiosantaclara.sitetopfm.com.br\/site\/wp-json\/wp\/v2\/users\/1"}],"replies":[{"embeddable":true,"href":"https:\/\/radiosantaclara.sitetopfm.com.br\/site\/wp-json\/wp\/v2\/comments?post=11007"}],"version-history":[{"count":0,"href":"https:\/\/radiosantaclara.sitetopfm.com.br\/site\/wp-json\/wp\/v2\/posts\/11007\/revisions"}],"wp:featuredmedia":[{"embeddable":true,"href":"https:\/\/radiosantaclara.sitetopfm.com.br\/site\/wp-json\/wp\/v2\/media\/6909"}],"wp:attachment":[{"href":"https:\/\/radiosantaclara.sitetopfm.com.br\/site\/wp-json\/wp\/v2\/media?parent=11007"}],"wp:term":[{"taxonomy":"category","embeddable":true,"href":"https:\/\/radiosantaclara.sitetopfm.com.br\/site\/wp-json\/wp\/v2\/categories?post=11007"},{"taxonomy":"post_tag","embeddable":true,"href":"https:\/\/radiosantaclara.sitetopfm.com.br\/site\/wp-json\/wp\/v2\/tags?post=11007"}],"curies":[{"name":"wp","href":"https:\/\/api.w.org\/{rel}","templated":true}]}}