{"id":11006,"date":"2026-08-27T10:08:32","date_gmt":"2026-08-27T13:08:32","guid":{"rendered":"https:\/\/radiosantaclara.sitetopfm.com.br\/site\/deputados-sao-eleitos-pelo-voto-proporcional-entenda-a-logica-desse-sistema\/"},"modified":"2026-08-27T10:08:32","modified_gmt":"2026-08-27T13:08:32","slug":"deputados-sao-eleitos-pelo-voto-proporcional-entenda-a-logica-desse-sistema","status":"publish","type":"post","link":"https:\/\/radiosantaclara.sitetopfm.com.br\/site\/deputados-sao-eleitos-pelo-voto-proporcional-entenda-a-logica-desse-sistema\/","title":{"rendered":"Deputados s\u00e3o eleitos pelo voto proporcional; entenda a l\u00f3gica desse sistema"},"content":{"rendered":"<p> <br \/>\n<\/p>\n<div id=\"\">\n<figure class=\"materia__midia\" style=\"float: none; margin: 24px 0px;\" data-midia=\"1300602\"><img decoding=\"async\" src=\"https:\/\/www.camara.leg.br\/midias\/image\/2026\/08\/img20221003084713183-768x576.jpg\" alt=\"Elei\u00e7\u00f5es - elei\u00e7\u00e3o Eleitores votam no 1\u00ba turno em se\u00e7\u00e3o eleitoral no Col\u00e9gio Maria Raythe, na Tijuca, zona norte da cidade.\"\/><figcaption><span class=\"materia__legenda-imagem\">Voto dado a candidato tamb\u00e9m conta como voto no partido<\/span> &#8211; <span class=\"materia__creditos-imagem\" style=\"color:#5f5f5e\">Foto: Fernando Fraz\u00e3o\/Ag\u00eancia Brasil<\/span><\/figcaption><\/figure>\n<p>Nas elei\u00e7\u00f5es de 2026, ser\u00e3o eleitos o presidente da Rep\u00fablica, deputados federais e senadores, em \u00e2mbito federal, e, nos estados, os governadores e deputados estaduais (ou distritais, no caso do Distrito Federal).<\/p>\n<p>Para presidente da Rep\u00fablica, governadores e senadores, a elei\u00e7\u00e3o \u00e9 majorit\u00e1ria. Mas as regras s\u00e3o diferentes. Para presidente e governador, \u00e9 preciso obter mais da metade dos votos v\u00e1lidos. Se ningu\u00e9m conseguir, h\u00e1 segundo turno entre os dois mais votados. Para o Senado, s\u00e3o eleitos os candidatos mais votados.<\/p>\n<h3 class=\"ds-titulo-subsecao\">Sistema proporcional<\/h3>\n<p>\n                        Para eleger deputados federais, estaduais, distritais e vereadores, o sistema \u00e9 proporcional \u2013 e descobrir quem foi eleito envolve um c\u00e1lculo um pouco mais complexo.<\/p>\n<p>Para entender, \u00e9 preciso saber que, nesse tipo de elei\u00e7\u00e3o, o voto que voc\u00ea d\u00e1 a um candidato tamb\u00e9m conta como voto no partido. Dois ou mais partidos podem formar uma <span id=\"4135\" class=\"termoGlossario materia__glossario\" title=\"Sistema proposto para substituir as coliga\u00e7\u00f5es partid\u00e1rias nas elei\u00e7\u00f5es para vereador e deputado estadual, distrital e federal. Segundo esse sistema, dois ou mais partidos, reunidos em uma federa\u00e7\u00e3o constitu\u00edda at\u00e9 quatro meses antes das elei\u00e7\u00f5es e registrada no Tribunal Superior Eleitoral, passam a atuar como se fossem uma \u00fanica agremia\u00e7\u00e3o partid\u00e1ria, devendo permanecer a ela filiados por, no m\u00ednimo, tr\u00eas anos.\" contenteditable=\"false\" data-toggle=\"tooltip\" data-placement=\"top\" style=\"color:#5f5f5e;border-bottom:none\">federa\u00e7\u00e3o<\/span> e, na elei\u00e7\u00e3o proporcional, seus votos s\u00e3o somados.<\/p>\n<h3 class=\"ds-titulo-subsecao\">Quociente eleitoral<\/h3>\n<p>\n                        A l\u00f3gica desse sistema \u00e9 que cada partido ou federa\u00e7\u00e3o elege um n\u00famero de candidatos a deputado proporcional ao total de votos recebidos pelos seus candidatos a deputado e pela pr\u00f3pria legenda. Essa \u00e9 a ideia por tr\u00e1s do <span id=\"4537\" class=\"termoGlossario materia__glossario\" title=\"O quociente eleitoral \u00e9 encontrado pela divis\u00e3o do total de votos v\u00e1lidos pelo n\u00famero de vagas de uma determinada circunscri\u00e7\u00e3o eleitoral.\" contenteditable=\"false\" data-toggle=\"tooltip\" data-placement=\"top\" style=\"color:#5f5f5e;border-bottom:none\">quociente eleitoral<\/span>.<\/p>\n<p>Considerando que um determinado estado tem 10 vagas na C\u00e2mara dos Deputados e que o total de votos v\u00e1lidos foi de 100 mil, isso significa que cada lugar &#8220;custa&#8221; 10 mil votos. Votos em branco e nulos n\u00e3o influenciam o resultado da elei\u00e7\u00e3o.<\/p>\n<ul>\n<li>100 mil votos v\u00e1lidos \u00f7 10 lugares na C\u00e2mara = 10 mil votos (quociente eleitoral do estado)<\/li>\n<\/ul>\n<p>O n\u00famero de votos de cada partido, dividido pelo quociente eleitoral, indica quantas vagas cada partido tem direito, desprezada a fra\u00e7\u00e3o. Esse n\u00famero \u00e9 chamado de <span id=\"4316\" class=\"termoGlossario materia__glossario\" title=\"N\u00famero que indica quantos candidatos de um partido foram eleitos, de acordo com o n\u00famero de votos v\u00e1lidos. Esse quociente \u00e9 encontrado pela divis\u00e3o dos votos v\u00e1lidos dados \u00e0 legenda pelo quociente eleitoral. O quociente eleitoral, por sua vez, \u00e9 encontrado pela divis\u00e3o do total de votos v\u00e1lidos pelo n\u00famero de vagas de uma determinada circunscri\u00e7\u00e3o eleitoral.\" contenteditable=\"false\" data-toggle=\"tooltip\" data-placement=\"top\" style=\"color:#5f5f5e;border-bottom:none\">quociente partid\u00e1rio<\/span>.<\/p>\n<ul>\n<li>Ent\u00e3o, se o Partido X teve 26 mil votos, tem direito a duas vagas \u2013 com 10 mil votos por vaga.<\/li>\n<\/ul>\n<h3 class=\"ds-titulo-subsecao\">Distribui\u00e7\u00e3o de sobras<\/h3>\n<p>O consultor legislativo da C\u00e2mara dos Deputados Roberto Pontes lembra que nem sempre a divis\u00e3o das vagas resulta em um n\u00famero exato.<\/p>\n<p>\u201cPrimeiro eu calculo os n\u00fameros inteiros, mas n\u00e3o distribuo todas as vagas. A\u00ed sobram algumas vagas. Ent\u00e3o \u00e9 usado um outro conjunto de f\u00f3rmulas para fazer a distribui\u00e7\u00e3o das sobras, chamado m\u00e9todo das maiores m\u00e9dias\u201d, explica.<\/p>\n<p>A distribui\u00e7\u00e3o das sobras \u00e9 feita em etapas e acess\u00edvel a todos os partidos que participem do pleito:<\/p>\n<ul>\n<li>Primeiro participam das sobras partidos\/federa\u00e7\u00f5es com pelo menos 80% do quociente eleitoral e candidatos com pelo menos 20% deste mesmo quociente;<\/li>\n<li>Depois, as cadeiras restantes podem ser distribu\u00eddas entre todos os partidos e federa\u00e7\u00f5es participantes, independentemente desses limites.<\/li>\n<\/ul>\n<h3 class=\"ds-titulo-subsecao\">Traduzir a diversidade<\/h3>\n<p>Pontes explica que h\u00e1 uma l\u00f3gica no sistema proporcional, que \u00e9 a de tentar traduzir a diversidade da sociedade no Parlamento.<\/p>\n<p>\u201cSe uma determinada corrente [de pensamento] representa 10% da sociedade,\u00a0 ter\u00e1 uma representa\u00e7\u00e3o de 10% nas cadeiras; se [representa] 20% dos votos, 20% das cadeiras. Essa \u00e9 a l\u00f3gica do sistema proporcional&#8221;, disse.<\/p>\n<h3 class=\"ds-titulo-subsecao\">Mais votos pode significar mais cadeiras<\/h3>\n<p>No sistema proporcional, nem sempre o mais votado \u00e9 eleito, pois \u00e9 necess\u00e1rio somar os votos de candidatos e partidos e dividi-los pelo n\u00famero de cadeiras em disputa naquele estado.<\/p>\n<p>Quanto mais candidatos fortes, mais votos \u2013 e, portanto, mais cadeiras o partido ou federa\u00e7\u00e3o pode conquistar. Esse trabalho conjunto \u00e9 importante. Tradicionalmente, poucos s\u00e3o os candidatos que conseguem atingir, sozinhos, o quociente eleitoral.<\/p>\n<p>As vagas conquistadas pelo partido ou pela federa\u00e7\u00e3o s\u00e3o ocupadas pelos candidatos mais votados da legenda, desde que cumpram o quociente m\u00ednimo exigido.<\/p>\n<p>No exemplo, com quociente eleitoral de 10 mil votos, um candidato precisa receber pelo menos mil votos para ocupar uma vaga obtida pelo quociente partid\u00e1rio. Assim, candidatos com 18 mil e 2 mil votos poderiam ocupar as duas vagas.<\/p>\n<p>Para evitar que candidatos com pouqu\u00edssimos votos sejam eleitos, em 2015 foi criada a cl\u00e1usula de barreira individual \u2013 que mant\u00e9m a transfer\u00eancia de votos, mas obriga cada candidato a obter, sozinho, votos equivalentes a pelo menos 10% do quociente eleitoral.<\/p>\n<h3 class=\"ds-titulo-subsecao\">Puxador de votos<\/h3>\n<p>O cientista pol\u00edtico da Universidade de Bras\u00edlia (UnB) Murilo Medeiros explica que o voto no Brasil \u00e9 muito personalista, o que faz com que o eleitor v\u00e1 \u00e0s urnas e escolha um indiv\u00edduo, n\u00e3o a agenda program\u00e1tica. Por isso h\u00e1 o fen\u00f4meno do puxador de votos.<\/p>\n<p>\u201cO puxador de votos funciona como uma locomotiva eleitoral. Ele entra na elei\u00e7\u00e3o para vencer nas urnas, mas tamb\u00e9m para carregar consigo outros nomes da legenda&#8221;, informa.<\/p>\n<p>&#8220;Por isso, os partidos costumam recrutar celebridades, lideran\u00e7as religiosas, influenciadores e l\u00edderes de peso no \u00e2mbito regional pensando nessa l\u00f3gica do puxador de votos\u201d, ressalta.<\/p>\n<h3 class=\"ds-titulo-subsecao\">Mais representatividade<\/h3>\n<p>Com o tempo, foram criadas regras destinadas a reduzir a fragmenta\u00e7\u00e3o partid\u00e1ria e estimular partidos com representa\u00e7\u00e3o nacional.<\/p>\n<p>A <a href=\"https:\/\/www2.camara.leg.br\/legin\/fed\/emecon\/2017\/emendaconstitucional-97-4-outubro-2017-785543-norma-pl.html\">Emenda Constitucional 97<\/a>, promulgada em 2017, criou uma cl\u00e1usula de desempenho aplicada a partir das elei\u00e7\u00f5es de 2018. Os partidos que n\u00e3o atingem os requisitos deixam de ter acesso aos recursos do <span id=\"4278\" class=\"termoGlossario materia__glossario\" title=\"Fundo especial de assist\u00eancia financeira aos partidos pol\u00edticos, que tenham seu estatuto registrado no Tribunal Superior Eleitoral e presta\u00e7\u00e3o de contas regular perante a Justi\u00e7a Eleitoral. \u00c9 constitu\u00eddo por recursos p\u00fablicos e particulares.\" contenteditable=\"false\" data-toggle=\"tooltip\" data-placement=\"top\" style=\"color:#5f5f5e;border-bottom:none\">Fundo Partid\u00e1rio<\/span> e ao acesso gratuito ao r\u00e1dio e \u00e0 televis\u00e3o previsto na Constitui\u00e7\u00e3o.<\/p>\n<p>A regra tamb\u00e9m estimulou alian\u00e7as mais permanentes entre legendas. As federa\u00e7\u00f5es partid\u00e1rias foram criadas em 2021 e permitem que dois ou mais partidos atuem como uma \u00fanica agremia\u00e7\u00e3o por pelo menos quatro anos, embora cada partido mantenha sua identidade.<\/p>\n<p>\u201cA matem\u00e1tica da elei\u00e7\u00e3o \u00e9 profundamente partid\u00e1ria. Um deputado que \u00e9 eleito, que chega ao Congresso, fica submetido a uma bancada parlamentar. Ele fica ref\u00e9m da l\u00f3gica partid\u00e1ria no exerc\u00edcio de seu mandato&#8221;, diz Medeiros.<\/p>\n<p>&#8220;Por isso, \u00e9 muito importante que o eleitor conhe\u00e7a a fundo quais ideias, quais princ\u00edpios regem a agenda program\u00e1tica do partido pol\u00edtico ao qual o seu candidato est\u00e1 filiado\u201d, conclui o cientista pol\u00edtico.<\/p>\n<h3 class=\"ds-titulo-subsecao\">Cl\u00e1usula de desempenho<\/h3>\n<p>\n                        A cl\u00e1usula de desempenho vem sendo implantada em etapas e atingir\u00e1 os crit\u00e9rios previstos para sua \u00faltima etapa nas elei\u00e7\u00f5es de 2030.<\/p>\n<p>Em 2026, um partido dever\u00e1 obter pelo menos 2,5% dos votos v\u00e1lidos para a C\u00e2mara dos Deputados, distribu\u00eddos em pelo menos um ter\u00e7o das unidades da Federa\u00e7\u00e3o, com no m\u00ednimo 1,5% dos votos v\u00e1lidos em cada uma delas.<\/p>\n<p>Como alternativa, poder\u00e1 eleger pelo menos 13 deputados federais, tamb\u00e9m distribu\u00eddos por pelo menos um ter\u00e7o das unidades da Federa\u00e7\u00e3o.<\/p>\n<p>Nas elei\u00e7\u00f5es de 2030, a exig\u00eancia nacional subir\u00e1 para 3% dos votos v\u00e1lidos, com pelo menos 2% em um ter\u00e7o das unidades da Federa\u00e7\u00e3o.<\/p>\n<p>A alternativa ser\u00e1 eleger pelo menos 15 deputados federais, distribu\u00eddos por um ter\u00e7o das unidades da Federa\u00e7\u00e3o.<\/p>\n<\/p><\/div>\n<p><br \/>\n<br \/><a href=\"https:\/\/www.camara.leg.br\/noticias\/1300504-deputados-sao-eleitos-pelo-voto-proporcional-entenda-a-logica-desse-sistema\">postagem original <\/a><\/p>\n","protected":false},"excerpt":{"rendered":"<p>Voto dado a candidato tamb\u00e9m conta como voto no partido &#8211; Foto: Fernando Fraz\u00e3o\/Ag\u00eancia Brasil Nas elei\u00e7\u00f5es de 2026, ser\u00e3o [&hellip;]<\/p>\n","protected":false},"author":1,"featured_media":6909,"comment_status":"open","ping_status":"open","sticky":false,"template":"","format":"standard","meta":{"site-sidebar-layout":"default","site-content-layout":"","ast-site-content-layout":"default","site-content-style":"default","site-sidebar-style":"default","ast-global-header-display":"","ast-banner-title-visibility":"","ast-main-header-display":"","ast-hfb-above-header-display":"","ast-hfb-below-header-display":"","ast-hfb-mobile-header-display":"","site-post-title":"","ast-breadcrumbs-content":"","ast-featured-img":"","footer-sml-layout":"","theme-transparent-header-meta":"","adv-header-id-meta":"","stick-header-meta":"","header-above-stick-meta":"","header-main-stick-meta":"","header-below-stick-meta":"","astra-migrate-meta-layouts":"default","ast-page-background-enabled":"default","ast-page-background-meta":{"desktop":{"background-color":"var(--ast-global-color-5)","background-image":"","background-repeat":"repeat","background-position":"center center","background-size":"auto","background-attachment":"scroll","background-type":"","background-media":"","overlay-type":"","overlay-color":"","overlay-opacity":"","overlay-gradient":""},"tablet":{"background-color":"","background-image":"","background-repeat":"repeat","background-position":"center center","background-size":"auto","background-attachment":"scroll","background-type":"","background-media":"","overlay-type":"","overlay-color":"","overlay-opacity":"","overlay-gradient":""},"mobile":{"background-color":"","background-image":"","background-repeat":"repeat","background-position":"center center","background-size":"auto","background-attachment":"scroll","background-type":"","background-media":"","overlay-type":"","overlay-color":"","overlay-opacity":"","overlay-gradient":""}},"ast-content-background-meta":{"desktop":{"background-color":"var(--ast-global-color-4)","background-image":"","background-repeat":"repeat","background-position":"center center","background-size":"auto","background-attachment":"scroll","background-type":"","background-media":"","overlay-type":"","overlay-color":"","overlay-opacity":"","overlay-gradient":""},"tablet":{"background-color":"var(--ast-global-color-4)","background-image":"","background-repeat":"repeat","background-position":"center center","background-size":"auto","background-attachment":"scroll","background-type":"","background-media":"","overlay-type":"","overlay-color":"","overlay-opacity":"","overlay-gradient":""},"mobile":{"background-color":"var(--ast-global-color-4)","background-image":"","background-repeat":"repeat","background-position":"center center","background-size":"auto","background-attachment":"scroll","background-type":"","background-media":"","overlay-type":"","overlay-color":"","overlay-opacity":"","overlay-gradient":""}},"_joinchat":[],"footnotes":""},"categories":[27],"tags":[],"_links":{"self":[{"href":"https:\/\/radiosantaclara.sitetopfm.com.br\/site\/wp-json\/wp\/v2\/posts\/11006"}],"collection":[{"href":"https:\/\/radiosantaclara.sitetopfm.com.br\/site\/wp-json\/wp\/v2\/posts"}],"about":[{"href":"https:\/\/radiosantaclara.sitetopfm.com.br\/site\/wp-json\/wp\/v2\/types\/post"}],"author":[{"embeddable":true,"href":"https:\/\/radiosantaclara.sitetopfm.com.br\/site\/wp-json\/wp\/v2\/users\/1"}],"replies":[{"embeddable":true,"href":"https:\/\/radiosantaclara.sitetopfm.com.br\/site\/wp-json\/wp\/v2\/comments?post=11006"}],"version-history":[{"count":0,"href":"https:\/\/radiosantaclara.sitetopfm.com.br\/site\/wp-json\/wp\/v2\/posts\/11006\/revisions"}],"wp:featuredmedia":[{"embeddable":true,"href":"https:\/\/radiosantaclara.sitetopfm.com.br\/site\/wp-json\/wp\/v2\/media\/6909"}],"wp:attachment":[{"href":"https:\/\/radiosantaclara.sitetopfm.com.br\/site\/wp-json\/wp\/v2\/media?parent=11006"}],"wp:term":[{"taxonomy":"category","embeddable":true,"href":"https:\/\/radiosantaclara.sitetopfm.com.br\/site\/wp-json\/wp\/v2\/categories?post=11006"},{"taxonomy":"post_tag","embeddable":true,"href":"https:\/\/radiosantaclara.sitetopfm.com.br\/site\/wp-json\/wp\/v2\/tags?post=11006"}],"curies":[{"name":"wp","href":"https:\/\/api.w.org\/{rel}","templated":true}]}}