{"id":11005,"date":"2026-08-27T02:08:53","date_gmt":"2026-08-27T05:08:53","guid":{"rendered":"https:\/\/radiosantaclara.sitetopfm.com.br\/site\/projeto-incentiva-reserva-de-vagas-para-jovens-em-contratos-com-o-setor-publico\/"},"modified":"2026-08-27T02:08:53","modified_gmt":"2026-08-27T05:08:53","slug":"projeto-incentiva-reserva-de-vagas-para-jovens-em-contratos-com-o-setor-publico","status":"publish","type":"post","link":"https:\/\/radiosantaclara.sitetopfm.com.br\/site\/projeto-incentiva-reserva-de-vagas-para-jovens-em-contratos-com-o-setor-publico\/","title":{"rendered":"Projeto incentiva reserva de vagas para jovens em contratos com o setor p\u00fablico"},"content":{"rendered":"<p> <br \/>\n<\/p>\n<div id=\"\">\n<figure class=\"materia__midia\" style=\"float: none; margin: 24px 0px;\" data-midia=\"1300268\"><img decoding=\"async\" src=\"https:\/\/www.camara.leg.br\/midias\/image\/2026\/08\/img20210825144547703-768x512.jpg\" alt=\"jovem estudante universit\u00e1rio professor inform\u00e1tica tecnologia ensino a dist\u00e2ncia tecnologia da educa\u00e7\u00e3o programa\u00e7\u00e3o de computador\"\/><figcaption><span class=\"materia__legenda-imagem\">Medida \u00e9 voltada para quem busca o primeiro emprego<\/span> &#8211; <span class=\"materia__creditos-imagem\" style=\"color:#5f5f5e\">Foto: Depositphotos<\/span><\/figcaption><\/figure>\n<p>O Projeto de Lei 2706\/26 estabelece que \u00f3rg\u00e3os p\u00fablicos podem exigir de empresas contratadas a reserva de vagas para jovens entre 18 e 29 anos. A medida \u00e9 voltada para quem busca o primeiro emprego e deve ser aplicada em contratos de presta\u00e7\u00e3o de servi\u00e7os cont\u00ednuos que usem, principalmente, m\u00e3o de obra. O texto altera a <a href=\"https:\/\/www2.camara.leg.br\/legin\/fed\/lei\/2021\/lei-14133-1-abril-2021-791222-norma-pl.html\">Lei de Licita\u00e7\u00f5es e Contratos Administrativos<\/a>.<\/p>\n<p>A porcentagem de vagas reservadas ser\u00e1 definida no edital de cada licita\u00e7\u00e3o, levando em conta a natureza do servi\u00e7o e a facilidade de realizar o trabalho.<\/p>\n<p>Ter\u00e3o prioridade nas vagas: jovens de fam\u00edlias de baixa renda; estudantes ou ex-alunos da rede p\u00fablica; e moradores de regi\u00f5es com altos \u00edndices de desemprego juvenil.<\/p>\n<p>As empresas contratadas poder\u00e3o, ainda, desenvolver a\u00e7\u00f5es de treinamento b\u00e1sico e firmar parcerias com escolas t\u00e9cnicas e universidades para qualificar esses jovens.<\/p>\n<p>O autor, o deputado licenciado Ribeiro Neto (MA), afirma que a falta de experi\u00eancia pr\u00e9via cria um ciclo de exclus\u00e3o para a juventude. \u201cA aus\u00eancia do primeiro emprego compromete n\u00e3o apenas a autonomia financeira da juventude, mas tamb\u00e9m suas perspectivas de qualifica\u00e7\u00e3o profissional, mobilidade social e participa\u00e7\u00e3o econ\u00f4mica\u201d, justifica Ribeiro Neto.<\/p>\n<h3 class=\"ds-titulo-subsecao\">Pr\u00f3ximas etapas<\/h3>\n<p>A proposta ser\u00e1 analisada, em <span id=\"4322\" class=\"termoGlossario materia__glossario\" title=\"Rito de tramita\u00e7\u00e3o pelo qual o projeto \u00e9 votado apenas pelas comiss\u00f5es designadas para analis\u00e1-lo, dispensada a delibera\u00e7\u00e3o do Plen\u00e1rio. O projeto perde o car\u00e1ter conclusivo se houver decis\u00e3o divergente entre as comiss\u00f5es ou se, independentemente de ser aprovado ou rejeitado, houver recurso assinado por 52 deputados para a aprecia\u00e7\u00e3o da mat\u00e9ria no Plen\u00e1rio.\" contenteditable=\"false\" data-toggle=\"tooltip\" data-placement=\"top\" style=\"color:#5f5f5e;border-bottom:none\">car\u00e1ter conclusivo<\/span>, pelas comiss\u00f5es de Trabalho; de Finan\u00e7as e Tributa\u00e7\u00e3o; e de Constitui\u00e7\u00e3o e Justi\u00e7a e de Cidadania.<\/p>\n<p>Para virar lei, o texto deve ser aprovado pela C\u00e2mara e pelo Senado.<\/p>\n<p><a href=\"https:\/\/www.camara.leg.br\/noticias\/573454-SAIBA-MAIS-SOBRE-A-TRAMITACAO-DE-PROJETOS-DE-LEI\">Saiba mais sobre a tramita\u00e7\u00e3o de projetos de lei<\/a><\/p>\n<\/p><\/div>\n<p><br \/>\n<br \/><a href=\"https:\/\/www.camara.leg.br\/noticias\/1295027-projeto-incentiva-reserva-de-vagas-para-jovens-em-contratos-com-o-setor-publico\">postagem original <\/a><\/p>\n","protected":false},"excerpt":{"rendered":"<p>Medida \u00e9 voltada para quem busca o primeiro emprego &#8211; Foto: Depositphotos O Projeto de Lei 2706\/26 estabelece que \u00f3rg\u00e3os [&hellip;]<\/p>\n","protected":false},"author":1,"featured_media":6909,"comment_status":"open","ping_status":"open","sticky":false,"template":"","format":"standard","meta":{"site-sidebar-layout":"default","site-content-layout":"","ast-site-content-layout":"default","site-content-style":"default","site-sidebar-style":"default","ast-global-header-display":"","ast-banner-title-visibility":"","ast-main-header-display":"","ast-hfb-above-header-display":"","ast-hfb-below-header-display":"","ast-hfb-mobile-header-display":"","site-post-title":"","ast-breadcrumbs-content":"","ast-featured-img":"","footer-sml-layout":"","theme-transparent-header-meta":"","adv-header-id-meta":"","stick-header-meta":"","header-above-stick-meta":"","header-main-stick-meta":"","header-below-stick-meta":"","astra-migrate-meta-layouts":"default","ast-page-background-enabled":"default","ast-page-background-meta":{"desktop":{"background-color":"var(--ast-global-color-5)","background-image":"","background-repeat":"repeat","background-position":"center center","background-size":"auto","background-attachment":"scroll","background-type":"","background-media":"","overlay-type":"","overlay-color":"","overlay-opacity":"","overlay-gradient":""},"tablet":{"background-color":"","background-image":"","background-repeat":"repeat","background-position":"center center","background-size":"auto","background-attachment":"scroll","background-type":"","background-media":"","overlay-type":"","overlay-color":"","overlay-opacity":"","overlay-gradient":""},"mobile":{"background-color":"","background-image":"","background-repeat":"repeat","background-position":"center center","background-size":"auto","background-attachment":"scroll","background-type":"","background-media":"","overlay-type":"","overlay-color":"","overlay-opacity":"","overlay-gradient":""}},"ast-content-background-meta":{"desktop":{"background-color":"var(--ast-global-color-4)","background-image":"","background-repeat":"repeat","background-position":"center center","background-size":"auto","background-attachment":"scroll","background-type":"","background-media":"","overlay-type":"","overlay-color":"","overlay-opacity":"","overlay-gradient":""},"tablet":{"background-color":"var(--ast-global-color-4)","background-image":"","background-repeat":"repeat","background-position":"center center","background-size":"auto","background-attachment":"scroll","background-type":"","background-media":"","overlay-type":"","overlay-color":"","overlay-opacity":"","overlay-gradient":""},"mobile":{"background-color":"var(--ast-global-color-4)","background-image":"","background-repeat":"repeat","background-position":"center center","background-size":"auto","background-attachment":"scroll","background-type":"","background-media":"","overlay-type":"","overlay-color":"","overlay-opacity":"","overlay-gradient":""}},"_joinchat":[],"footnotes":""},"categories":[36],"tags":[],"_links":{"self":[{"href":"https:\/\/radiosantaclara.sitetopfm.com.br\/site\/wp-json\/wp\/v2\/posts\/11005"}],"collection":[{"href":"https:\/\/radiosantaclara.sitetopfm.com.br\/site\/wp-json\/wp\/v2\/posts"}],"about":[{"href":"https:\/\/radiosantaclara.sitetopfm.com.br\/site\/wp-json\/wp\/v2\/types\/post"}],"author":[{"embeddable":true,"href":"https:\/\/radiosantaclara.sitetopfm.com.br\/site\/wp-json\/wp\/v2\/users\/1"}],"replies":[{"embeddable":true,"href":"https:\/\/radiosantaclara.sitetopfm.com.br\/site\/wp-json\/wp\/v2\/comments?post=11005"}],"version-history":[{"count":0,"href":"https:\/\/radiosantaclara.sitetopfm.com.br\/site\/wp-json\/wp\/v2\/posts\/11005\/revisions"}],"wp:featuredmedia":[{"embeddable":true,"href":"https:\/\/radiosantaclara.sitetopfm.com.br\/site\/wp-json\/wp\/v2\/media\/6909"}],"wp:attachment":[{"href":"https:\/\/radiosantaclara.sitetopfm.com.br\/site\/wp-json\/wp\/v2\/media?parent=11005"}],"wp:term":[{"taxonomy":"category","embeddable":true,"href":"https:\/\/radiosantaclara.sitetopfm.com.br\/site\/wp-json\/wp\/v2\/categories?post=11005"},{"taxonomy":"post_tag","embeddable":true,"href":"https:\/\/radiosantaclara.sitetopfm.com.br\/site\/wp-json\/wp\/v2\/tags?post=11005"}],"curies":[{"name":"wp","href":"https:\/\/api.w.org\/{rel}","templated":true}]}}