{"id":11004,"date":"2026-08-26T23:26:43","date_gmt":"2026-08-27T02:26:43","guid":{"rendered":"https:\/\/radiosantaclara.sitetopfm.com.br\/site\/projeto-exige-ponto-de-apoio-para-manutencao-de-ar-condicionado-em-predios\/"},"modified":"2026-08-26T23:26:43","modified_gmt":"2026-08-27T02:26:43","slug":"projeto-exige-ponto-de-apoio-para-manutencao-de-ar-condicionado-em-predios","status":"publish","type":"post","link":"https:\/\/radiosantaclara.sitetopfm.com.br\/site\/projeto-exige-ponto-de-apoio-para-manutencao-de-ar-condicionado-em-predios\/","title":{"rendered":"Projeto exige ponto de apoio para manuten\u00e7\u00e3o de ar-condicionado em pr\u00e9dios"},"content":{"rendered":"<p> <br \/>\n<\/p>\n<div id=\"\">\n<figure class=\"materia__midia\" style=\"float: none; margin: 24px 0px;\" data-midia=\"1300329\"><img decoding=\"async\" src=\"https:\/\/www.camara.leg.br\/midias\/image\/2026\/08\/foto-trabalhador-altura-768x512.jpg\" alt=\"Fotografia vista de cima mostra um trabalhador em altura, usando capacete branco, uniforme azul e cinto de seguran\u00e7a preso por cordas e mosquet\u00f5es. Ele trabalha na parte externa de um edif\u00edcio, segurando uma estrutura met\u00e1lica junto \u00e0 fachada. Ao fundo, v\u00e1rios metros abaixo, aparecem cal\u00e7ada, \u00e1rvores, postes e ve\u00edculos.\"\/><figcaption><span class=\"materia__legenda-imagem\">Medida visa garantir a seguran\u00e7a de profissionais<\/span> &#8211; <span class=\"materia__creditos-imagem\" style=\"color:#5f5f5e\">Foto: Depositphotos<\/span><\/figcaption><\/figure>\n<p>O Projeto de Lei 2576\/26 estabelece a obrigatoriedade de instala\u00e7\u00e3o de pontos de ancoragem e sistemas permanentes de prote\u00e7\u00e3o contra quedas em edifica\u00e7\u00f5es. A medida visa garantir a seguran\u00e7a de profissionais que realizam a instala\u00e7\u00e3o e o reparo de sistemas de climatiza\u00e7\u00e3o e refrigera\u00e7\u00e3o em altura.<\/p>\n<p>Pela proposta, os novos empreendimentos imobili\u00e1rios dever\u00e3o prever esses sistemas de seguran\u00e7a j\u00e1 nos projetos estruturais e arquitet\u00f4nicos. J\u00e1 os condom\u00ednios e os propriet\u00e1rios de pr\u00e9dios existentes ter\u00e3o o prazo de cinco anos para fazer as adapta\u00e7\u00f5es necess\u00e1rias.<\/p>\n<p>O autor do projeto, deputado Coronel Meira (PL-PE), afirma que milhares de t\u00e9cnicos de ar-condicionado trabalham diariamente em condi\u00e7\u00f5es de risco elevado. Segundo ele, a falta de infraestrutura predial adequada em fachadas e coberturas aumenta significativamente o risco de acidentes graves.<\/p>\n<p>\u201cA inexist\u00eancia de legisla\u00e7\u00e3o federal clara sobre o tema obriga trabalhadores a atuarem sem a prote\u00e7\u00e3o necess\u00e1ria contra quedas\u201d, justifica.<\/p>\n<p>A justificativa que acompanha o projeto cita diversos casos reais de mortes de t\u00e9cnicos de refrigera\u00e7\u00e3o que ca\u00edram de pr\u00e9dios enquanto realizavam manuten\u00e7\u00e3o nos \u00faltimos anos.<\/p>\n<p>Os sistemas de prote\u00e7\u00e3o dever\u00e3o seguir as normas t\u00e9cnicas da ABNT e as regras de seguran\u00e7a e sa\u00fade no trabalho.<\/p>\n<h3 class=\"ds-titulo-subsecao\">Pr\u00f3ximas etapas<\/h3>\n<p>A proposta ser\u00e1 analisada, em <span id=\"4322\" class=\"termoGlossario materia__glossario\" title=\"Rito de tramita\u00e7\u00e3o pelo qual o projeto \u00e9 votado apenas pelas comiss\u00f5es designadas para analis\u00e1-lo, dispensada a delibera\u00e7\u00e3o do Plen\u00e1rio. O projeto perde o car\u00e1ter conclusivo se houver decis\u00e3o divergente entre as comiss\u00f5es ou se, independentemente de ser aprovado ou rejeitado, houver recurso assinado por 52 deputados para a aprecia\u00e7\u00e3o da mat\u00e9ria no Plen\u00e1rio.\" contenteditable=\"false\" data-toggle=\"tooltip\" data-placement=\"top\" style=\"color:#5f5f5e;border-bottom:none\">car\u00e1ter conclusivo<\/span>, pelas comiss\u00f5es de Desenvolvimento Urbano; e de Constitui\u00e7\u00e3o e Justi\u00e7a e de Cidadania.<\/p>\n<p>Para virar lei, o texto deve ser aprovado pela C\u00e2mara e pelo Senado.<\/p>\n<p><a href=\"https:\/\/www.camara.leg.br\/noticias\/573454-SAIBA-MAIS-SOBRE-A-TRAMITACAO-DE-PROJETOS-DE-LEIhttps:\/\/www.camara.leg.br\/noticias\/573454-SAIBA-MAIS-SOBRE-A-TRAMITACAO-DE-PROJETOS-DE-LEI\">Saiba mais sobre a tramita\u00e7\u00e3o de projetos de lei<\/a><\/p>\n<\/p><\/div>\n<p><br \/>\n<br \/><a href=\"https:\/\/www.camara.leg.br\/noticias\/1296152-projeto-exige-ponto-de-apoio-para-manutencao-de-ar-condicionado-em-predios\">postagem original <\/a><\/p>\n","protected":false},"excerpt":{"rendered":"<p>Medida visa garantir a seguran\u00e7a de profissionais &#8211; Foto: Depositphotos O Projeto de Lei 2576\/26 estabelece a obrigatoriedade de instala\u00e7\u00e3o [&hellip;]<\/p>\n","protected":false},"author":1,"featured_media":6909,"comment_status":"open","ping_status":"open","sticky":false,"template":"","format":"standard","meta":{"site-sidebar-layout":"default","site-content-layout":"","ast-site-content-layout":"default","site-content-style":"default","site-sidebar-style":"default","ast-global-header-display":"","ast-banner-title-visibility":"","ast-main-header-display":"","ast-hfb-above-header-display":"","ast-hfb-below-header-display":"","ast-hfb-mobile-header-display":"","site-post-title":"","ast-breadcrumbs-content":"","ast-featured-img":"","footer-sml-layout":"","theme-transparent-header-meta":"","adv-header-id-meta":"","stick-header-meta":"","header-above-stick-meta":"","header-main-stick-meta":"","header-below-stick-meta":"","astra-migrate-meta-layouts":"default","ast-page-background-enabled":"default","ast-page-background-meta":{"desktop":{"background-color":"var(--ast-global-color-5)","background-image":"","background-repeat":"repeat","background-position":"center center","background-size":"auto","background-attachment":"scroll","background-type":"","background-media":"","overlay-type":"","overlay-color":"","overlay-opacity":"","overlay-gradient":""},"tablet":{"background-color":"","background-image":"","background-repeat":"repeat","background-position":"center center","background-size":"auto","background-attachment":"scroll","background-type":"","background-media":"","overlay-type":"","overlay-color":"","overlay-opacity":"","overlay-gradient":""},"mobile":{"background-color":"","background-image":"","background-repeat":"repeat","background-position":"center center","background-size":"auto","background-attachment":"scroll","background-type":"","background-media":"","overlay-type":"","overlay-color":"","overlay-opacity":"","overlay-gradient":""}},"ast-content-background-meta":{"desktop":{"background-color":"var(--ast-global-color-4)","background-image":"","background-repeat":"repeat","background-position":"center center","background-size":"auto","background-attachment":"scroll","background-type":"","background-media":"","overlay-type":"","overlay-color":"","overlay-opacity":"","overlay-gradient":""},"tablet":{"background-color":"var(--ast-global-color-4)","background-image":"","background-repeat":"repeat","background-position":"center center","background-size":"auto","background-attachment":"scroll","background-type":"","background-media":"","overlay-type":"","overlay-color":"","overlay-opacity":"","overlay-gradient":""},"mobile":{"background-color":"var(--ast-global-color-4)","background-image":"","background-repeat":"repeat","background-position":"center center","background-size":"auto","background-attachment":"scroll","background-type":"","background-media":"","overlay-type":"","overlay-color":"","overlay-opacity":"","overlay-gradient":""}},"_joinchat":[],"footnotes":""},"categories":[36],"tags":[],"_links":{"self":[{"href":"https:\/\/radiosantaclara.sitetopfm.com.br\/site\/wp-json\/wp\/v2\/posts\/11004"}],"collection":[{"href":"https:\/\/radiosantaclara.sitetopfm.com.br\/site\/wp-json\/wp\/v2\/posts"}],"about":[{"href":"https:\/\/radiosantaclara.sitetopfm.com.br\/site\/wp-json\/wp\/v2\/types\/post"}],"author":[{"embeddable":true,"href":"https:\/\/radiosantaclara.sitetopfm.com.br\/site\/wp-json\/wp\/v2\/users\/1"}],"replies":[{"embeddable":true,"href":"https:\/\/radiosantaclara.sitetopfm.com.br\/site\/wp-json\/wp\/v2\/comments?post=11004"}],"version-history":[{"count":0,"href":"https:\/\/radiosantaclara.sitetopfm.com.br\/site\/wp-json\/wp\/v2\/posts\/11004\/revisions"}],"wp:featuredmedia":[{"embeddable":true,"href":"https:\/\/radiosantaclara.sitetopfm.com.br\/site\/wp-json\/wp\/v2\/media\/6909"}],"wp:attachment":[{"href":"https:\/\/radiosantaclara.sitetopfm.com.br\/site\/wp-json\/wp\/v2\/media?parent=11004"}],"wp:term":[{"taxonomy":"category","embeddable":true,"href":"https:\/\/radiosantaclara.sitetopfm.com.br\/site\/wp-json\/wp\/v2\/categories?post=11004"},{"taxonomy":"post_tag","embeddable":true,"href":"https:\/\/radiosantaclara.sitetopfm.com.br\/site\/wp-json\/wp\/v2\/tags?post=11004"}],"curies":[{"name":"wp","href":"https:\/\/api.w.org\/{rel}","templated":true}]}}