{"id":11003,"date":"2026-08-26T21:22:21","date_gmt":"2026-08-27T00:22:21","guid":{"rendered":"https:\/\/radiosantaclara.sitetopfm.com.br\/site\/candidaturas-para-mandatos-coletivos-crescem-nas-eleicoes-mas-modelo-ainda-carece-de-regulamentacao\/"},"modified":"2026-08-26T21:22:21","modified_gmt":"2026-08-27T00:22:21","slug":"candidaturas-para-mandatos-coletivos-crescem-nas-eleicoes-mas-modelo-ainda-carece-de-regulamentacao","status":"publish","type":"post","link":"https:\/\/radiosantaclara.sitetopfm.com.br\/site\/candidaturas-para-mandatos-coletivos-crescem-nas-eleicoes-mas-modelo-ainda-carece-de-regulamentacao\/","title":{"rendered":"Candidaturas para mandatos coletivos crescem nas elei\u00e7\u00f5es, mas modelo ainda carece de regulamenta\u00e7\u00e3o"},"content":{"rendered":"<p> <br \/>\n<\/p>\n<div id=\"\">\n<figure class=\"materia__midia\" style=\"float: none; margin: 24px 0px;\" data-midia=\"1256673\"><img decoding=\"async\" src=\"https:\/\/www.camara.leg.br\/midias\/image\/2026\/03\/img20170906143917527572-768x501.jpg\" alt=\"Direitos Humanos - mulheres - negros negras etnias afrodescendentes preconceitos minorias racismo machismo feminismo\"\/><figcaption><span class=\"materia__legenda-imagem\">Em 2024, 54% das candidaturas coletivas eram lideradas por mulheres e 59% eram formadas por pessoas negras<\/span> &#8211; <span class=\"materia__creditos-imagem\" style=\"color:#5f5f5e\">Foto: Ant\u00f4nio Cruz\/Ag\u00eancia Brasil<\/span><\/figcaption><\/figure>\n<p>Um novo relat\u00f3rio do Instituto de Estudos Socioecon\u00f4micos (Inesc), que ser\u00e1 divulgado em setembro, aponta o crescimento das candidaturas a mandatos coletivos nas elei\u00e7\u00f5es de 2026.<\/p>\n<p>A Justi\u00e7a Eleitoral permite apenas que a condi\u00e7\u00e3o coletiva seja indicada no nome de urna do candidato. Atualmente, a legisla\u00e7\u00e3o brasileira n\u00e3o prev\u00ea a divis\u00e3o formal do mandato parlamentar: perante a lei, apenas a pessoa registrada \u00e9 diplomada e responde por todas as atribui\u00e7\u00f5es do cargo.<\/p>\n<p>Em 2022, o Inesc mapeou 79 candidaturas coletivas a deputado federal a partir da busca por 44 termos correlatos, como \u201ccoletivo\u201d, \u201cperiferia\u201d e \u201ccodeputado\u201d. Em 2026, considerando apenas as palavras \u201ccoletivo\u201d e \u201ccoletiva\u201d, j\u00e1 foram identificadas 25 candidaturas.<\/p>\n<p>Para a assessora pol\u00edtica do Inesc Carmela Zigoni, a proposta desses grupos \u00e9 valorizar a constru\u00e7\u00e3o conjunta de decis\u00f5es e ampliar a representatividade popular.<\/p>\n<p>\u201cAs decis\u00f5es ser\u00e3o tomadas por mais de uma pessoa, haver\u00e1 um debate sobre as decis\u00f5es a serem tomadas no mandato. Ent\u00e3o, nesse sentido, seria mais democr\u00e1tico&#8221;.<\/p>\n<p>Zigoni alerta, entretanto, para algumas contradi\u00e7\u00f5es verificadas nessas candidaturas. &#8220;H\u00e1 mandatos que se elegem como coletivos e depois se dissolvem por diverg\u00eancias pol\u00edticas; o que tamb\u00e9m \u00e9 democr\u00e1tico porque ningu\u00e9m \u00e9 obrigado a seguir junto.\u201d<\/p>\n<figure class=\"materia__midia\" style=\"float: none; margin: 24px 0px;\" data-midia=\"1300513\"><img decoding=\"async\" src=\"https:\/\/www.camara.leg.br\/midias\/image\/2026\/08\/img20230802154352239-768x473.jpg\" alt=\"Audi\u00eancia P\u00fablica - Aumento dos casos de viol\u00eancia contra as mulheres no Brasil. Representante - Instituto de Estudos Socioecon\u00f4micos- Inesc, Carmela Zigoni\"\/><figcaption><span class=\"materia__legenda-imagem\">Carmela Zigoni: objetivo dessas candidaturas \u00e9 ampliar a representatividade popular<\/span> &#8211; <span class=\"materia__creditos-imagem\" style=\"color:#5f5f5e\">Foto: Vinicius Loures\/C\u00e2mara dos Deputados<\/span><\/figcaption><\/figure>\n<p>O deputado Pastor Henrique Vieira (Psol-RJ) avalia que os mandatos compartilhados colaboram para o fortalecimento do debate program\u00e1tico na pol\u00edtica.<\/p>\n<p>\u201cTemos que caminhar muito, amadurecer a nossa democracia para que os debates sejam cada vez mais sobre ideias, causas e projetos do que sobre indiv\u00edduos isoladamente.\u201d<\/p>\n<h3 class=\"ds-titulo-subsecao\">Perfil das candidaturas<\/h3>\n<p>Levantamento do instituto sobre as elei\u00e7\u00f5es municipais de 2024 destacou o perfil representativo desse formato:<\/p>\n<ul>\n<li>54% das chapas eram lideradas por mulheres;<\/li>\n<li>59% eram formadas por pessoas negras;<\/li>\n<li>maior concentra\u00e7\u00e3o nas regi\u00f5es Sudeste e Nordeste, predominantemente em partidos de esquerda;<\/li>\n<li>no pleito municipal de 2024, o total de candidaturas coletivas foi de 280, superando as 215 registradas nas elei\u00e7\u00f5es gerais de 2022.<\/li>\n<\/ul>\n<h3 class=\"ds-titulo-subsecao\">Debate legislativo<\/h3>\n<p>O Congresso Nacional analisa propostas para regulamentar a atua\u00e7\u00e3o compartilhada de parlamentares. Durante a vota\u00e7\u00e3o da minirreforma eleitoral (<a href=\"https:\/\/www.camara.leg.br\/noticias\/997923-CAMARA-CONCLUI-VOTACAO-DO-PROJETO-DE-LEI-DA-MINIRREFORMA-ELEITORAL\">PL 4438\/23<\/a>), em 2023, o Plen\u00e1rio da C\u00e2mara dos Deputados rejeitou um dispositivo que previa a legaliza\u00e7\u00e3o das candidaturas coletivas.<\/p>\n<\/p><\/div>\n<p><br \/>\n<br \/><a href=\"https:\/\/www.camara.leg.br\/noticias\/1300503-candidaturas-para-mandatos-coletivos-crescem-nas-eleicoes-mas-modelo-ainda-carece-de-regulamentacao\">postagem original <\/a><\/p>\n","protected":false},"excerpt":{"rendered":"<p>Em 2024, 54% das candidaturas coletivas eram lideradas por mulheres e 59% eram formadas por pessoas negras &#8211; Foto: Ant\u00f4nio [&hellip;]<\/p>\n","protected":false},"author":1,"featured_media":6909,"comment_status":"open","ping_status":"open","sticky":false,"template":"","format":"standard","meta":{"site-sidebar-layout":"default","site-content-layout":"","ast-site-content-layout":"default","site-content-style":"default","site-sidebar-style":"default","ast-global-header-display":"","ast-banner-title-visibility":"","ast-main-header-display":"","ast-hfb-above-header-display":"","ast-hfb-below-header-display":"","ast-hfb-mobile-header-display":"","site-post-title":"","ast-breadcrumbs-content":"","ast-featured-img":"","footer-sml-layout":"","theme-transparent-header-meta":"","adv-header-id-meta":"","stick-header-meta":"","header-above-stick-meta":"","header-main-stick-meta":"","header-below-stick-meta":"","astra-migrate-meta-layouts":"default","ast-page-background-enabled":"default","ast-page-background-meta":{"desktop":{"background-color":"var(--ast-global-color-5)","background-image":"","background-repeat":"repeat","background-position":"center center","background-size":"auto","background-attachment":"scroll","background-type":"","background-media":"","overlay-type":"","overlay-color":"","overlay-opacity":"","overlay-gradient":""},"tablet":{"background-color":"","background-image":"","background-repeat":"repeat","background-position":"center center","background-size":"auto","background-attachment":"scroll","background-type":"","background-media":"","overlay-type":"","overlay-color":"","overlay-opacity":"","overlay-gradient":""},"mobile":{"background-color":"","background-image":"","background-repeat":"repeat","background-position":"center center","background-size":"auto","background-attachment":"scroll","background-type":"","background-media":"","overlay-type":"","overlay-color":"","overlay-opacity":"","overlay-gradient":""}},"ast-content-background-meta":{"desktop":{"background-color":"var(--ast-global-color-4)","background-image":"","background-repeat":"repeat","background-position":"center center","background-size":"auto","background-attachment":"scroll","background-type":"","background-media":"","overlay-type":"","overlay-color":"","overlay-opacity":"","overlay-gradient":""},"tablet":{"background-color":"var(--ast-global-color-4)","background-image":"","background-repeat":"repeat","background-position":"center center","background-size":"auto","background-attachment":"scroll","background-type":"","background-media":"","overlay-type":"","overlay-color":"","overlay-opacity":"","overlay-gradient":""},"mobile":{"background-color":"var(--ast-global-color-4)","background-image":"","background-repeat":"repeat","background-position":"center center","background-size":"auto","background-attachment":"scroll","background-type":"","background-media":"","overlay-type":"","overlay-color":"","overlay-opacity":"","overlay-gradient":""}},"_joinchat":[],"footnotes":""},"categories":[36],"tags":[],"_links":{"self":[{"href":"https:\/\/radiosantaclara.sitetopfm.com.br\/site\/wp-json\/wp\/v2\/posts\/11003"}],"collection":[{"href":"https:\/\/radiosantaclara.sitetopfm.com.br\/site\/wp-json\/wp\/v2\/posts"}],"about":[{"href":"https:\/\/radiosantaclara.sitetopfm.com.br\/site\/wp-json\/wp\/v2\/types\/post"}],"author":[{"embeddable":true,"href":"https:\/\/radiosantaclara.sitetopfm.com.br\/site\/wp-json\/wp\/v2\/users\/1"}],"replies":[{"embeddable":true,"href":"https:\/\/radiosantaclara.sitetopfm.com.br\/site\/wp-json\/wp\/v2\/comments?post=11003"}],"version-history":[{"count":0,"href":"https:\/\/radiosantaclara.sitetopfm.com.br\/site\/wp-json\/wp\/v2\/posts\/11003\/revisions"}],"wp:featuredmedia":[{"embeddable":true,"href":"https:\/\/radiosantaclara.sitetopfm.com.br\/site\/wp-json\/wp\/v2\/media\/6909"}],"wp:attachment":[{"href":"https:\/\/radiosantaclara.sitetopfm.com.br\/site\/wp-json\/wp\/v2\/media?parent=11003"}],"wp:term":[{"taxonomy":"category","embeddable":true,"href":"https:\/\/radiosantaclara.sitetopfm.com.br\/site\/wp-json\/wp\/v2\/categories?post=11003"},{"taxonomy":"post_tag","embeddable":true,"href":"https:\/\/radiosantaclara.sitetopfm.com.br\/site\/wp-json\/wp\/v2\/tags?post=11003"}],"curies":[{"name":"wp","href":"https:\/\/api.w.org\/{rel}","templated":true}]}}