{"id":11001,"date":"2026-08-26T19:18:29","date_gmt":"2026-08-26T22:18:29","guid":{"rendered":"https:\/\/radiosantaclara.sitetopfm.com.br\/site\/eleicoes-2026-mulheres-representam-528-do-eleitorado-e-numero-de-votantes-idosos-cresce\/"},"modified":"2026-08-26T19:18:29","modified_gmt":"2026-08-26T22:18:29","slug":"eleicoes-2026-mulheres-representam-528-do-eleitorado-e-numero-de-votantes-idosos-cresce","status":"publish","type":"post","link":"https:\/\/radiosantaclara.sitetopfm.com.br\/site\/eleicoes-2026-mulheres-representam-528-do-eleitorado-e-numero-de-votantes-idosos-cresce\/","title":{"rendered":"Elei\u00e7\u00f5es 2026: mulheres representam 52,8% do eleitorado e n\u00famero de votantes idosos cresce"},"content":{"rendered":"<p> <br \/>\n<\/p>\n<div id=\"\">\n<figure class=\"materia__midia\" style=\"float: none; margin: 24px 0px;\" data-midia=\"1207841\"><img decoding=\"async\" src=\"https:\/\/www.camara.leg.br\/midias\/image\/2025\/10\/img20221003091421280-768x512.jpg\" alt=\"Elei\u00e7\u00f5es - Elei\u00e7\u00e3o - eleitor - vota\u00e7\u00e3o - col\u00e9gio eleitoral\"\/><figcaption><span class=\"materia__legenda-imagem\">Envelhecimento populacional ter\u00e1 impacto nas campanhas, avalim especialistas<\/span> &#8211; <span class=\"materia__creditos-imagem\" style=\"color:#5f5f5e\">Foto: Pedro Fran\u00e7a\/Ag\u00eancia Senado<\/span><\/figcaption><\/figure>\n<p>As mulheres s\u00e3o a maioria do eleitorado brasileiro para as Elei\u00e7\u00f5es 2026, representando 52,84% dos 158.745.463 cidad\u00e3os aptos a votar em outubro. O percentual feminino teve um acr\u00e9scimo de 0,2 ponto percentual na compara\u00e7\u00e3o com as elei\u00e7\u00f5es gerais de 2022.<\/p>\n<p>Por faixa et\u00e1ria, o maior contingente individual tem entre 40 e 44 anos (10,08% do total), mas nos \u00faltimos quatro anos, mais de 4,5 milh\u00f5es de brasileiros ingressaram na faixa com mais de 60 anos. Com isso, a participa\u00e7\u00e3o das pessoas idosas subiu de 21,02% para 23,60% do eleitorado. O grupo com mais de 70 anos \u2013 cujo voto \u00e9 facultativo \u2013 re\u00fane cerca de 15 milh\u00f5es de votantes.<\/p>\n<p>O cientista pol\u00edtico Carlos Oliveira avalia que o interesse pelos temas coletivos se mant\u00e9m com o avan\u00e7o da idade. \u201cPessoas que j\u00e1 tinham muito interesse por pol\u00edtica, pessoas que se viam representadas, continuam tentando participar da democracia por meio do voto.\u201d<\/p>\n<p>Para a coordenadora do Laborat\u00f3rio de Partidos, Elei\u00e7\u00f5es e Pol\u00edtica P\u00fablica Comparada da Universidade Federal do Rio de Janeiro (UFRJ), Mayra Goulart, o envelhecimento populacional tende a impactar as campanhas.<\/p>\n<p>\u201cAs pessoas est\u00e3o chegando mais saud\u00e1veis, mais ativas, a uma idade mais avan\u00e7ada. Isso tem mudado o perfil do eleitorado para incorporar uma parcela cada vez mais significativa de pessoas mais velhas, alterando a oferta de discursos e de pol\u00edticas p\u00fablicas por parte das lideran\u00e7as.\u201d<\/p>\n<figure class=\"materia__midia\" style=\"float: none; margin: 24px 0px;\" data-midia=\"1181118\"><img decoding=\"async\" src=\"https:\/\/www.camara.leg.br\/midias\/image\/2025\/07\/img20190617120308516-768x528.jpg\" alt=\"Direitos Humanos - jovens - redes sociais juventude amigos adolescentes celulares smartphones\"\/><figcaption><span class=\"materia__legenda-imagem\">Maior absten\u00e7\u00e3o ocorre entre jovens<\/span> &#8211; <span class=\"materia__creditos-imagem\" style=\"color:#5f5f5e\">Foto: Alexandre Carvalho\/A2img\/Governo de S\u00e3o Paulo<\/span><\/figcaption><\/figure>\n<h3 class=\"ds-titulo-subsecao\">Eleitorado jovem<\/h3>\n<p>Entre os jovens de 21 a 34 anos, a participa\u00e7\u00e3o caiu de 28,01% para 25,85%. J\u00e1 no grupo de 16 e 17 anos, cujo voto \u00e9 facultativo, a propor\u00e7\u00e3o de t\u00edtulos emitidos recuou 14,52%.<\/p>\n<p>Carlos Oliveira explica que o engajamento familiar \u00e9 determinante para a emiss\u00e3o do t\u00edtulo na adolesc\u00eancia. \u201cSe a fam\u00edlia e os colegas s\u00e3o engajados politicamente, a probabilidade de o jovem tirar o t\u00edtulo e votar \u00e9 maior.\u201d<\/p>\n<h3 class=\"ds-titulo-subsecao\">Renda e absten\u00e7\u00e3o<\/h3>\n<p>Segundo cruzamentos demogr\u00e1ficos, 47% do eleitorado recebe at\u00e9 dois sal\u00e1rios m\u00ednimos, com maior concentra\u00e7\u00e3o na Regi\u00e3o Nordeste e nas periferias urbanas. A faixa entre dois e cinco sal\u00e1rios m\u00ednimos abrange 37% dos votantes, e apenas 2% declaram renda superior a cinco sal\u00e1rios m\u00ednimos.<\/p>\n<p>Mayra Goulart aponta que a vulnerabilidade socioecon\u00f4mica afasta o cidad\u00e3o das urnas.<\/p>\n<p>\u201cObserva-se no eleitorado mais pobre uma maior probabilidade de absten\u00e7\u00e3o. Com isso, essa parcela acaba sub-representada porque exerce menos o direito ao voto por barreiras materiais: n\u00e3o tem com quem deixar os filhos, mora longe da se\u00e7\u00e3o ou precisa trabalhar no dia. Essa \u00e9 uma quest\u00e3o central para o poder p\u00fablico enfrentar\u201d, disse.<\/p>\n<h3 class=\"ds-titulo-subsecao\">Diversidade e inclus\u00e3o<\/h3>\n<p>Com o aprimoramento da autodeclara\u00e7\u00e3o no cadastro eleitoral, os dados de identidade \u00e9tnico-racial apresentaram aumento expressivo:<\/p>\n<ul>\n<li>Pardos: 16,9 milh\u00f5es (eram 8,5 milh\u00f5es em 2024);<\/li>\n<li>Brancos: 11,69 milh\u00f5es (eram 5,29 milh\u00f5es);<\/li>\n<li>Pretos: 3,58 milh\u00f5es (eram 1,8 milh\u00e3o);<\/li>\n<li>Ind\u00edgenas: 287,1 mil (alta de 84,47%);<\/li>\n<li>Amarelos: 229,5 mil (eram 114,3 mil).<\/li>\n<\/ul>\n<p>O contingente de pessoas com defici\u00eancia no cadastro eleitoral bateu recorde, totalizando 1,45 milh\u00e3o de eleitores \u2013 o dobro do observado nos \u00faltimos oito anos.<\/p>\n<p>A legisla\u00e7\u00e3o eleitoral e as normas do TSE tamb\u00e9m garantem o direito ao voto a pessoas presas provisoriamente (sem condena\u00e7\u00e3o penal <span id=\"4142\" class=\"termoGlossario materia__glossario\" title=\"Express\u00e3o usada para uma decis\u00e3o (senten\u00e7a ou ac\u00f3rd\u00e3o) da qual n\u00e3o se pode mais recorrer, seja porque j\u00e1 passou por todos os recursos poss\u00edveis, seja porque o prazo para recorrer terminou. \" contenteditable=\"false\" data-toggle=\"tooltip\" data-placement=\"top\" style=\"color:#5f5f5e;border-bottom:none\">transitada em julgado<\/span>) e a adolescentes internados em cumprimento de medida socioeducativa.<\/p>\n<\/p><\/div>\n<p><br \/>\n<br \/><a href=\"https:\/\/www.camara.leg.br\/noticias\/1300505-eleicoes-2026-mulheres-representam-528-do-eleitorado-e-numero-de-votantes-idosos-cresce\">postagem original <\/a><\/p>\n","protected":false},"excerpt":{"rendered":"<p>Envelhecimento populacional ter\u00e1 impacto nas campanhas, avalim especialistas &#8211; Foto: Pedro Fran\u00e7a\/Ag\u00eancia Senado As mulheres s\u00e3o a maioria do eleitorado [&hellip;]<\/p>\n","protected":false},"author":1,"featured_media":6909,"comment_status":"open","ping_status":"open","sticky":false,"template":"","format":"standard","meta":{"site-sidebar-layout":"default","site-content-layout":"","ast-site-content-layout":"default","site-content-style":"default","site-sidebar-style":"default","ast-global-header-display":"","ast-banner-title-visibility":"","ast-main-header-display":"","ast-hfb-above-header-display":"","ast-hfb-below-header-display":"","ast-hfb-mobile-header-display":"","site-post-title":"","ast-breadcrumbs-content":"","ast-featured-img":"","footer-sml-layout":"","theme-transparent-header-meta":"","adv-header-id-meta":"","stick-header-meta":"","header-above-stick-meta":"","header-main-stick-meta":"","header-below-stick-meta":"","astra-migrate-meta-layouts":"default","ast-page-background-enabled":"default","ast-page-background-meta":{"desktop":{"background-color":"var(--ast-global-color-5)","background-image":"","background-repeat":"repeat","background-position":"center center","background-size":"auto","background-attachment":"scroll","background-type":"","background-media":"","overlay-type":"","overlay-color":"","overlay-opacity":"","overlay-gradient":""},"tablet":{"background-color":"","background-image":"","background-repeat":"repeat","background-position":"center center","background-size":"auto","background-attachment":"scroll","background-type":"","background-media":"","overlay-type":"","overlay-color":"","overlay-opacity":"","overlay-gradient":""},"mobile":{"background-color":"","background-image":"","background-repeat":"repeat","background-position":"center center","background-size":"auto","background-attachment":"scroll","background-type":"","background-media":"","overlay-type":"","overlay-color":"","overlay-opacity":"","overlay-gradient":""}},"ast-content-background-meta":{"desktop":{"background-color":"var(--ast-global-color-4)","background-image":"","background-repeat":"repeat","background-position":"center center","background-size":"auto","background-attachment":"scroll","background-type":"","background-media":"","overlay-type":"","overlay-color":"","overlay-opacity":"","overlay-gradient":""},"tablet":{"background-color":"var(--ast-global-color-4)","background-image":"","background-repeat":"repeat","background-position":"center center","background-size":"auto","background-attachment":"scroll","background-type":"","background-media":"","overlay-type":"","overlay-color":"","overlay-opacity":"","overlay-gradient":""},"mobile":{"background-color":"var(--ast-global-color-4)","background-image":"","background-repeat":"repeat","background-position":"center center","background-size":"auto","background-attachment":"scroll","background-type":"","background-media":"","overlay-type":"","overlay-color":"","overlay-opacity":"","overlay-gradient":""}},"_joinchat":[],"footnotes":""},"categories":[36],"tags":[],"_links":{"self":[{"href":"https:\/\/radiosantaclara.sitetopfm.com.br\/site\/wp-json\/wp\/v2\/posts\/11001"}],"collection":[{"href":"https:\/\/radiosantaclara.sitetopfm.com.br\/site\/wp-json\/wp\/v2\/posts"}],"about":[{"href":"https:\/\/radiosantaclara.sitetopfm.com.br\/site\/wp-json\/wp\/v2\/types\/post"}],"author":[{"embeddable":true,"href":"https:\/\/radiosantaclara.sitetopfm.com.br\/site\/wp-json\/wp\/v2\/users\/1"}],"replies":[{"embeddable":true,"href":"https:\/\/radiosantaclara.sitetopfm.com.br\/site\/wp-json\/wp\/v2\/comments?post=11001"}],"version-history":[{"count":0,"href":"https:\/\/radiosantaclara.sitetopfm.com.br\/site\/wp-json\/wp\/v2\/posts\/11001\/revisions"}],"wp:featuredmedia":[{"embeddable":true,"href":"https:\/\/radiosantaclara.sitetopfm.com.br\/site\/wp-json\/wp\/v2\/media\/6909"}],"wp:attachment":[{"href":"https:\/\/radiosantaclara.sitetopfm.com.br\/site\/wp-json\/wp\/v2\/media?parent=11001"}],"wp:term":[{"taxonomy":"category","embeddable":true,"href":"https:\/\/radiosantaclara.sitetopfm.com.br\/site\/wp-json\/wp\/v2\/categories?post=11001"},{"taxonomy":"post_tag","embeddable":true,"href":"https:\/\/radiosantaclara.sitetopfm.com.br\/site\/wp-json\/wp\/v2\/tags?post=11001"}],"curies":[{"name":"wp","href":"https:\/\/api.w.org\/{rel}","templated":true}]}}