{"id":10997,"date":"2026-08-26T16:25:14","date_gmt":"2026-08-26T19:25:14","guid":{"rendered":"https:\/\/radiosantaclara.sitetopfm.com.br\/site\/motta-diz-que-congresso-deve-votar-na-semana-que-vem-fim-da-taxa-das-blusinhas\/"},"modified":"2026-08-26T16:25:14","modified_gmt":"2026-08-26T19:25:14","slug":"motta-diz-que-congresso-deve-votar-na-semana-que-vem-fim-da-taxa-das-blusinhas","status":"publish","type":"post","link":"https:\/\/radiosantaclara.sitetopfm.com.br\/site\/motta-diz-que-congresso-deve-votar-na-semana-que-vem-fim-da-taxa-das-blusinhas\/","title":{"rendered":"Motta diz que Congresso deve votar na semana que vem fim da taxa das blusinhas"},"content":{"rendered":"<p> <br \/>\n<\/p>\n<div id=\"\">\n<figure class=\"materia__midia\" style=\"float: none; margin: 24px 0px;\" data-midia=\"1300445\"><img decoding=\"async\" src=\"https:\/\/www.camara.leg.br\/midias\/image\/2026\/08\/mottalulaalcolumbre-768x442.jpg\"\/><figcaption><span class=\"materia__legenda-imagem\">Hugo Motta (D) em entrevista coletiva ap\u00f3s almo\u00e7o no Alvorada<\/span> &#8211; <span class=\"materia__creditos-imagem\" style=\"color:#5f5f5e\">Foto: Reprodu\u00e7\u00e3o YouTube<\/span><\/figcaption><\/figure>\n<p>O presidente da C\u00e2mara dos Deputados, Hugo Motta (Republicanos-PB), anunciou que o Congresso deve votar na semana que vem a Medida Provis\u00f3ria <a class=\"linkProposicao\" href=\"https:\/\/www.camara.leg.br\/noticias\/1271806-mp-1357-26-governo-do-brasil-publica-mp-que-zera-imposto-da-chamada-taxa-das-blusinhas\">1357\/26<\/a>, que acaba com a taxa de importa\u00e7\u00e3o para compras de at\u00e9 50 d\u00f3lares em plataformas virtuais. A declara\u00e7\u00e3o foi dada nesta quarta-feira (26) ap\u00f3s almo\u00e7o no Pal\u00e1cio do Alvorada com o presidente Luiz In\u00e1cio Lula da Silva e o presidente do Senado, Davi Alcolumbre.<\/p>\n<p>Hugo Motta lembrou que a comiss\u00e3o mista da MP da Taxa das Blusinhas ainda deve ser instalada. O presidente da comiss\u00e3o ser\u00e1 indicado pela C\u00e2mara e o relator, pelo Senado. &#8220;A MP vence no meio de setembro. \u00c9 uma vit\u00f3ria n\u00e3o apenas das pessoas que compram nessas plataformas. Muitas ind\u00fastrias brasileiras fornecem por essas plataformas produtos que s\u00e3o vendidos por empresas brasileiras. \u00c9 uma medida que ser\u00e1 importante para nossa economia&#8221;, afirmou.<\/p>\n<h3 class=\"ds-titulo-subsecao\">Vota\u00e7\u00f5es no Senado<\/h3>\n<p>\n                        Motta tamb\u00e9m comemorou o acordo para vota\u00e7\u00e3o, durante o <span id=\"4254\" class=\"termoGlossario materia__glossario\" title=\"Designa\u00e7\u00e3o informal para per\u00edodos de sess\u00f5es extraordin\u00e1rias destinadas exclusivamente \u00e0 discuss\u00e3o e vota\u00e7\u00e3o de mat\u00e9rias. Pode ser convocado por iniciativa do presidente da C\u00e2mara, por proposta do Col\u00e9gio de L\u00edderes ou mediante delibera\u00e7\u00e3o do Plen\u00e1rio sobre requerimento de pelo menos um d\u00e9cimo dos deputados.\" contenteditable=\"false\" data-toggle=\"tooltip\" data-placement=\"top\" style=\"color:#5f5f5e;border-bottom:none\">esfor\u00e7o concentrado<\/span> no Senado, de outras propostas aprovadas recentemente pela C\u00e2mara dos Deputados: a <a class=\"linkProposicao\" href=\"https:\/\/www.camara.leg.br\/noticias\/1153668-proposta-do-governo-muda-estrutura-da-seguranca-publica-em-busca-de-maior-integracao-na-area\">PEC 18\/25<\/a>, da Seguran\u00e7a P\u00fablica; a <a class=\"linkProposicao\" href=\"https:\/\/www.camara.leg.br\/noticias\/632530-pec-reduz-jornada-semanal-de-trabalho-de-44-para-36-horas\">PEC 221\/19<\/a>, do fim da escala 6 x 1; o <a class=\"linkProposicao\" href=\"https:\/\/www.camara.leg.br\/noticias\/1244124-projeto-cria-regime-especial-de-tributacao-para-incentivar-instalacao-de-datacenters\">PL 278\/26<\/a>, que estabelece o Regime Especial de Tributa\u00e7\u00e3o para Servi\u00e7os de Datacenter (Redata); e a Pol\u00edtica Nacional de Minerais Cr\u00edticos e Estrat\u00e9gicos (<a class=\"linkProposicao\" href=\"https:\/\/www.camara.leg.br\/noticias\/1097370-proposta-cria-politica-de-estimulo-para-minerais-criticos-e-estrategicos\">PL 2780\/24<\/a>). &#8220;\u00c9 disso que o Brasil precisa, di\u00e1logo coopera\u00e7\u00e3o e trabalho conjunto entre o Congresso e o Poder Executivo&#8221;, apontou.<\/p>\n<p>O presidente Lula afirmou que as propostas do Redata e dos minerais cr\u00edticos s\u00e3o especialmente delicadas. &#8220;A possibilidade de investimento no Brasil pode chegar a R$ 500 bilh\u00f5es&#8221;, espera. &#8220;J\u00e1 tem muita gente estrangeira comprando aquilo que ainda nem regulamos. Essa riqueza \u00e9 do Brasil e temos de garantir que se transforme em uma coisa que fa\u00e7a o povo brasileiro sonhar&#8221;, concluiu.<\/p>\n<\/p><\/div>\n<p><br \/>\n<br \/><a href=\"https:\/\/www.camara.leg.br\/noticias\/1300443-motta-diz-que-congresso-deve-votar-na-semana-que-vem-fim-da-taxa-das-blusinhas\">postagem original <\/a><\/p>\n","protected":false},"excerpt":{"rendered":"<p>Hugo Motta (D) em entrevista coletiva ap\u00f3s almo\u00e7o no Alvorada &#8211; Foto: Reprodu\u00e7\u00e3o YouTube O presidente da C\u00e2mara dos Deputados, [&hellip;]<\/p>\n","protected":false},"author":1,"featured_media":6909,"comment_status":"open","ping_status":"open","sticky":false,"template":"","format":"standard","meta":{"site-sidebar-layout":"default","site-content-layout":"","ast-site-content-layout":"default","site-content-style":"default","site-sidebar-style":"default","ast-global-header-display":"","ast-banner-title-visibility":"","ast-main-header-display":"","ast-hfb-above-header-display":"","ast-hfb-below-header-display":"","ast-hfb-mobile-header-display":"","site-post-title":"","ast-breadcrumbs-content":"","ast-featured-img":"","footer-sml-layout":"","theme-transparent-header-meta":"","adv-header-id-meta":"","stick-header-meta":"","header-above-stick-meta":"","header-main-stick-meta":"","header-below-stick-meta":"","astra-migrate-meta-layouts":"default","ast-page-background-enabled":"default","ast-page-background-meta":{"desktop":{"background-color":"var(--ast-global-color-5)","background-image":"","background-repeat":"repeat","background-position":"center center","background-size":"auto","background-attachment":"scroll","background-type":"","background-media":"","overlay-type":"","overlay-color":"","overlay-opacity":"","overlay-gradient":""},"tablet":{"background-color":"","background-image":"","background-repeat":"repeat","background-position":"center center","background-size":"auto","background-attachment":"scroll","background-type":"","background-media":"","overlay-type":"","overlay-color":"","overlay-opacity":"","overlay-gradient":""},"mobile":{"background-color":"","background-image":"","background-repeat":"repeat","background-position":"center center","background-size":"auto","background-attachment":"scroll","background-type":"","background-media":"","overlay-type":"","overlay-color":"","overlay-opacity":"","overlay-gradient":""}},"ast-content-background-meta":{"desktop":{"background-color":"var(--ast-global-color-4)","background-image":"","background-repeat":"repeat","background-position":"center center","background-size":"auto","background-attachment":"scroll","background-type":"","background-media":"","overlay-type":"","overlay-color":"","overlay-opacity":"","overlay-gradient":""},"tablet":{"background-color":"var(--ast-global-color-4)","background-image":"","background-repeat":"repeat","background-position":"center center","background-size":"auto","background-attachment":"scroll","background-type":"","background-media":"","overlay-type":"","overlay-color":"","overlay-opacity":"","overlay-gradient":""},"mobile":{"background-color":"var(--ast-global-color-4)","background-image":"","background-repeat":"repeat","background-position":"center center","background-size":"auto","background-attachment":"scroll","background-type":"","background-media":"","overlay-type":"","overlay-color":"","overlay-opacity":"","overlay-gradient":""}},"_joinchat":[],"footnotes":""},"categories":[34],"tags":[],"_links":{"self":[{"href":"https:\/\/radiosantaclara.sitetopfm.com.br\/site\/wp-json\/wp\/v2\/posts\/10997"}],"collection":[{"href":"https:\/\/radiosantaclara.sitetopfm.com.br\/site\/wp-json\/wp\/v2\/posts"}],"about":[{"href":"https:\/\/radiosantaclara.sitetopfm.com.br\/site\/wp-json\/wp\/v2\/types\/post"}],"author":[{"embeddable":true,"href":"https:\/\/radiosantaclara.sitetopfm.com.br\/site\/wp-json\/wp\/v2\/users\/1"}],"replies":[{"embeddable":true,"href":"https:\/\/radiosantaclara.sitetopfm.com.br\/site\/wp-json\/wp\/v2\/comments?post=10997"}],"version-history":[{"count":0,"href":"https:\/\/radiosantaclara.sitetopfm.com.br\/site\/wp-json\/wp\/v2\/posts\/10997\/revisions"}],"wp:featuredmedia":[{"embeddable":true,"href":"https:\/\/radiosantaclara.sitetopfm.com.br\/site\/wp-json\/wp\/v2\/media\/6909"}],"wp:attachment":[{"href":"https:\/\/radiosantaclara.sitetopfm.com.br\/site\/wp-json\/wp\/v2\/media?parent=10997"}],"wp:term":[{"taxonomy":"category","embeddable":true,"href":"https:\/\/radiosantaclara.sitetopfm.com.br\/site\/wp-json\/wp\/v2\/categories?post=10997"},{"taxonomy":"post_tag","embeddable":true,"href":"https:\/\/radiosantaclara.sitetopfm.com.br\/site\/wp-json\/wp\/v2\/tags?post=10997"}],"curies":[{"name":"wp","href":"https:\/\/api.w.org\/{rel}","templated":true}]}}