{"id":10996,"date":"2026-08-26T14:41:46","date_gmt":"2026-08-26T17:41:46","guid":{"rendered":"https:\/\/radiosantaclara.sitetopfm.com.br\/site\/projeto-define-criterios-para-isentar-de-imposto-de-renda-gratificacoes-de-professores\/"},"modified":"2026-08-26T14:41:46","modified_gmt":"2026-08-26T17:41:46","slug":"projeto-define-criterios-para-isentar-de-imposto-de-renda-gratificacoes-de-professores","status":"publish","type":"post","link":"https:\/\/radiosantaclara.sitetopfm.com.br\/site\/projeto-define-criterios-para-isentar-de-imposto-de-renda-gratificacoes-de-professores\/","title":{"rendered":"Projeto define crit\u00e9rios para isentar de Imposto de Renda gratifica\u00e7\u00f5es de professores"},"content":{"rendered":"<p> <br \/>\n<\/p>\n<div id=\"\">\n<figure class=\"materia__midia\" style=\"float: none; margin: 24px 0px;\" data-midia=\"1300352\"><img decoding=\"async\" src=\"https:\/\/www.camara.leg.br\/midias\/image\/2026\/08\/img20210813133037624-768x512.jpg\" alt=\"Educa\u00e7\u00e3o - geral - sala de aula - magist\u00e9rio - professor - estudante com a m\u00e3o levantada em durante aula\"\/><figcaption><span class=\"materia__legenda-imagem\">Valores n\u00e3o podem representar um aumento permanente na riqueza do professor<\/span> &#8211; <span class=\"materia__creditos-imagem\" style=\"color:#5f5f5e\">Foto: Depositphotos<\/span><\/figcaption><\/figure>\n<p>O Projeto de Lei 2721\/26 estabelece crit\u00e9rios para que gratifica\u00e7\u00f5es, adicionais e outras parcelas pagas a professores sejam consideradas verbas de natureza indenizat\u00f3ria e n\u00e3o sofram incid\u00eancia do Imposto de Renda. A medida vale para profissionais do magist\u00e9rio da educa\u00e7\u00e3o b\u00e1sica e superior, tanto no setor p\u00fablico quanto no privado.<\/p>\n<p>A proposta est\u00e1 em an\u00e1lise na C\u00e2mara dos Deputados e altera a <a class=\"linkLegislacao\" href=\"https:\/\/www2.camara.gov.br\/legin\/fed\/lei\/1988\/lei-7713-22-dezembro-1988-372153-norma-pl.html\" target=\"_blank\" rel=\"noopener noreferrer\">Legisla\u00e7\u00e3o Tribut\u00e1ria Federal<\/a>.<\/p>\n<p>Segundo a proposta, para n\u00e3o serem tributadas, essas parcelas devem ter finalidade compensat\u00f3ria relacionada a condi\u00e7\u00f5es especiais ou mais graves de trabalho. Al\u00e9m disso, os valores n\u00e3o podem representar um acr\u00e9scimo permanente no patrim\u00f4nio do professor, n\u00e3o podem ser incorporados ao sal\u00e1rio para qualquer efeito e nem pagar pelo desempenho comum das fun\u00e7\u00f5es do cargo.<\/p>\n<p>Entre as verbas que podem deixar de ser tributadas:<\/p>\n<ul>\n<li>gratifica\u00e7\u00f5es por atuar em \u00e1rea de dif\u00edcil acesso ou onde \u00e9 dif\u00edcil encontrar profissionais;<\/li>\n<li>adicionais por trabalho em \u00e1reas de vulnerabilidade socioeducacional;<\/li>\n<li>compensa\u00e7\u00f5es por atua\u00e7\u00e3o em unidades rurais, ribeirinhas, ind\u00edgenas, quilombolas, prisionais ou hospitalares;<\/li>\n<li>verbas para compensar deslocamento, itiner\u00e2ncia ou remo\u00e7\u00e3o funcional;<\/li>\n<li>parcelas vinculadas a risco ocupacional extraordin\u00e1rio ou car\u00eancia de profissionais.<\/li>\n<\/ul>\n<p>O autor da proposta, deputado Tarc\u00edsio Motta (Psol-RJ), afirma que o objetivo \u00e9 garantir seguran\u00e7a jur\u00eddica, uma vez que tribunais superiores j\u00e1 entendem que esses valores n\u00e3o devem ser tributados.<\/p>\n<p>\u201cO texto se limita a definir crit\u00e9rios jur\u00eddicos objetivos para a correta<br \/>identifica\u00e7\u00e3o da natureza indenizat\u00f3ria de determinadas parcelas, preservando a incid\u00eancia do imposto de renda sobre verbas efetivamente remunerat\u00f3rias\u201d, sustenta Motta.<\/p>\n<h3 class=\"ds-titulo-subsecao\">Pr\u00f3ximas etapas<\/h3>\n<p>\n                        A proposta ser\u00e1 analisada, em <span id=\"4322\" class=\"termoGlossario materia__glossario\" title=\"Rito de tramita\u00e7\u00e3o pelo qual o projeto \u00e9 votado apenas pelas comiss\u00f5es designadas para analis\u00e1-lo, dispensada a delibera\u00e7\u00e3o do Plen\u00e1rio. O projeto perde o car\u00e1ter conclusivo se houver decis\u00e3o divergente entre as comiss\u00f5es ou se, independentemente de ser aprovado ou rejeitado, houver recurso assinado por 52 deputados para a aprecia\u00e7\u00e3o da mat\u00e9ria no Plen\u00e1rio.\" contenteditable=\"false\" data-toggle=\"tooltip\" data-placement=\"top\" style=\"color:#5f5f5e;border-bottom:none\">car\u00e1ter conclusivo<\/span>, pelas comiss\u00f5es de Educa\u00e7\u00e3o; de Finan\u00e7as e Tributa\u00e7\u00e3o; e de Constitui\u00e7\u00e3o e Justi\u00e7a e de Cidadania.<\/p>\n<p>Para virar lei, o texto precisa ser aprovado pela C\u00e2mara e pelo Senado.<\/p>\n<p><a href=\"https:\/\/www.camara.leg.br\/noticias\/573454-SAIBA-MAIS-SOBRE-A-TRAMITACAO-DE-PROJETOS-DE-LEI\">Saiba mais sobre a tramita\u00e7\u00e3o de projetos de lei\u00a0<\/a><\/p>\n<\/p><\/div>\n<p><br \/>\n<br \/><a href=\"https:\/\/www.camara.leg.br\/noticias\/1296170-projeto-define-criterios-para-isentar-de-imposto-de-renda-gratificacoes-de-professores\">postagem original <\/a><\/p>\n","protected":false},"excerpt":{"rendered":"<p>Valores n\u00e3o podem representar um aumento permanente na riqueza do professor &#8211; Foto: Depositphotos O Projeto de Lei 2721\/26 estabelece [&hellip;]<\/p>\n","protected":false},"author":1,"featured_media":6909,"comment_status":"open","ping_status":"open","sticky":false,"template":"","format":"standard","meta":{"site-sidebar-layout":"default","site-content-layout":"","ast-site-content-layout":"default","site-content-style":"default","site-sidebar-style":"default","ast-global-header-display":"","ast-banner-title-visibility":"","ast-main-header-display":"","ast-hfb-above-header-display":"","ast-hfb-below-header-display":"","ast-hfb-mobile-header-display":"","site-post-title":"","ast-breadcrumbs-content":"","ast-featured-img":"","footer-sml-layout":"","theme-transparent-header-meta":"","adv-header-id-meta":"","stick-header-meta":"","header-above-stick-meta":"","header-main-stick-meta":"","header-below-stick-meta":"","astra-migrate-meta-layouts":"default","ast-page-background-enabled":"default","ast-page-background-meta":{"desktop":{"background-color":"var(--ast-global-color-5)","background-image":"","background-repeat":"repeat","background-position":"center center","background-size":"auto","background-attachment":"scroll","background-type":"","background-media":"","overlay-type":"","overlay-color":"","overlay-opacity":"","overlay-gradient":""},"tablet":{"background-color":"","background-image":"","background-repeat":"repeat","background-position":"center center","background-size":"auto","background-attachment":"scroll","background-type":"","background-media":"","overlay-type":"","overlay-color":"","overlay-opacity":"","overlay-gradient":""},"mobile":{"background-color":"","background-image":"","background-repeat":"repeat","background-position":"center center","background-size":"auto","background-attachment":"scroll","background-type":"","background-media":"","overlay-type":"","overlay-color":"","overlay-opacity":"","overlay-gradient":""}},"ast-content-background-meta":{"desktop":{"background-color":"var(--ast-global-color-4)","background-image":"","background-repeat":"repeat","background-position":"center center","background-size":"auto","background-attachment":"scroll","background-type":"","background-media":"","overlay-type":"","overlay-color":"","overlay-opacity":"","overlay-gradient":""},"tablet":{"background-color":"var(--ast-global-color-4)","background-image":"","background-repeat":"repeat","background-position":"center center","background-size":"auto","background-attachment":"scroll","background-type":"","background-media":"","overlay-type":"","overlay-color":"","overlay-opacity":"","overlay-gradient":""},"mobile":{"background-color":"var(--ast-global-color-4)","background-image":"","background-repeat":"repeat","background-position":"center center","background-size":"auto","background-attachment":"scroll","background-type":"","background-media":"","overlay-type":"","overlay-color":"","overlay-opacity":"","overlay-gradient":""}},"_joinchat":[],"footnotes":""},"categories":[36],"tags":[],"_links":{"self":[{"href":"https:\/\/radiosantaclara.sitetopfm.com.br\/site\/wp-json\/wp\/v2\/posts\/10996"}],"collection":[{"href":"https:\/\/radiosantaclara.sitetopfm.com.br\/site\/wp-json\/wp\/v2\/posts"}],"about":[{"href":"https:\/\/radiosantaclara.sitetopfm.com.br\/site\/wp-json\/wp\/v2\/types\/post"}],"author":[{"embeddable":true,"href":"https:\/\/radiosantaclara.sitetopfm.com.br\/site\/wp-json\/wp\/v2\/users\/1"}],"replies":[{"embeddable":true,"href":"https:\/\/radiosantaclara.sitetopfm.com.br\/site\/wp-json\/wp\/v2\/comments?post=10996"}],"version-history":[{"count":0,"href":"https:\/\/radiosantaclara.sitetopfm.com.br\/site\/wp-json\/wp\/v2\/posts\/10996\/revisions"}],"wp:featuredmedia":[{"embeddable":true,"href":"https:\/\/radiosantaclara.sitetopfm.com.br\/site\/wp-json\/wp\/v2\/media\/6909"}],"wp:attachment":[{"href":"https:\/\/radiosantaclara.sitetopfm.com.br\/site\/wp-json\/wp\/v2\/media?parent=10996"}],"wp:term":[{"taxonomy":"category","embeddable":true,"href":"https:\/\/radiosantaclara.sitetopfm.com.br\/site\/wp-json\/wp\/v2\/categories?post=10996"},{"taxonomy":"post_tag","embeddable":true,"href":"https:\/\/radiosantaclara.sitetopfm.com.br\/site\/wp-json\/wp\/v2\/tags?post=10996"}],"curies":[{"name":"wp","href":"https:\/\/api.w.org\/{rel}","templated":true}]}}