{"id":10994,"date":"2026-08-26T13:38:22","date_gmt":"2026-08-26T16:38:22","guid":{"rendered":"https:\/\/radiosantaclara.sitetopfm.com.br\/site\/presidente-da-camara-destaca-transparencia-e-pluralidade-como-pilares-da-democracia\/"},"modified":"2026-08-26T13:38:22","modified_gmt":"2026-08-26T16:38:22","slug":"presidente-da-camara-destaca-transparencia-e-pluralidade-como-pilares-da-democracia","status":"publish","type":"post","link":"https:\/\/radiosantaclara.sitetopfm.com.br\/site\/presidente-da-camara-destaca-transparencia-e-pluralidade-como-pilares-da-democracia\/","title":{"rendered":"Presidente da C\u00e2mara destaca transpar\u00eancia e pluralidade como pilares da democracia"},"content":{"rendered":"<p> <br \/>\n<\/p>\n<div id=\"\">\n<figure class=\"materia__midia\" style=\"float: none; margin: 24px 0px;\" data-midia=\"1300279\"><img decoding=\"async\" src=\"https:\/\/www.camara.leg.br\/midias\/image\/2026\/08\/img20260825210813588-768x473.jpeg\" alt=\"Presidente da C\u00e2mara dos Deputados, Hugo Motta (Republicanos-PB), na cerim\u00f4nia do Pr\u00eamio Congresso em Foco 2026.\"\/><figcaption><span class=\"materia__legenda-imagem\">Motta foi escolhido pelo j\u00fari t\u00e9cnico o melhor parlamentar na categoria Rela\u00e7\u00f5es Institucionais e Diplomacia<\/span> &#8211; <span class=\"materia__creditos-imagem\" style=\"color:#5f5f5e\">Foto: Marina Ramos \/ C\u00e2mara dos Deputados<\/span><\/figcaption><\/figure>\n<p>O presidente da C\u00e2mara dos Deputados, Hugo Motta (Republicanos-PB), afirmou que a transpar\u00eancia e a pluralidade s\u00e3o elementos essenciais para o funcionamento do Parlamento e para o fortalecimento da democracia. A declara\u00e7\u00e3o foi feita nesta ter\u00e7a-feira (25) durante a cerim\u00f4nia do Pr\u00eamio Congresso em Foco, que reconhece a atua\u00e7\u00e3o de deputados e senadores.<\/p>\n<p>\u201cA C\u00e2mara dos Deputados tem o dever de tornar p\u00fablicos seus atos, decis\u00f5es e informa\u00e7\u00f5es para que a sociedade possa acompanhar e avaliar o trabalho de seus representantes\u201d, afirmou Hugo Motta. Ele ressaltou que essa abertura tamb\u00e9m \u00e9 fundamental para o trabalho da imprensa, ao garantir acesso \u00e0s informa\u00e7\u00f5es necess\u00e1rias para investigar, questionar, contextualizar e informar os cidad\u00e3os.<\/p>\n<h3 class=\"ds-titulo-subsecao\">Atividade parlamentar<\/h3>\n<p>\n                        Motta tamb\u00e9m destacou que o Parlamento deve refletir a diversidade de opini\u00f5es existente no pa\u00eds. Para ele, as diverg\u00eancias pol\u00edticas s\u00e3o parte da atividade parlamentar e n\u00e3o impedem a constru\u00e7\u00e3o de consensos em temas considerados importantes para a sociedade.<\/p>\n<p>\u201cTodos os parlamentares deram uma contribui\u00e7\u00e3o e dedica\u00e7\u00e3o especiais na aprova\u00e7\u00e3o do fim da escala 6&#215;1, da PEC da Seguran\u00e7a P\u00fablica e do novo marco dos minerais cr\u00edticos, essenciais para o desenvolvimento do pa\u00eds, para citar alguns dos projetos que votamos neste ano\u201d, destacou.<\/p>\n<h3 class=\"ds-titulo-subsecao\">200 anos da C\u00e2mara<\/h3>\n<p>\n                        Ao lembrar os 200 anos da C\u00e2mara dos Deputados, comemorados neste ano, o presidente da Casa afirmou que a institui\u00e7\u00e3o tem o papel de transformar conflitos e diferen\u00e7as em decis\u00f5es coletivas. Segundo ele, apesar da pluralidade de posi\u00e7\u00f5es, os parlamentares compartilham o compromisso de buscar os objetivos estabelecidos pela Constitui\u00e7\u00e3o.<\/p>\n<h3 class=\"ds-titulo-subsecao\">Pr\u00eamio<\/h3>\n<p>\n                        Hugo Motta foi escolhido o\u00a0melhor parlamentar na categoria Rela\u00e7\u00f5es Institucionais e Diplomacia\u00a0pelo j\u00fari t\u00e9cnico do Pr\u00eamio Congresso em Foco 2026, formado por especialistas em pol\u00edtica, comunica\u00e7\u00e3o e atividade legislativa.<\/p>\n<\/p><\/div>\n<p><br \/>\n<br \/><a href=\"https:\/\/www.camara.leg.br\/noticias\/1300276-presidente-da-camara-destaca-transparencia-e-pluralidade-como-pilares-da-democracia\">postagem original <\/a><\/p>\n","protected":false},"excerpt":{"rendered":"<p>Motta foi escolhido pelo j\u00fari t\u00e9cnico o melhor parlamentar na categoria Rela\u00e7\u00f5es Institucionais e Diplomacia &#8211; Foto: Marina Ramos \/ [&hellip;]<\/p>\n","protected":false},"author":1,"featured_media":6909,"comment_status":"open","ping_status":"open","sticky":false,"template":"","format":"standard","meta":{"site-sidebar-layout":"default","site-content-layout":"","ast-site-content-layout":"default","site-content-style":"default","site-sidebar-style":"default","ast-global-header-display":"","ast-banner-title-visibility":"","ast-main-header-display":"","ast-hfb-above-header-display":"","ast-hfb-below-header-display":"","ast-hfb-mobile-header-display":"","site-post-title":"","ast-breadcrumbs-content":"","ast-featured-img":"","footer-sml-layout":"","theme-transparent-header-meta":"","adv-header-id-meta":"","stick-header-meta":"","header-above-stick-meta":"","header-main-stick-meta":"","header-below-stick-meta":"","astra-migrate-meta-layouts":"default","ast-page-background-enabled":"default","ast-page-background-meta":{"desktop":{"background-color":"var(--ast-global-color-5)","background-image":"","background-repeat":"repeat","background-position":"center center","background-size":"auto","background-attachment":"scroll","background-type":"","background-media":"","overlay-type":"","overlay-color":"","overlay-opacity":"","overlay-gradient":""},"tablet":{"background-color":"","background-image":"","background-repeat":"repeat","background-position":"center center","background-size":"auto","background-attachment":"scroll","background-type":"","background-media":"","overlay-type":"","overlay-color":"","overlay-opacity":"","overlay-gradient":""},"mobile":{"background-color":"","background-image":"","background-repeat":"repeat","background-position":"center center","background-size":"auto","background-attachment":"scroll","background-type":"","background-media":"","overlay-type":"","overlay-color":"","overlay-opacity":"","overlay-gradient":""}},"ast-content-background-meta":{"desktop":{"background-color":"var(--ast-global-color-4)","background-image":"","background-repeat":"repeat","background-position":"center center","background-size":"auto","background-attachment":"scroll","background-type":"","background-media":"","overlay-type":"","overlay-color":"","overlay-opacity":"","overlay-gradient":""},"tablet":{"background-color":"var(--ast-global-color-4)","background-image":"","background-repeat":"repeat","background-position":"center center","background-size":"auto","background-attachment":"scroll","background-type":"","background-media":"","overlay-type":"","overlay-color":"","overlay-opacity":"","overlay-gradient":""},"mobile":{"background-color":"var(--ast-global-color-4)","background-image":"","background-repeat":"repeat","background-position":"center center","background-size":"auto","background-attachment":"scroll","background-type":"","background-media":"","overlay-type":"","overlay-color":"","overlay-opacity":"","overlay-gradient":""}},"_joinchat":[],"footnotes":""},"categories":[27],"tags":[],"_links":{"self":[{"href":"https:\/\/radiosantaclara.sitetopfm.com.br\/site\/wp-json\/wp\/v2\/posts\/10994"}],"collection":[{"href":"https:\/\/radiosantaclara.sitetopfm.com.br\/site\/wp-json\/wp\/v2\/posts"}],"about":[{"href":"https:\/\/radiosantaclara.sitetopfm.com.br\/site\/wp-json\/wp\/v2\/types\/post"}],"author":[{"embeddable":true,"href":"https:\/\/radiosantaclara.sitetopfm.com.br\/site\/wp-json\/wp\/v2\/users\/1"}],"replies":[{"embeddable":true,"href":"https:\/\/radiosantaclara.sitetopfm.com.br\/site\/wp-json\/wp\/v2\/comments?post=10994"}],"version-history":[{"count":0,"href":"https:\/\/radiosantaclara.sitetopfm.com.br\/site\/wp-json\/wp\/v2\/posts\/10994\/revisions"}],"wp:featuredmedia":[{"embeddable":true,"href":"https:\/\/radiosantaclara.sitetopfm.com.br\/site\/wp-json\/wp\/v2\/media\/6909"}],"wp:attachment":[{"href":"https:\/\/radiosantaclara.sitetopfm.com.br\/site\/wp-json\/wp\/v2\/media?parent=10994"}],"wp:term":[{"taxonomy":"category","embeddable":true,"href":"https:\/\/radiosantaclara.sitetopfm.com.br\/site\/wp-json\/wp\/v2\/categories?post=10994"},{"taxonomy":"post_tag","embeddable":true,"href":"https:\/\/radiosantaclara.sitetopfm.com.br\/site\/wp-json\/wp\/v2\/tags?post=10994"}],"curies":[{"name":"wp","href":"https:\/\/api.w.org\/{rel}","templated":true}]}}