{"id":10993,"date":"2026-08-26T10:39:01","date_gmt":"2026-08-26T13:39:01","guid":{"rendered":"https:\/\/radiosantaclara.sitetopfm.com.br\/site\/projeto-cria-programa-para-promover-autonomia-financeira-de-mulheres-vitimas-de-violencia\/"},"modified":"2026-08-26T10:39:01","modified_gmt":"2026-08-26T13:39:01","slug":"projeto-cria-programa-para-promover-autonomia-financeira-de-mulheres-vitimas-de-violencia","status":"publish","type":"post","link":"https:\/\/radiosantaclara.sitetopfm.com.br\/site\/projeto-cria-programa-para-promover-autonomia-financeira-de-mulheres-vitimas-de-violencia\/","title":{"rendered":"Projeto cria programa para promover autonomia financeira de mulheres v\u00edtimas de viol\u00eancia"},"content":{"rendered":"<p> <br \/>\n<\/p>\n<div id=\"\">\n<figure class=\"materia__midia\" style=\"float: none; margin: 24px 0px;\" data-midia=\"1260639\"><img decoding=\"async\" src=\"https:\/\/www.camara.leg.br\/midias\/image\/2026\/04\/depositphotos-154365706-xl-768x513.jpg\"\/><figcaption><span class=\"materia__legenda-imagem\">Para autora, independ\u00eancia financeira \u00e9 o principal instrumento para emancipa\u00e7\u00e3o social<\/span> &#8211; <span class=\"materia__creditos-imagem\" style=\"color:#5f5f5e\">Foto: Depositphotos<\/span><\/figcaption><\/figure>\n<p>O projeto de lei 1952\/26 cria o Programa de Promo\u00e7\u00e3o da Autonomia Econ\u00f4mica das Mulheres com o objetivo de promover a autonomia de mulheres v\u00edtimas de viol\u00eancia dom\u00e9stica por meio do empreendedorismo, do acesso ao mercado de trabalho e de oportunidades de gera\u00e7\u00e3o de renda.<\/p>\n<p>O texto est\u00e1 em an\u00e1lise na C\u00e2mara dos Deputados.<\/p>\n<p>O programa dever\u00e1 ser implementado por meio de parcerias com institui\u00e7\u00f5es privadas, servi\u00e7os sociais aut\u00f4nomos, plataformas digitais e empresas de comercializa\u00e7\u00e3o, facilitando o acesso das benefici\u00e1rias \u00e0s oportunidades de trabalho.<\/p>\n<p>O programa prev\u00ea:<\/p>\n<ul>\n<li>acesso a cr\u00e9dito facilitado;<\/li>\n<li>apoio ao empreendedorismo e \u00e0 atividade comercial, de forma a viabilizar o in\u00edcio r\u00e1pido das atividades; e<\/li>\n<li>integra\u00e7\u00e3o com a rede de assist\u00eancia social, justi\u00e7a, seguran\u00e7a p\u00fablica e sa\u00fade.<\/li>\n<\/ul>\n<p>Al\u00e9m disso, est\u00e3o previstos mecanismos de acompanhamento, supervis\u00e3o, avalia\u00e7\u00e3o e prote\u00e7\u00e3o dos dados sens\u00edveis das benefici\u00e1rias.<\/p>\n<p>Segundo a autora da proposta, a deputada Adriana Ventura (Novo-SP), a independ\u00eancia financeira das mulheres \u00e9 o principal instrumento para a sua emancipa\u00e7\u00e3o social.<\/p>\n<p>&#8220;O Programa foi pensado como instrumento que confere independ\u00eancia econ\u00f4mica e novos horizontes para a vida das mulheres que resolveram se emancipar dos agressores e viver uma vida com autonomia e independ\u00eancia, o que s\u00f3 o trabalho remunerado permite&#8221;, afirmou.<\/p>\n<h3 class=\"ds-titulo-subsecao\">Pr\u00f3ximo passos<\/h3>\n<p>A proposta tramita em <span id=\"4322\" class=\"termoGlossario materia__glossario\" title=\"Rito de tramita\u00e7\u00e3o pelo qual o projeto \u00e9 votado apenas pelas comiss\u00f5es designadas para analis\u00e1-lo, dispensada a delibera\u00e7\u00e3o do Plen\u00e1rio. O projeto perde o car\u00e1ter conclusivo se houver decis\u00e3o divergente entre as comiss\u00f5es ou se, independentemente de ser aprovado ou rejeitado, houver recurso assinado por 52 deputados para a aprecia\u00e7\u00e3o da mat\u00e9ria no Plen\u00e1rio.\" contenteditable=\"false\" data-toggle=\"tooltip\" data-placement=\"top\" style=\"color:#5f5f5e;border-bottom:none\">car\u00e1ter conclusivo<\/span> e ser\u00e1 analisada pelas comiss\u00f5es de Defesa dos Direitos da Mulher; e de Constitui\u00e7\u00e3o e Justi\u00e7a e de Cidadania.<\/p>\n<p>Para virar lei, a proposta precisa ser aprovada pela C\u00e2mara dos Deputados e pelo Senado Federal.<\/p>\n<p><a href=\"https:\/\/www.camara.leg.br\/noticias\/573454-SAIBA-MAIS-SOBRE-A-TRAMITACAO-DE-PROJETOS-DE-LEI\">Saiba mais sobre a tramita\u00e7\u00e3o de projetos de lei<\/a><\/p>\n<\/p><\/div>\n<p><br \/>\n<br \/><a href=\"https:\/\/www.camara.leg.br\/noticias\/1300293-projeto-cria-programa-para-promover-autonomia-financeira-de-mulheres-vitimas-de-violencia\">postagem original <\/a><\/p>\n","protected":false},"excerpt":{"rendered":"<p>Para autora, independ\u00eancia financeira \u00e9 o principal instrumento para emancipa\u00e7\u00e3o social &#8211; Foto: Depositphotos O projeto de lei 1952\/26 cria [&hellip;]<\/p>\n","protected":false},"author":1,"featured_media":6909,"comment_status":"open","ping_status":"open","sticky":false,"template":"","format":"standard","meta":{"site-sidebar-layout":"default","site-content-layout":"","ast-site-content-layout":"default","site-content-style":"default","site-sidebar-style":"default","ast-global-header-display":"","ast-banner-title-visibility":"","ast-main-header-display":"","ast-hfb-above-header-display":"","ast-hfb-below-header-display":"","ast-hfb-mobile-header-display":"","site-post-title":"","ast-breadcrumbs-content":"","ast-featured-img":"","footer-sml-layout":"","theme-transparent-header-meta":"","adv-header-id-meta":"","stick-header-meta":"","header-above-stick-meta":"","header-main-stick-meta":"","header-below-stick-meta":"","astra-migrate-meta-layouts":"default","ast-page-background-enabled":"default","ast-page-background-meta":{"desktop":{"background-color":"var(--ast-global-color-5)","background-image":"","background-repeat":"repeat","background-position":"center center","background-size":"auto","background-attachment":"scroll","background-type":"","background-media":"","overlay-type":"","overlay-color":"","overlay-opacity":"","overlay-gradient":""},"tablet":{"background-color":"","background-image":"","background-repeat":"repeat","background-position":"center center","background-size":"auto","background-attachment":"scroll","background-type":"","background-media":"","overlay-type":"","overlay-color":"","overlay-opacity":"","overlay-gradient":""},"mobile":{"background-color":"","background-image":"","background-repeat":"repeat","background-position":"center center","background-size":"auto","background-attachment":"scroll","background-type":"","background-media":"","overlay-type":"","overlay-color":"","overlay-opacity":"","overlay-gradient":""}},"ast-content-background-meta":{"desktop":{"background-color":"var(--ast-global-color-4)","background-image":"","background-repeat":"repeat","background-position":"center center","background-size":"auto","background-attachment":"scroll","background-type":"","background-media":"","overlay-type":"","overlay-color":"","overlay-opacity":"","overlay-gradient":""},"tablet":{"background-color":"var(--ast-global-color-4)","background-image":"","background-repeat":"repeat","background-position":"center center","background-size":"auto","background-attachment":"scroll","background-type":"","background-media":"","overlay-type":"","overlay-color":"","overlay-opacity":"","overlay-gradient":""},"mobile":{"background-color":"var(--ast-global-color-4)","background-image":"","background-repeat":"repeat","background-position":"center center","background-size":"auto","background-attachment":"scroll","background-type":"","background-media":"","overlay-type":"","overlay-color":"","overlay-opacity":"","overlay-gradient":""}},"_joinchat":[],"footnotes":""},"categories":[36],"tags":[],"_links":{"self":[{"href":"https:\/\/radiosantaclara.sitetopfm.com.br\/site\/wp-json\/wp\/v2\/posts\/10993"}],"collection":[{"href":"https:\/\/radiosantaclara.sitetopfm.com.br\/site\/wp-json\/wp\/v2\/posts"}],"about":[{"href":"https:\/\/radiosantaclara.sitetopfm.com.br\/site\/wp-json\/wp\/v2\/types\/post"}],"author":[{"embeddable":true,"href":"https:\/\/radiosantaclara.sitetopfm.com.br\/site\/wp-json\/wp\/v2\/users\/1"}],"replies":[{"embeddable":true,"href":"https:\/\/radiosantaclara.sitetopfm.com.br\/site\/wp-json\/wp\/v2\/comments?post=10993"}],"version-history":[{"count":0,"href":"https:\/\/radiosantaclara.sitetopfm.com.br\/site\/wp-json\/wp\/v2\/posts\/10993\/revisions"}],"wp:featuredmedia":[{"embeddable":true,"href":"https:\/\/radiosantaclara.sitetopfm.com.br\/site\/wp-json\/wp\/v2\/media\/6909"}],"wp:attachment":[{"href":"https:\/\/radiosantaclara.sitetopfm.com.br\/site\/wp-json\/wp\/v2\/media?parent=10993"}],"wp:term":[{"taxonomy":"category","embeddable":true,"href":"https:\/\/radiosantaclara.sitetopfm.com.br\/site\/wp-json\/wp\/v2\/categories?post=10993"},{"taxonomy":"post_tag","embeddable":true,"href":"https:\/\/radiosantaclara.sitetopfm.com.br\/site\/wp-json\/wp\/v2\/tags?post=10993"}],"curies":[{"name":"wp","href":"https:\/\/api.w.org\/{rel}","templated":true}]}}