{"id":10992,"date":"2026-08-26T07:30:34","date_gmt":"2026-08-26T10:30:34","guid":{"rendered":"https:\/\/radiosantaclara.sitetopfm.com.br\/site\/projeto-obriga-autoridades-a-dar-transparencia-ao-uso-de-jatinhos-privados\/"},"modified":"2026-08-26T07:30:34","modified_gmt":"2026-08-26T10:30:34","slug":"projeto-obriga-autoridades-a-dar-transparencia-ao-uso-de-jatinhos-privados","status":"publish","type":"post","link":"https:\/\/radiosantaclara.sitetopfm.com.br\/site\/projeto-obriga-autoridades-a-dar-transparencia-ao-uso-de-jatinhos-privados\/","title":{"rendered":"Projeto obriga autoridades a dar transpar\u00eancia ao uso de jatinhos privados"},"content":{"rendered":"<p> <br \/>\n<\/p>\n<div id=\"\">\n<figure class=\"materia__midia\" style=\"float: none; margin: 24px 0px;\" data-midia=\"1085529\"><img decoding=\"async\" src=\"https:\/\/www.camara.leg.br\/midias\/image\/2024\/07\/img20210503124916359-768x512.jpg\" alt=\"Avi\u00e3o levantando voo\"\/><figcaption><span class=\"materia__legenda-imagem\">Deputados reclamam que a pr\u00e1tica atual confunde o p\u00fablico com o privado<\/span> &#8211; <span class=\"materia__creditos-imagem\" style=\"color:#5f5f5e\">Foto: Jonathan Campos\/AEN-Paran\u00e1<\/span><\/figcaption><\/figure>\n<p>O Projeto de Lei 2080\/26 estabelece normas de transpar\u00eancia, controle e presta\u00e7\u00e3o de contas para o uso de aeronaves privadas por autoridades p\u00fablicas. O texto em an\u00e1lise na C\u00e2mara dos Deputados abrange ocupantes de cargos nos tr\u00eas Poderes, inclusive durante f\u00e9rias e recessos.<\/p>\n<p>Segundo a proposta, todo voo realizado gratuitamente ou com subs\u00eddio em aeronave particular dever\u00e1 ser divulgado publicamente at\u00e9 72 horas ap\u00f3s o voo. A divulga\u00e7\u00e3o dever\u00e1 informar os dados:<\/p>\n<ul>\n<li>do voo;<\/li>\n<li>dos passageiros; e<\/li>\n<li>do propriet\u00e1rio da aeronave.<\/li>\n<\/ul>\n<p>Para os autores da proposta, o deputado Chico Alencar (Psol-RJ) e outros <a href=\"https:\/\/www.camara.leg.br\/proposicoesWeb\/prop_autores?idProposicao=2620026\">nove parlamentares<\/a>, a pr\u00e1tica confunde o p\u00fablico com o privado. Eles ressaltam que a independ\u00eancia funcional do agente p\u00fablico n\u00e3o \u00e9 apenas um valor \u00e9tico abstrato, \u00e9 condi\u00e7\u00e3o material para que as decis\u00f5es do Estado sirvam ao interesse coletivo.<\/p>\n<h3 class=\"ds-titulo-subsecao\">Regras e proibi\u00e7\u00f5es<\/h3>\n<p>O projeto pro\u00edbe o uso da aeronave se o propriet\u00e1rio:<\/p>\n<p>A proibi\u00e7\u00e3o valer\u00e1 tamb\u00e9m para casos de licenciamento ou de fiscaliza\u00e7\u00e3o.<\/p>\n<p>O texto tamb\u00e9m obriga todas as autoridades e suas bagagens a procedimentos de seguran\u00e7a e inspe\u00e7\u00e3o aduaneira. Ser\u00e1 proibida qualquer dispensa de revista baseada em cargo ou mandato.<\/p>\n<p>A autoridade que descumprir as regras ficar\u00e1 sujeita a san\u00e7\u00f5es que v\u00e3o de advert\u00eancia a multas de R$ 50 mil a R$ 500 mil.<\/p>\n<p>Em caso de reincid\u00eancia ou viola\u00e7\u00e3o das proibi\u00e7\u00f5es, poder\u00e1 haver a perda da fun\u00e7\u00e3o p\u00fablica.<\/p>\n<h3 class=\"ds-titulo-subsecao\">Pr\u00f3ximos passos<\/h3>\n<p>\n                        O projeto ser\u00e1 analisado em <span id=\"4322\" class=\"termoGlossario materia__glossario\" title=\"Rito de tramita\u00e7\u00e3o pelo qual o projeto \u00e9 votado apenas pelas comiss\u00f5es designadas para analis\u00e1-lo, dispensada a delibera\u00e7\u00e3o do Plen\u00e1rio. O projeto perde o car\u00e1ter conclusivo se houver decis\u00e3o divergente entre as comiss\u00f5es ou se, independentemente de ser aprovado ou rejeitado, houver recurso assinado por 52 deputados para a aprecia\u00e7\u00e3o da mat\u00e9ria no Plen\u00e1rio.\" contenteditable=\"false\" data-toggle=\"tooltip\" data-placement=\"top\" style=\"color:#5f5f5e;border-bottom:none\">car\u00e1ter conclusivo<\/span> pelas comiss\u00f5es de Via\u00e7\u00e3o e Transportes; de Administra\u00e7\u00e3o e Servi\u00e7o P\u00fablico; e de Constitui\u00e7\u00e3o e Justi\u00e7a e de Cidadania.<\/p>\n<p>Para virar lei, ter\u00e1 de ser aprovado pela C\u00e2mara e pelo Senado.<\/p>\n<p><a href=\"https:\/\/www.camara.leg.br\/noticias\/573454-SAIBA-MAIS-SOBRE-A-TRAMITACAO-DE-PROJETOS-DE-LEI\">Saiba mais sobre a tramita\u00e7\u00e3o de projetos de lei<\/a><strong><br \/><\/strong><\/p>\n<\/p><\/div>\n<p><br \/>\n<br \/><a href=\"https:\/\/www.camara.leg.br\/noticias\/1296286-projeto-obriga-autoridades-a-dar-transparencia-ao-uso-de-jatinhos-privados\">postagem original <\/a><\/p>\n","protected":false},"excerpt":{"rendered":"<p>Deputados reclamam que a pr\u00e1tica atual confunde o p\u00fablico com o privado &#8211; Foto: Jonathan Campos\/AEN-Paran\u00e1 O Projeto de Lei [&hellip;]<\/p>\n","protected":false},"author":1,"featured_media":6909,"comment_status":"open","ping_status":"open","sticky":false,"template":"","format":"standard","meta":{"site-sidebar-layout":"default","site-content-layout":"","ast-site-content-layout":"default","site-content-style":"default","site-sidebar-style":"default","ast-global-header-display":"","ast-banner-title-visibility":"","ast-main-header-display":"","ast-hfb-above-header-display":"","ast-hfb-below-header-display":"","ast-hfb-mobile-header-display":"","site-post-title":"","ast-breadcrumbs-content":"","ast-featured-img":"","footer-sml-layout":"","theme-transparent-header-meta":"","adv-header-id-meta":"","stick-header-meta":"","header-above-stick-meta":"","header-main-stick-meta":"","header-below-stick-meta":"","astra-migrate-meta-layouts":"default","ast-page-background-enabled":"default","ast-page-background-meta":{"desktop":{"background-color":"var(--ast-global-color-5)","background-image":"","background-repeat":"repeat","background-position":"center center","background-size":"auto","background-attachment":"scroll","background-type":"","background-media":"","overlay-type":"","overlay-color":"","overlay-opacity":"","overlay-gradient":""},"tablet":{"background-color":"","background-image":"","background-repeat":"repeat","background-position":"center center","background-size":"auto","background-attachment":"scroll","background-type":"","background-media":"","overlay-type":"","overlay-color":"","overlay-opacity":"","overlay-gradient":""},"mobile":{"background-color":"","background-image":"","background-repeat":"repeat","background-position":"center center","background-size":"auto","background-attachment":"scroll","background-type":"","background-media":"","overlay-type":"","overlay-color":"","overlay-opacity":"","overlay-gradient":""}},"ast-content-background-meta":{"desktop":{"background-color":"var(--ast-global-color-4)","background-image":"","background-repeat":"repeat","background-position":"center center","background-size":"auto","background-attachment":"scroll","background-type":"","background-media":"","overlay-type":"","overlay-color":"","overlay-opacity":"","overlay-gradient":""},"tablet":{"background-color":"var(--ast-global-color-4)","background-image":"","background-repeat":"repeat","background-position":"center center","background-size":"auto","background-attachment":"scroll","background-type":"","background-media":"","overlay-type":"","overlay-color":"","overlay-opacity":"","overlay-gradient":""},"mobile":{"background-color":"var(--ast-global-color-4)","background-image":"","background-repeat":"repeat","background-position":"center center","background-size":"auto","background-attachment":"scroll","background-type":"","background-media":"","overlay-type":"","overlay-color":"","overlay-opacity":"","overlay-gradient":""}},"_joinchat":[],"footnotes":""},"categories":[36],"tags":[],"_links":{"self":[{"href":"https:\/\/radiosantaclara.sitetopfm.com.br\/site\/wp-json\/wp\/v2\/posts\/10992"}],"collection":[{"href":"https:\/\/radiosantaclara.sitetopfm.com.br\/site\/wp-json\/wp\/v2\/posts"}],"about":[{"href":"https:\/\/radiosantaclara.sitetopfm.com.br\/site\/wp-json\/wp\/v2\/types\/post"}],"author":[{"embeddable":true,"href":"https:\/\/radiosantaclara.sitetopfm.com.br\/site\/wp-json\/wp\/v2\/users\/1"}],"replies":[{"embeddable":true,"href":"https:\/\/radiosantaclara.sitetopfm.com.br\/site\/wp-json\/wp\/v2\/comments?post=10992"}],"version-history":[{"count":0,"href":"https:\/\/radiosantaclara.sitetopfm.com.br\/site\/wp-json\/wp\/v2\/posts\/10992\/revisions"}],"wp:featuredmedia":[{"embeddable":true,"href":"https:\/\/radiosantaclara.sitetopfm.com.br\/site\/wp-json\/wp\/v2\/media\/6909"}],"wp:attachment":[{"href":"https:\/\/radiosantaclara.sitetopfm.com.br\/site\/wp-json\/wp\/v2\/media?parent=10992"}],"wp:term":[{"taxonomy":"category","embeddable":true,"href":"https:\/\/radiosantaclara.sitetopfm.com.br\/site\/wp-json\/wp\/v2\/categories?post=10992"},{"taxonomy":"post_tag","embeddable":true,"href":"https:\/\/radiosantaclara.sitetopfm.com.br\/site\/wp-json\/wp\/v2\/tags?post=10992"}],"curies":[{"name":"wp","href":"https:\/\/api.w.org\/{rel}","templated":true}]}}