{"id":10989,"date":"2026-08-25T19:21:02","date_gmt":"2026-08-25T22:21:02","guid":{"rendered":"https:\/\/radiosantaclara.sitetopfm.com.br\/site\/transporte-gratuito-no-dia-da-eleicao-deve-garantir-acesso-ao-voto\/"},"modified":"2026-08-25T19:21:02","modified_gmt":"2026-08-25T22:21:02","slug":"transporte-gratuito-no-dia-da-eleicao-deve-garantir-acesso-ao-voto","status":"publish","type":"post","link":"https:\/\/radiosantaclara.sitetopfm.com.br\/site\/transporte-gratuito-no-dia-da-eleicao-deve-garantir-acesso-ao-voto\/","title":{"rendered":"Transporte gratuito no dia da elei\u00e7\u00e3o deve garantir acesso ao voto"},"content":{"rendered":"<p> <br \/>\n<\/p>\n<div id=\"\">\n<figure class=\"materia__midia\" style=\"float: none; margin: 24px 0px;\" data-midia=\"1300180\"><img decoding=\"async\" src=\"https:\/\/www.camara.leg.br\/midias\/image\/2026\/08\/dsc7018-768x511.jpg\"\/><figcaption><span class=\"materia__legenda-imagem\">Decis\u00e3o do STF, de 2023, determinou a oferta gratuita de transporte coletivo no dia da elei\u00e7\u00e3o<\/span> &#8211; <span class=\"materia__creditos-imagem\" style=\"color:#5f5f5e\">Foto: Tomaz Silva\/Ag\u00eancia Brasil<\/span><\/figcaption><\/figure>\n<p>Desde 1974, a <a class=\"linkLegislacao\" href=\"https:\/\/www2.camara.gov.br\/legin\/fed\/lei\/1970-1979\/lei-6091-15-agosto-1974-357383-norma-pl.html\" target=\"_blank\" rel=\"noopener noreferrer\">Lei 6.091\/74<\/a> pro\u00edbe candidatos, partidos, federa\u00e7\u00f5es e coliga\u00e7\u00f5es de fornecer transporte ou alimenta\u00e7\u00e3o a eleitores no dia da vota\u00e7\u00e3o.<\/p>\n<p>Por outro lado, o poder p\u00fablico deve assegurar meios para que todos os cidad\u00e3os cheguem aos locais de vota\u00e7\u00e3o.<\/p>\n<p>A consultora legislativa da C\u00e2mara dos Deputados Manuella Non\u00f4, especialista em Direito Constitucional e Eleitoral, destaca uma decis\u00e3o de 2023 do Supremo Tribunal Federal (STF).<\/p>\n<p>No julgamento da Argui\u00e7\u00e3o de Descumprimento de Preceito Fundamental (ADPF 1.013), a Corte determinou a oferta gratuita de transporte coletivo urbano municipal, intermunicipal e metropolitano no dia da elei\u00e7\u00e3o. A frequ\u00eancia das linhas deve ser equivalente \u00e0 dos dias \u00fateis.<\/p>\n<p>\u201cOs centros urbanos cresceram e se viu que n\u00e3o havia como assegurar que uma pessoa de um centro urbano pudesse votar. \u00c0s vezes era melhor para uma pessoa pagar uma multa eleitoral por n\u00e3o comparecer a uma vota\u00e7\u00e3o, que varia de R$ 1,05 a R$ 3,51, do que pagar uma passagem de transporte coletivo. Fora o aborrecimento\u201d, disse a consultora.<\/p>\n<figure class=\"materia__midia\" style=\"float: none; margin: 24px 0px;\" data-midia=\"1300183\"><img decoding=\"async\" src=\"https:\/\/www.camara.leg.br\/midias\/image\/2026\/08\/pzzb4056-768x512.jpg\"\/><figcaption><span class=\"materia__legenda-imagem\">Reduzir o servi\u00e7o de transporte p\u00fablico no dia da vota\u00e7\u00e3o configura crime eleitoral<\/span> &#8211; <span class=\"materia__creditos-imagem\" style=\"color:#5f5f5e\">Foto: Fabio Rodrigues-Pozzebom\/ Ag\u00eancia Brasil<\/span><\/figcaption><\/figure>\n<h3 class=\"ds-titulo-subsecao\">Redu\u00e7\u00e3o de frota \u00e9 crime eleitoral<\/h3>\n<p>\n                        Reduzir o servi\u00e7o de transporte p\u00fablico no dia da vota\u00e7\u00e3o configura crime eleitoral, conforme os artigos 297 e 304 do C\u00f3digo Eleitoral. A pena prevista na legisla\u00e7\u00e3o \u00e9 de <span id=\"4293\" class=\"termoGlossario materia__glossario\" title=\"Pena privativa de liberdade que se cumpre em regime aberto ou semiaberto, salvo transfer\u00eancia excepcional para o regime fechado. \u00c9 menos severa que a reclus\u00e3o e mais rigorosa que a pris\u00e3o simples.\" contenteditable=\"false\" data-toggle=\"tooltip\" data-placement=\"top\" style=\"color:#5f5f5e;border-bottom:none\">deten\u00e7\u00e3o<\/span> de at\u00e9 seis meses e pagamento de multa.<\/p>\n<p>Para a especialista Manuella Non\u00f4, a garantia do transporte \u00e9 indispens\u00e1vel para a legitimidade do processo democr\u00e1tico.<\/p>\n<p>\u201cSe a gente n\u00e3o tiver uma democracia que inclui quem chega de \u00f4nibus, de barco, de van ou de canoa, a gente n\u00e3o tem uma democracia completa. A falta de transporte afeta principalmente quem \u00e9 mais pobre, mora mais longe ou tem mobilidade reduzida. Isso compromete a qualidade da democracia. O sucesso da elei\u00e7\u00e3o depende dessa garantia\u201d, disse.<\/p>\n<h3 class=\"ds-titulo-subsecao\">Comunidades rurais e tradicionais<\/h3>\n<p>\n                        O transporte p\u00fablico gratuito tamb\u00e9m deve contemplar quem vive em \u00e1reas rurais e comunidades mais afastadas dos centros urbanos, como popula\u00e7\u00f5es ind\u00edgenas e ribeirinhas.<\/p>\n<p>Os partidos pol\u00edticos fiscalizam o cumprimento das regras, explica a consultora legislativa.<\/p>\n<p>\u201cEsse transporte depende de uma log\u00edstica entre v\u00e1rios entes federativos, com comunica\u00e7\u00e3o e planejamento que envolvam as aldeias, inclusive quanto \u00e0 l\u00edngua. H\u00e1 tamb\u00e9m a\u00e7\u00f5es da Justi\u00e7a Eleitoral voltadas \u00e0s pessoas com defici\u00eancia e pessoas com mobilidade reduzida. Esses eleitores podem solicitar transporte individual pr\u00e9vio para si e, se necess\u00e1rio, para acompanhante, de modo a exercer o direito ao voto.\u201d<\/p>\n<p>A Justi\u00e7a Eleitoral pode criar uma Comiss\u00e3o Especial de Transporte para organizar o deslocamento de eleitores nos munic\u00edpios. O colegiado deve ser integrado por cidad\u00e3os indicados por partidos pol\u00edticos e coliga\u00e7\u00f5es.<\/p>\n<\/p><\/div>\n<p><br \/>\n<br \/><a href=\"https:\/\/www.camara.leg.br\/noticias\/1300155-transporte-gratuito-no-dia-da-eleicao-deve-garantir-acesso-ao-voto\">postagem original <\/a><\/p>\n","protected":false},"excerpt":{"rendered":"<p>Decis\u00e3o do STF, de 2023, determinou a oferta gratuita de transporte coletivo no dia da elei\u00e7\u00e3o &#8211; Foto: Tomaz Silva\/Ag\u00eancia [&hellip;]<\/p>\n","protected":false},"author":1,"featured_media":6909,"comment_status":"open","ping_status":"open","sticky":false,"template":"","format":"standard","meta":{"site-sidebar-layout":"default","site-content-layout":"","ast-site-content-layout":"default","site-content-style":"default","site-sidebar-style":"default","ast-global-header-display":"","ast-banner-title-visibility":"","ast-main-header-display":"","ast-hfb-above-header-display":"","ast-hfb-below-header-display":"","ast-hfb-mobile-header-display":"","site-post-title":"","ast-breadcrumbs-content":"","ast-featured-img":"","footer-sml-layout":"","theme-transparent-header-meta":"","adv-header-id-meta":"","stick-header-meta":"","header-above-stick-meta":"","header-main-stick-meta":"","header-below-stick-meta":"","astra-migrate-meta-layouts":"default","ast-page-background-enabled":"default","ast-page-background-meta":{"desktop":{"background-color":"var(--ast-global-color-5)","background-image":"","background-repeat":"repeat","background-position":"center center","background-size":"auto","background-attachment":"scroll","background-type":"","background-media":"","overlay-type":"","overlay-color":"","overlay-opacity":"","overlay-gradient":""},"tablet":{"background-color":"","background-image":"","background-repeat":"repeat","background-position":"center center","background-size":"auto","background-attachment":"scroll","background-type":"","background-media":"","overlay-type":"","overlay-color":"","overlay-opacity":"","overlay-gradient":""},"mobile":{"background-color":"","background-image":"","background-repeat":"repeat","background-position":"center center","background-size":"auto","background-attachment":"scroll","background-type":"","background-media":"","overlay-type":"","overlay-color":"","overlay-opacity":"","overlay-gradient":""}},"ast-content-background-meta":{"desktop":{"background-color":"var(--ast-global-color-4)","background-image":"","background-repeat":"repeat","background-position":"center center","background-size":"auto","background-attachment":"scroll","background-type":"","background-media":"","overlay-type":"","overlay-color":"","overlay-opacity":"","overlay-gradient":""},"tablet":{"background-color":"var(--ast-global-color-4)","background-image":"","background-repeat":"repeat","background-position":"center center","background-size":"auto","background-attachment":"scroll","background-type":"","background-media":"","overlay-type":"","overlay-color":"","overlay-opacity":"","overlay-gradient":""},"mobile":{"background-color":"var(--ast-global-color-4)","background-image":"","background-repeat":"repeat","background-position":"center center","background-size":"auto","background-attachment":"scroll","background-type":"","background-media":"","overlay-type":"","overlay-color":"","overlay-opacity":"","overlay-gradient":""}},"_joinchat":[],"footnotes":""},"categories":[36],"tags":[],"_links":{"self":[{"href":"https:\/\/radiosantaclara.sitetopfm.com.br\/site\/wp-json\/wp\/v2\/posts\/10989"}],"collection":[{"href":"https:\/\/radiosantaclara.sitetopfm.com.br\/site\/wp-json\/wp\/v2\/posts"}],"about":[{"href":"https:\/\/radiosantaclara.sitetopfm.com.br\/site\/wp-json\/wp\/v2\/types\/post"}],"author":[{"embeddable":true,"href":"https:\/\/radiosantaclara.sitetopfm.com.br\/site\/wp-json\/wp\/v2\/users\/1"}],"replies":[{"embeddable":true,"href":"https:\/\/radiosantaclara.sitetopfm.com.br\/site\/wp-json\/wp\/v2\/comments?post=10989"}],"version-history":[{"count":0,"href":"https:\/\/radiosantaclara.sitetopfm.com.br\/site\/wp-json\/wp\/v2\/posts\/10989\/revisions"}],"wp:featuredmedia":[{"embeddable":true,"href":"https:\/\/radiosantaclara.sitetopfm.com.br\/site\/wp-json\/wp\/v2\/media\/6909"}],"wp:attachment":[{"href":"https:\/\/radiosantaclara.sitetopfm.com.br\/site\/wp-json\/wp\/v2\/media?parent=10989"}],"wp:term":[{"taxonomy":"category","embeddable":true,"href":"https:\/\/radiosantaclara.sitetopfm.com.br\/site\/wp-json\/wp\/v2\/categories?post=10989"},{"taxonomy":"post_tag","embeddable":true,"href":"https:\/\/radiosantaclara.sitetopfm.com.br\/site\/wp-json\/wp\/v2\/tags?post=10989"}],"curies":[{"name":"wp","href":"https:\/\/api.w.org\/{rel}","templated":true}]}}