{"id":10987,"date":"2026-08-25T19:06:45","date_gmt":"2026-08-25T22:06:45","guid":{"rendered":"https:\/\/radiosantaclara.sitetopfm.com.br\/site\/projeto-cria-regras-para-proteger-comunidades-vizinhas-de-parques-eolicos\/"},"modified":"2026-08-25T19:06:45","modified_gmt":"2026-08-25T22:06:45","slug":"projeto-cria-regras-para-proteger-comunidades-vizinhas-de-parques-eolicos","status":"publish","type":"post","link":"https:\/\/radiosantaclara.sitetopfm.com.br\/site\/projeto-cria-regras-para-proteger-comunidades-vizinhas-de-parques-eolicos\/","title":{"rendered":"Projeto cria regras para proteger comunidades vizinhas de parques e\u00f3licos"},"content":{"rendered":"<p> <br \/>\n<\/p>\n<div id=\"\">\n<figure class=\"materia__midia\" style=\"float: none; margin: 24px 0px;\" data-midia=\"1300066\"><img decoding=\"async\" src=\"https:\/\/www.camara.leg.br\/midias\/image\/2026\/08\/parque-elico-em-paulino-neves-no-maranho-768x432.jpg\" alt=\"Parque e\u00f3lico em Paulino Neves, no Maranh\u00e3o, com dezenas de aerogeradores, popularmente conhecidos como cataventos de energia e\u00f3lica\"\/><figcaption><span class=\"materia__legenda-imagem\">Parque e\u00f3lico em Paulino Neves, no Maranh\u00e3o<\/span> &#8211; <span class=\"materia__creditos-imagem\" style=\"color:#5f5f5e\">Foto: Depositphotos<\/span><\/figcaption><\/figure>\n<p>O Projeto de Lei 2591\/26 cria regras nacionais para proteger econ\u00f4mica, social e ambientalmente as pessoas que vivem perto de usinas de energia e\u00f3lica terrestre. O objetivo \u00e9 garantir requisitos m\u00ednimos de respeito \u00e0s comunidades diante dos impactos causados pela instala\u00e7\u00e3o desses parques.<\/p>\n<p>O texto obriga as empresas a respeitarem uma dist\u00e2ncia m\u00ednima entre os aerogeradores e as casas. Tamb\u00e9m ser\u00e1 obrigat\u00f3rio fazer o monitoramento peri\u00f3dico de ru\u00eddos, vibra\u00e7\u00f5es e sombras, al\u00e9m de avaliar a sa\u00fade da popula\u00e7\u00e3o local antes e depois da chegada do empreendimento.<\/p>\n<p>A proposta estabelece ainda um pagamento m\u00ednimo regional aos donos das terras onde as torres forem instaladas. E pro\u00edbe cl\u00e1usulas contratuais abusivas, como as de sigilo e de dura\u00e7\u00e3o muito longa, e incentiva a contrata\u00e7\u00e3o de trabalhadores da pr\u00f3pria regi\u00e3o.<\/p>\n<h3 class=\"ds-titulo-subsecao\">Lei fragmentada<\/h3>\n<p>\n                        A autora, deputada Ivoneide Caetano (PT-BA), argumenta que a lei atual \u00e9 fragmentada e n\u00e3o protege adequadamente essas popula\u00e7\u00f5es contra vulnerabilidades sociais. Para ela, a expans\u00e3o de fontes renov\u00e1veis deve ocorrer em harmonia com a prote\u00e7\u00e3o das pessoas diretamente afetadas.<\/p>\n<p>\u201cO projeto atende ao interesse p\u00fablico ao equilibrar o desenvolvimento energ\u00e9tico com a prote\u00e7\u00e3o das comunidades e a promo\u00e7\u00e3o da justi\u00e7a social\u201d, defende a parlamentar.<\/p>\n<h3 class=\"ds-titulo-subsecao\">Pr\u00f3ximas etapas<\/h3>\n<p>A proposta ser\u00e1 analisada, em <span id=\"4322\" class=\"termoGlossario materia__glossario\" title=\"Rito de tramita\u00e7\u00e3o pelo qual o projeto \u00e9 votado apenas pelas comiss\u00f5es designadas para analis\u00e1-lo, dispensada a delibera\u00e7\u00e3o do Plen\u00e1rio. O projeto perde o car\u00e1ter conclusivo se houver decis\u00e3o divergente entre as comiss\u00f5es ou se, independentemente de ser aprovado ou rejeitado, houver recurso assinado por 52 deputados para a aprecia\u00e7\u00e3o da mat\u00e9ria no Plen\u00e1rio.\" contenteditable=\"false\" data-toggle=\"tooltip\" data-placement=\"top\" style=\"color:#5f5f5e;border-bottom:none\">car\u00e1ter conclusivo<\/span>, pelas comiss\u00f5es de Meio Ambiente e Desenvolvimento Sustent\u00e1vel; de Minas e Energia; de Finan\u00e7as e Tributa\u00e7\u00e3o; e de Constitui\u00e7\u00e3o e Justi\u00e7a e de Cidadania.<\/p>\n<p>Para virar lei, o texto deve ser aprovado pela C\u00e2mara e pelo Senado.<\/p>\n<p><a href=\"https:\/\/www.camara.leg.br\/noticias\/573454-SAIBA-MAIS-SOBRE-A-TRAMITACAO-DE-PROJETOS-DE-LEI\">Saiba mais sobre a tramita\u00e7\u00e3o de projetos de lei<\/a><\/p>\n<\/p><\/div>\n<p><br \/>\n<br \/><a href=\"https:\/\/www.camara.leg.br\/noticias\/1295542-projeto-cria-regras-para-proteger-comunidades-vizinhas-de-parques-eolicos\">postagem original <\/a><\/p>\n","protected":false},"excerpt":{"rendered":"<p>Parque e\u00f3lico em Paulino Neves, no Maranh\u00e3o &#8211; Foto: Depositphotos O Projeto de Lei 2591\/26 cria regras nacionais para proteger [&hellip;]<\/p>\n","protected":false},"author":1,"featured_media":6909,"comment_status":"open","ping_status":"open","sticky":false,"template":"","format":"standard","meta":{"site-sidebar-layout":"default","site-content-layout":"","ast-site-content-layout":"default","site-content-style":"default","site-sidebar-style":"default","ast-global-header-display":"","ast-banner-title-visibility":"","ast-main-header-display":"","ast-hfb-above-header-display":"","ast-hfb-below-header-display":"","ast-hfb-mobile-header-display":"","site-post-title":"","ast-breadcrumbs-content":"","ast-featured-img":"","footer-sml-layout":"","theme-transparent-header-meta":"","adv-header-id-meta":"","stick-header-meta":"","header-above-stick-meta":"","header-main-stick-meta":"","header-below-stick-meta":"","astra-migrate-meta-layouts":"default","ast-page-background-enabled":"default","ast-page-background-meta":{"desktop":{"background-color":"var(--ast-global-color-5)","background-image":"","background-repeat":"repeat","background-position":"center center","background-size":"auto","background-attachment":"scroll","background-type":"","background-media":"","overlay-type":"","overlay-color":"","overlay-opacity":"","overlay-gradient":""},"tablet":{"background-color":"","background-image":"","background-repeat":"repeat","background-position":"center center","background-size":"auto","background-attachment":"scroll","background-type":"","background-media":"","overlay-type":"","overlay-color":"","overlay-opacity":"","overlay-gradient":""},"mobile":{"background-color":"","background-image":"","background-repeat":"repeat","background-position":"center center","background-size":"auto","background-attachment":"scroll","background-type":"","background-media":"","overlay-type":"","overlay-color":"","overlay-opacity":"","overlay-gradient":""}},"ast-content-background-meta":{"desktop":{"background-color":"var(--ast-global-color-4)","background-image":"","background-repeat":"repeat","background-position":"center center","background-size":"auto","background-attachment":"scroll","background-type":"","background-media":"","overlay-type":"","overlay-color":"","overlay-opacity":"","overlay-gradient":""},"tablet":{"background-color":"var(--ast-global-color-4)","background-image":"","background-repeat":"repeat","background-position":"center center","background-size":"auto","background-attachment":"scroll","background-type":"","background-media":"","overlay-type":"","overlay-color":"","overlay-opacity":"","overlay-gradient":""},"mobile":{"background-color":"var(--ast-global-color-4)","background-image":"","background-repeat":"repeat","background-position":"center center","background-size":"auto","background-attachment":"scroll","background-type":"","background-media":"","overlay-type":"","overlay-color":"","overlay-opacity":"","overlay-gradient":""}},"_joinchat":[],"footnotes":""},"categories":[28],"tags":[],"_links":{"self":[{"href":"https:\/\/radiosantaclara.sitetopfm.com.br\/site\/wp-json\/wp\/v2\/posts\/10987"}],"collection":[{"href":"https:\/\/radiosantaclara.sitetopfm.com.br\/site\/wp-json\/wp\/v2\/posts"}],"about":[{"href":"https:\/\/radiosantaclara.sitetopfm.com.br\/site\/wp-json\/wp\/v2\/types\/post"}],"author":[{"embeddable":true,"href":"https:\/\/radiosantaclara.sitetopfm.com.br\/site\/wp-json\/wp\/v2\/users\/1"}],"replies":[{"embeddable":true,"href":"https:\/\/radiosantaclara.sitetopfm.com.br\/site\/wp-json\/wp\/v2\/comments?post=10987"}],"version-history":[{"count":0,"href":"https:\/\/radiosantaclara.sitetopfm.com.br\/site\/wp-json\/wp\/v2\/posts\/10987\/revisions"}],"wp:featuredmedia":[{"embeddable":true,"href":"https:\/\/radiosantaclara.sitetopfm.com.br\/site\/wp-json\/wp\/v2\/media\/6909"}],"wp:attachment":[{"href":"https:\/\/radiosantaclara.sitetopfm.com.br\/site\/wp-json\/wp\/v2\/media?parent=10987"}],"wp:term":[{"taxonomy":"category","embeddable":true,"href":"https:\/\/radiosantaclara.sitetopfm.com.br\/site\/wp-json\/wp\/v2\/categories?post=10987"},{"taxonomy":"post_tag","embeddable":true,"href":"https:\/\/radiosantaclara.sitetopfm.com.br\/site\/wp-json\/wp\/v2\/tags?post=10987"}],"curies":[{"name":"wp","href":"https:\/\/api.w.org\/{rel}","templated":true}]}}