{"id":10986,"date":"2026-08-25T18:58:14","date_gmt":"2026-08-25T21:58:14","guid":{"rendered":"https:\/\/radiosantaclara.sitetopfm.com.br\/site\/projeto-pune-o-uso-ilegal-de-giroflex-e-sirenes\/"},"modified":"2026-08-25T18:58:14","modified_gmt":"2026-08-25T21:58:14","slug":"projeto-pune-o-uso-ilegal-de-giroflex-e-sirenes","status":"publish","type":"post","link":"https:\/\/radiosantaclara.sitetopfm.com.br\/site\/projeto-pune-o-uso-ilegal-de-giroflex-e-sirenes\/","title":{"rendered":"Projeto pune o uso ilegal de giroflex e sirenes"},"content":{"rendered":"<p> <br \/>\n<\/p>\n<div id=\"\">\n<figure class=\"materia__midia\" style=\"float: none; margin: 24px 0px;\" data-midia=\"1300048\"><img decoding=\"async\" src=\"https:\/\/www.camara.leg.br\/midias\/image\/2026\/08\/depositphotos-575246512-xl-768x496.jpg\" alt=\"Carro com sirenes azuis no teto\"\/><figcaption><span class=\"materia__legenda-imagem\">Uso indevido desses dispositivos para escapar de engarrafamentos ser\u00e1 punido com pris\u00e3o<\/span> &#8211; <span class=\"materia__creditos-imagem\" style=\"color:#5f5f5e\">Foto: Depositphotos<\/span><\/figcaption><\/figure>\n<p>O Projeto de Lei 2790\/26 pro\u00edbe o uso de giroflex e sirenes em ve\u00edculos particulares e cria puni\u00e7\u00f5es rigorosas para quem fabricar, vender ou utilizar esses aparelhos de forma ilegal.<\/p>\n<p>A proposta estabelece que apenas ve\u00edculos oficiais de seguran\u00e7a p\u00fablica, sa\u00fade, defesa civil e For\u00e7as Armadas podem usar luzes vermelhas ou azuis acompanhadas de som de alerta.<\/p>\n<h3 class=\"ds-titulo-subsecao\">Escolta privada<\/h3>\n<p>\n                        Pelas novas regras, as empresas de escolta privada autorizadas dever\u00e3o usar luzes na cor amarelo-alaranjado.<\/p>\n<p>Os carros dessas empresas:<\/p>\n<ul>\n<li>precisar\u00e3o ter a inscri\u00e7\u00e3o &#8220;Escolta privada&#8221; vis\u00edvel nos dois lados e na parte traseira; e<\/li>\n<li>n\u00e3o poder\u00e3o ter nenhuma caracter\u00edstica que os torne parecidos com viaturas da pol\u00edcia.<\/li>\n<\/ul>\n<h3 class=\"ds-titulo-subsecao\">Puni\u00e7\u00f5es<\/h3>\n<p>\n                        O projeto tipifica crimes espec\u00edficos para conter o uso abusivo desses equipamentos.\u00a0Assim, quem usar giroflex ou sirene em ve\u00edculo n\u00e3o autorizado poder\u00e1 ser condenado a uma pena de 2 a 4 anos de pris\u00e3o, al\u00e9m de multa.<\/p>\n<p>J\u00e1 a fabrica\u00e7\u00e3o, venda ou instala\u00e7\u00e3o desses aparelhos sem autoriza\u00e7\u00e3o do Minist\u00e9rio da Justi\u00e7a ter\u00e1 pena de 1 a 3 anos de <span id=\"4303\" class=\"termoGlossario materia__glossario\" title=\"A reclus\u00e3o \u00e9 a mais severa entre as penas privativas de liberdade. Destina-se a crimes dolosos (com inten\u00e7\u00e3o).\" contenteditable=\"false\" data-toggle=\"tooltip\" data-placement=\"top\" style=\"color:#5f5f5e;border-bottom:none\">reclus\u00e3o<\/span>.<\/p>\n<p>O uso indevido desses dispositivos s\u00f3 para obter vantagem em congestionamentos ser\u00e1 punido com <span id=\"4293\" class=\"termoGlossario materia__glossario\" title=\"Pena privativa de liberdade que se cumpre em regime aberto ou semiaberto, salvo transfer\u00eancia excepcional para o regime fechado. \u00c9 menos severa que a reclus\u00e3o e mais rigorosa que a pris\u00e3o simples.\" contenteditable=\"false\" data-toggle=\"tooltip\" data-placement=\"top\" style=\"color:#5f5f5e;border-bottom:none\">deten\u00e7\u00e3o<\/span> de seis meses a dois anos.<\/p>\n<p>O texto determina ainda que o ve\u00edculo e o dispositivo ser\u00e3o apreendidos e poder\u00e3o ser confiscados pela Justi\u00e7a.<\/p>\n<h3 class=\"ds-titulo-subsecao\">S\u00edmbolos de autoridade<\/h3>\n<p>\n                        O autor da proposta, deputado F\u00e9lix Mendon\u00e7a J\u00fanior (PDT-BA), afirma que a medida combate a banaliza\u00e7\u00e3o de s\u00edmbolos da autoridade do Estado, que s\u00e3o usados at\u00e9 pelo crime organizado para simular opera\u00e7\u00f5es policiais.<\/p>\n<p>\u201cQuem se apropria desses s\u00edmbolos ilegalmente, seja por vaidade ou para cometer crimes, deve responder com rigor para proteger a seguran\u00e7a de todos e a credibilidade das institui\u00e7\u00f5es\u201d, argumentou o deputado.<\/p>\n<h3 class=\"ds-titulo-subsecao\">Pr\u00f3ximas etapas<\/h3>\n<p>A proposta ser\u00e1 analisada pelas comiss\u00f5es de Seguran\u00e7a P\u00fablica e Combate ao Crime Organizado; de Via\u00e7\u00e3o e Transportes; e de Constitui\u00e7\u00e3o e Justi\u00e7a e de Cidadania, e depois pelo Plen\u00e1rio.<\/p>\n<p>Para virar lei, o texto deve ser aprovado pela C\u00e2mara e pelo Senado.<\/p>\n<p><a href=\"https:\/\/www.camara.leg.br\/noticias\/573454-SAIBA-MAIS-SOBRE-A-TRAMITACAO-DE-PROJETOS-DE-LEI\">Saiba mais sobre a tramita\u00e7\u00e3o de projetos de lei<\/a><\/p>\n<\/p><\/div>\n<p><br \/>\n<br \/><a href=\"https:\/\/www.camara.leg.br\/noticias\/1295346-projeto-pune-o-uso-ilegal-de-giroflex-e-sirenes\">postagem original <\/a><\/p>\n","protected":false},"excerpt":{"rendered":"<p>Uso indevido desses dispositivos para escapar de engarrafamentos ser\u00e1 punido com pris\u00e3o &#8211; Foto: Depositphotos O Projeto de Lei 2790\/26 [&hellip;]<\/p>\n","protected":false},"author":1,"featured_media":6909,"comment_status":"open","ping_status":"open","sticky":false,"template":"","format":"standard","meta":{"site-sidebar-layout":"default","site-content-layout":"","ast-site-content-layout":"default","site-content-style":"default","site-sidebar-style":"default","ast-global-header-display":"","ast-banner-title-visibility":"","ast-main-header-display":"","ast-hfb-above-header-display":"","ast-hfb-below-header-display":"","ast-hfb-mobile-header-display":"","site-post-title":"","ast-breadcrumbs-content":"","ast-featured-img":"","footer-sml-layout":"","theme-transparent-header-meta":"","adv-header-id-meta":"","stick-header-meta":"","header-above-stick-meta":"","header-main-stick-meta":"","header-below-stick-meta":"","astra-migrate-meta-layouts":"default","ast-page-background-enabled":"default","ast-page-background-meta":{"desktop":{"background-color":"var(--ast-global-color-5)","background-image":"","background-repeat":"repeat","background-position":"center center","background-size":"auto","background-attachment":"scroll","background-type":"","background-media":"","overlay-type":"","overlay-color":"","overlay-opacity":"","overlay-gradient":""},"tablet":{"background-color":"","background-image":"","background-repeat":"repeat","background-position":"center center","background-size":"auto","background-attachment":"scroll","background-type":"","background-media":"","overlay-type":"","overlay-color":"","overlay-opacity":"","overlay-gradient":""},"mobile":{"background-color":"","background-image":"","background-repeat":"repeat","background-position":"center center","background-size":"auto","background-attachment":"scroll","background-type":"","background-media":"","overlay-type":"","overlay-color":"","overlay-opacity":"","overlay-gradient":""}},"ast-content-background-meta":{"desktop":{"background-color":"var(--ast-global-color-4)","background-image":"","background-repeat":"repeat","background-position":"center center","background-size":"auto","background-attachment":"scroll","background-type":"","background-media":"","overlay-type":"","overlay-color":"","overlay-opacity":"","overlay-gradient":""},"tablet":{"background-color":"var(--ast-global-color-4)","background-image":"","background-repeat":"repeat","background-position":"center center","background-size":"auto","background-attachment":"scroll","background-type":"","background-media":"","overlay-type":"","overlay-color":"","overlay-opacity":"","overlay-gradient":""},"mobile":{"background-color":"var(--ast-global-color-4)","background-image":"","background-repeat":"repeat","background-position":"center center","background-size":"auto","background-attachment":"scroll","background-type":"","background-media":"","overlay-type":"","overlay-color":"","overlay-opacity":"","overlay-gradient":""}},"_joinchat":[],"footnotes":""},"categories":[29],"tags":[],"_links":{"self":[{"href":"https:\/\/radiosantaclara.sitetopfm.com.br\/site\/wp-json\/wp\/v2\/posts\/10986"}],"collection":[{"href":"https:\/\/radiosantaclara.sitetopfm.com.br\/site\/wp-json\/wp\/v2\/posts"}],"about":[{"href":"https:\/\/radiosantaclara.sitetopfm.com.br\/site\/wp-json\/wp\/v2\/types\/post"}],"author":[{"embeddable":true,"href":"https:\/\/radiosantaclara.sitetopfm.com.br\/site\/wp-json\/wp\/v2\/users\/1"}],"replies":[{"embeddable":true,"href":"https:\/\/radiosantaclara.sitetopfm.com.br\/site\/wp-json\/wp\/v2\/comments?post=10986"}],"version-history":[{"count":0,"href":"https:\/\/radiosantaclara.sitetopfm.com.br\/site\/wp-json\/wp\/v2\/posts\/10986\/revisions"}],"wp:featuredmedia":[{"embeddable":true,"href":"https:\/\/radiosantaclara.sitetopfm.com.br\/site\/wp-json\/wp\/v2\/media\/6909"}],"wp:attachment":[{"href":"https:\/\/radiosantaclara.sitetopfm.com.br\/site\/wp-json\/wp\/v2\/media?parent=10986"}],"wp:term":[{"taxonomy":"category","embeddable":true,"href":"https:\/\/radiosantaclara.sitetopfm.com.br\/site\/wp-json\/wp\/v2\/categories?post=10986"},{"taxonomy":"post_tag","embeddable":true,"href":"https:\/\/radiosantaclara.sitetopfm.com.br\/site\/wp-json\/wp\/v2\/tags?post=10986"}],"curies":[{"name":"wp","href":"https:\/\/api.w.org\/{rel}","templated":true}]}}