{"id":10985,"date":"2026-08-25T18:51:29","date_gmt":"2026-08-25T21:51:29","guid":{"rendered":"https:\/\/radiosantaclara.sitetopfm.com.br\/site\/junho-vermelho-campanha-de-incentivo-a-doacao-de-sangue-agora-e-lei\/"},"modified":"2026-08-25T18:51:29","modified_gmt":"2026-08-25T21:51:29","slug":"junho-vermelho-campanha-de-incentivo-a-doacao-de-sangue-agora-e-lei","status":"publish","type":"post","link":"https:\/\/radiosantaclara.sitetopfm.com.br\/site\/junho-vermelho-campanha-de-incentivo-a-doacao-de-sangue-agora-e-lei\/","title":{"rendered":"&#8216;Junho Vermelho&#8217;: campanha de incentivo \u00e0 doa\u00e7\u00e3o de sangue agora \u00e9 lei"},"content":{"rendered":"<p> <br \/>\n<\/p>\n<div id=\"\">\n<figure class=\"materia__midia\" style=\"float: none; margin: 24px 0px;\" data-midia=\"944044\"><img decoding=\"async\" src=\"https:\/\/www.camara.leg.br\/midias\/image\/2023\/03\/img20190614125854411-768x528.jpg\" alt=\"Sa\u00fade - geral - doa\u00e7\u00e3o de sangue (Hospital Regional de Osasco-SP)\"\/><figcaption><span class=\"materia__legenda-imagem\">N\u00famero de doadores no Brasil est\u00e1 abaixo do preconizado pela OMS<\/span> &#8211; <span class=\"materia__creditos-imagem\" style=\"color:#5f5f5e\">Foto: Divulga\u00e7\u00e3o\/Governo de S\u00e3o Paulo<\/span><\/figcaption><\/figure>\n<p>As campanhas de incentivo \u00e0 doa\u00e7\u00e3o de sangue ganharam refor\u00e7o com a oficializa\u00e7\u00e3o da campanha nacional Junho Vermelho. Sancionada pela Presid\u00eancia da Rep\u00fablica, a <a class=\"linkLegislacao\" href=\"https:\/\/www2.camara.gov.br\/legin\/fed\/lei\/2026\/lei-15491-24-agosto-2026-799806-norma-pl.html\" target=\"_blank\" rel=\"noopener noreferrer\">Lei 15.491\/26<\/a> estimula, no m\u00eas de junho, a\u00e7\u00f5es direcionadas \u00e0 conscientiza\u00e7\u00e3o da popula\u00e7\u00e3o sobre a import\u00e2ncia de doar sangue.<\/p>\n<p>Pela norma, o poder p\u00fablico dever\u00e1 criar e divulgar material did\u00e1tico, impresso ou digital, sobre a doa\u00e7\u00e3o de sangue, bem como promover a\u00e7\u00f5es educativas e eventos p\u00fablicos de conscientiza\u00e7\u00e3o. Durante a campanha de mobiliza\u00e7\u00e3o, os pr\u00e9dios p\u00fablicos ficar\u00e3o iluminados com\u00a0a cor vermelha.<\/p>\n<p>A lei tem origem no <a class=\"linkProposicao\" href=\"https:\/\/www.camara.leg.br\/noticias\/855977-projeto-institui-junho-vermelho-para-estimular-doacoes-de-sangue\">Projeto de Lei 205\/22<\/a>, do ex-deputado Francisco Jr. (GO). Na apresenta\u00e7\u00e3o do projeto, ele lembrou que o n\u00famero de doadores \u00e9 considerado baixo &#8211; em 2022, 16 a cada mil habitantes no Brasil eram doadores regulares, o que corresponde a 1,6% da popula\u00e7\u00e3o brasileira.<\/p>\n<p>A proposta foi aprovada na C\u00e2mara em mar\u00e7o de 2024, e no Senado no m\u00eas passado. O relator foi o senador Wilder Morais (PL-GO).<\/p>\n<h3 class=\"ds-titulo-subsecao\">Gesto volunt\u00e1rio<\/h3>\n<p>\n                        Em seu relat\u00f3rio, Wilder ressaltou que o ato de doar sangue depende exclusivamente do altru\u00edsmo e do gesto volunt\u00e1rio da popula\u00e7\u00e3o, sendo imprescind\u00edvel para o atendimento de emerg\u00eancias traum\u00e1ticas, a realiza\u00e7\u00e3o de cirurgias complexas e o tratamento cont\u00ednuo de pessoas com doen\u00e7as hematol\u00f3gicas, oncol\u00f3gicas e outras condi\u00e7\u00f5es cr\u00f4nicas.<\/p>\n<p>Wilder explicou que, apesar de contar com milh\u00f5es de doa\u00e7\u00f5es anuais, com mais de 3,2 milh\u00f5es de bolsas de sangue coletadas pelo Sistema \u00danico de Sa\u00fade (SUS) em 2023, o cen\u00e1rio brasileiro ainda se encontra aqu\u00e9m do ideal preconizado pela Organiza\u00e7\u00e3o Mundial da Sa\u00fade (OMS). A OMS recomenda que entre 2% e 2,5% da popula\u00e7\u00e3o seja doadora regular.<\/p>\n<p>Segundo ele, apesar de 90% da popula\u00e7\u00e3o ser apta a doar, a maior parte o faz raramente ou nunca doou, por barreiras como desinforma\u00e7\u00e3o sobre os crit\u00e9rios e o processo de doa\u00e7\u00e3o; mitos e medos infundados; ou a simples falta de um chamado claro e motivador para a a\u00e7\u00e3o.<\/p>\n<\/p><\/div>\n<p><br \/>\n<br \/><a href=\"https:\/\/www.camara.leg.br\/noticias\/1300062-junho-vermelho-campanha-de-incentivo-a-doacao-de-sangue-agora-e-lei\">postagem original <\/a><\/p>\n","protected":false},"excerpt":{"rendered":"<p>N\u00famero de doadores no Brasil est\u00e1 abaixo do preconizado pela OMS &#8211; Foto: Divulga\u00e7\u00e3o\/Governo de S\u00e3o Paulo As campanhas de [&hellip;]<\/p>\n","protected":false},"author":1,"featured_media":6909,"comment_status":"open","ping_status":"open","sticky":false,"template":"","format":"standard","meta":{"site-sidebar-layout":"default","site-content-layout":"","ast-site-content-layout":"default","site-content-style":"default","site-sidebar-style":"default","ast-global-header-display":"","ast-banner-title-visibility":"","ast-main-header-display":"","ast-hfb-above-header-display":"","ast-hfb-below-header-display":"","ast-hfb-mobile-header-display":"","site-post-title":"","ast-breadcrumbs-content":"","ast-featured-img":"","footer-sml-layout":"","theme-transparent-header-meta":"","adv-header-id-meta":"","stick-header-meta":"","header-above-stick-meta":"","header-main-stick-meta":"","header-below-stick-meta":"","astra-migrate-meta-layouts":"default","ast-page-background-enabled":"default","ast-page-background-meta":{"desktop":{"background-color":"var(--ast-global-color-5)","background-image":"","background-repeat":"repeat","background-position":"center center","background-size":"auto","background-attachment":"scroll","background-type":"","background-media":"","overlay-type":"","overlay-color":"","overlay-opacity":"","overlay-gradient":""},"tablet":{"background-color":"","background-image":"","background-repeat":"repeat","background-position":"center center","background-size":"auto","background-attachment":"scroll","background-type":"","background-media":"","overlay-type":"","overlay-color":"","overlay-opacity":"","overlay-gradient":""},"mobile":{"background-color":"","background-image":"","background-repeat":"repeat","background-position":"center center","background-size":"auto","background-attachment":"scroll","background-type":"","background-media":"","overlay-type":"","overlay-color":"","overlay-opacity":"","overlay-gradient":""}},"ast-content-background-meta":{"desktop":{"background-color":"var(--ast-global-color-4)","background-image":"","background-repeat":"repeat","background-position":"center center","background-size":"auto","background-attachment":"scroll","background-type":"","background-media":"","overlay-type":"","overlay-color":"","overlay-opacity":"","overlay-gradient":""},"tablet":{"background-color":"var(--ast-global-color-4)","background-image":"","background-repeat":"repeat","background-position":"center center","background-size":"auto","background-attachment":"scroll","background-type":"","background-media":"","overlay-type":"","overlay-color":"","overlay-opacity":"","overlay-gradient":""},"mobile":{"background-color":"var(--ast-global-color-4)","background-image":"","background-repeat":"repeat","background-position":"center center","background-size":"auto","background-attachment":"scroll","background-type":"","background-media":"","overlay-type":"","overlay-color":"","overlay-opacity":"","overlay-gradient":""}},"_joinchat":[],"footnotes":""},"categories":[26],"tags":[],"_links":{"self":[{"href":"https:\/\/radiosantaclara.sitetopfm.com.br\/site\/wp-json\/wp\/v2\/posts\/10985"}],"collection":[{"href":"https:\/\/radiosantaclara.sitetopfm.com.br\/site\/wp-json\/wp\/v2\/posts"}],"about":[{"href":"https:\/\/radiosantaclara.sitetopfm.com.br\/site\/wp-json\/wp\/v2\/types\/post"}],"author":[{"embeddable":true,"href":"https:\/\/radiosantaclara.sitetopfm.com.br\/site\/wp-json\/wp\/v2\/users\/1"}],"replies":[{"embeddable":true,"href":"https:\/\/radiosantaclara.sitetopfm.com.br\/site\/wp-json\/wp\/v2\/comments?post=10985"}],"version-history":[{"count":0,"href":"https:\/\/radiosantaclara.sitetopfm.com.br\/site\/wp-json\/wp\/v2\/posts\/10985\/revisions"}],"wp:featuredmedia":[{"embeddable":true,"href":"https:\/\/radiosantaclara.sitetopfm.com.br\/site\/wp-json\/wp\/v2\/media\/6909"}],"wp:attachment":[{"href":"https:\/\/radiosantaclara.sitetopfm.com.br\/site\/wp-json\/wp\/v2\/media?parent=10985"}],"wp:term":[{"taxonomy":"category","embeddable":true,"href":"https:\/\/radiosantaclara.sitetopfm.com.br\/site\/wp-json\/wp\/v2\/categories?post=10985"},{"taxonomy":"post_tag","embeddable":true,"href":"https:\/\/radiosantaclara.sitetopfm.com.br\/site\/wp-json\/wp\/v2\/tags?post=10985"}],"curies":[{"name":"wp","href":"https:\/\/api.w.org\/{rel}","templated":true}]}}