{"id":10984,"date":"2026-08-25T18:39:51","date_gmt":"2026-08-25T21:39:51","guid":{"rendered":"https:\/\/radiosantaclara.sitetopfm.com.br\/site\/frente-parlamentar-lanca-guia-para-regulamentacao-do-eca-digital\/"},"modified":"2026-08-25T18:39:51","modified_gmt":"2026-08-25T21:39:51","slug":"frente-parlamentar-lanca-guia-para-regulamentacao-do-eca-digital","status":"publish","type":"post","link":"https:\/\/radiosantaclara.sitetopfm.com.br\/site\/frente-parlamentar-lanca-guia-para-regulamentacao-do-eca-digital\/","title":{"rendered":"Frente parlamentar lan\u00e7a guia para regulamenta\u00e7\u00e3o do ECA Digital"},"content":{"rendered":"<p> <br \/>\n<\/p>\n<div id=\"\">\n<figure class=\"materia__midia\" style=\"float: none; margin: 24px 0px;\" data-midia=\"1300209\"><img decoding=\"async\" src=\"https:\/\/www.camara.leg.br\/midias\/image\/2026\/08\/guia-a-gente-usa-557x379.jpg\"\/><figcaption><span class=\"materia__legenda-imagem\">Guia deve apoiar a implementa\u00e7\u00e3o do ECA Digital<\/span> &#8211; <span class=\"materia__creditos-imagem\" style=\"color:#5f5f5e\">Foto: Divulga\u00e7\u00e3o \/ IEPS<\/span><\/figcaption><\/figure>\n<p>O Instituto de Estudos para Pol\u00edticas de Sa\u00fade (Ieps), o Junt\u00f4 \u2013 Iniciativa Brasileira de Sa\u00fade Mental de Crian\u00e7as e Adolescentes \u2013 e a Frente Parlamentar Mista para Promo\u00e7\u00e3o da Sa\u00fade Mental lan\u00e7aram o guia \u201cA gente usa, a gente decide\u201d. O guia pretende apoiar a implementa\u00e7\u00e3o do ECA Digital a partir da experi\u00eancia do usu\u00e1rio.<\/p>\n<p>Foram ouvidos jovens de v\u00e1rias regi\u00f5es do pa\u00eds que constru\u00edram 14 recomenda\u00e7\u00f5es para a regulamenta\u00e7\u00e3o da lei, como explicou o presidente da frente parlamentar, deputado Pedro Campos (PSB-PE).<\/p>\n<p>\u201cO guia \u2018A gente usa, a gente decide\u2019 \u00e9 fundamental para que n\u00f3s possamos falar com os tomadores de decis\u00e3o, com aqueles que est\u00e3o escrevendo os decretos, implementando a legisla\u00e7\u00e3o na pr\u00e1tica, e colocar a perspectiva das juventudes nesse processo. E que a gente possa sempre assegurar que o ambiente digital seja um espa\u00e7o de garantia de sa\u00fade mental e n\u00e3o um espa\u00e7o de adoecimento dessas popula\u00e7\u00f5es\u201d, disse.<\/p>\n<p>N\u00fabia Ribeiro, do Junt\u00f4, relatou um problema muito comum ressaltado nas conversas com os jovens. \u201cMuitos jovens relataram que criaram uma conta e, a partir de um certo tempo, n\u00e3o conseguiam mais sair. Entravam em um estado de m\u00e1 rela\u00e7\u00e3o com a rede, onde queriam desativar a conta e n\u00e3o conseguiam. Ent\u00e3o a gente come\u00e7ou a entender que isso era um problema de pol\u00edtica p\u00fablica, porque estava impactando negativamente a vida de muitos jovens no Brasil todo e no mundo.\u201d<\/p>\n<h3 class=\"ds-titulo-subsecao\">T\u00f3picos do guia<\/h3>\n<p>Confira os 14 t\u00f3picos do guia:<\/p>\n<ul>\n<li>seguran\u00e7a por idade e supervis\u00e3o parental;<\/li>\n<li>limita\u00e7\u00e3o de mecanismos de reten\u00e7\u00e3o;<\/li>\n<li>desativa\u00e7\u00e3o de notifica\u00e7\u00f5es por padr\u00e3o;<\/li>\n<li>controle efetivo de tempo de uso;<\/li>\n<li>sistemas de den\u00fancia eficazes e acess\u00edveis;<\/li>\n<li>redu\u00e7\u00e3o da l\u00f3gica de competi\u00e7\u00e3o social;<\/li>\n<li>algoritmos orientados ao bem-estar;<\/li>\n<li>prote\u00e7\u00e3o contra cyberbullying e outras formas de viol\u00eancia digital;<\/li>\n<li>prote\u00e7\u00e3o contra padr\u00f5es irreais de apar\u00eancia;<\/li>\n<li>educa\u00e7\u00e3o midi\u00e1tica integrada \u00e0s plataformas;<\/li>\n<li>transpar\u00eancia e responsabiliza\u00e7\u00e3o no uso de IA;<\/li>\n<li>combate \u00e0 desinforma\u00e7\u00e3o e conte\u00fados enganosos;<\/li>\n<li>diversidade e equil\u00edbrio informacional; e<\/li>\n<li>design orientado ao desenvolvimento saud\u00e1vel.<\/li>\n<\/ul>\n<p>O guia \u201cA gente usa, a gente decide\u201d pode ser encontrado na <a href=\"https:\/\/ieps.org.br\/guia-implementacao-eca-digital-experiencia-jovem\" target=\"_blank\" rel=\"noopener noreferrer\">p\u00e1gina do Ieps<\/a>.<\/p>\n<\/p><\/div>\n<p><br \/>\n<br \/><a href=\"https:\/\/www.camara.leg.br\/noticias\/1300151-frente-parlamentar-lanca-guia-para-regulamentacao-do-eca-digital\">postagem original <\/a><\/p>\n","protected":false},"excerpt":{"rendered":"<p>Guia deve apoiar a implementa\u00e7\u00e3o do ECA Digital &#8211; Foto: Divulga\u00e7\u00e3o \/ IEPS O Instituto de Estudos para Pol\u00edticas de [&hellip;]<\/p>\n","protected":false},"author":1,"featured_media":6909,"comment_status":"open","ping_status":"open","sticky":false,"template":"","format":"standard","meta":{"site-sidebar-layout":"default","site-content-layout":"","ast-site-content-layout":"default","site-content-style":"default","site-sidebar-style":"default","ast-global-header-display":"","ast-banner-title-visibility":"","ast-main-header-display":"","ast-hfb-above-header-display":"","ast-hfb-below-header-display":"","ast-hfb-mobile-header-display":"","site-post-title":"","ast-breadcrumbs-content":"","ast-featured-img":"","footer-sml-layout":"","theme-transparent-header-meta":"","adv-header-id-meta":"","stick-header-meta":"","header-above-stick-meta":"","header-main-stick-meta":"","header-below-stick-meta":"","astra-migrate-meta-layouts":"default","ast-page-background-enabled":"default","ast-page-background-meta":{"desktop":{"background-color":"var(--ast-global-color-5)","background-image":"","background-repeat":"repeat","background-position":"center center","background-size":"auto","background-attachment":"scroll","background-type":"","background-media":"","overlay-type":"","overlay-color":"","overlay-opacity":"","overlay-gradient":""},"tablet":{"background-color":"","background-image":"","background-repeat":"repeat","background-position":"center center","background-size":"auto","background-attachment":"scroll","background-type":"","background-media":"","overlay-type":"","overlay-color":"","overlay-opacity":"","overlay-gradient":""},"mobile":{"background-color":"","background-image":"","background-repeat":"repeat","background-position":"center center","background-size":"auto","background-attachment":"scroll","background-type":"","background-media":"","overlay-type":"","overlay-color":"","overlay-opacity":"","overlay-gradient":""}},"ast-content-background-meta":{"desktop":{"background-color":"var(--ast-global-color-4)","background-image":"","background-repeat":"repeat","background-position":"center center","background-size":"auto","background-attachment":"scroll","background-type":"","background-media":"","overlay-type":"","overlay-color":"","overlay-opacity":"","overlay-gradient":""},"tablet":{"background-color":"var(--ast-global-color-4)","background-image":"","background-repeat":"repeat","background-position":"center center","background-size":"auto","background-attachment":"scroll","background-type":"","background-media":"","overlay-type":"","overlay-color":"","overlay-opacity":"","overlay-gradient":""},"mobile":{"background-color":"var(--ast-global-color-4)","background-image":"","background-repeat":"repeat","background-position":"center center","background-size":"auto","background-attachment":"scroll","background-type":"","background-media":"","overlay-type":"","overlay-color":"","overlay-opacity":"","overlay-gradient":""}},"_joinchat":[],"footnotes":""},"categories":[31],"tags":[],"_links":{"self":[{"href":"https:\/\/radiosantaclara.sitetopfm.com.br\/site\/wp-json\/wp\/v2\/posts\/10984"}],"collection":[{"href":"https:\/\/radiosantaclara.sitetopfm.com.br\/site\/wp-json\/wp\/v2\/posts"}],"about":[{"href":"https:\/\/radiosantaclara.sitetopfm.com.br\/site\/wp-json\/wp\/v2\/types\/post"}],"author":[{"embeddable":true,"href":"https:\/\/radiosantaclara.sitetopfm.com.br\/site\/wp-json\/wp\/v2\/users\/1"}],"replies":[{"embeddable":true,"href":"https:\/\/radiosantaclara.sitetopfm.com.br\/site\/wp-json\/wp\/v2\/comments?post=10984"}],"version-history":[{"count":0,"href":"https:\/\/radiosantaclara.sitetopfm.com.br\/site\/wp-json\/wp\/v2\/posts\/10984\/revisions"}],"wp:featuredmedia":[{"embeddable":true,"href":"https:\/\/radiosantaclara.sitetopfm.com.br\/site\/wp-json\/wp\/v2\/media\/6909"}],"wp:attachment":[{"href":"https:\/\/radiosantaclara.sitetopfm.com.br\/site\/wp-json\/wp\/v2\/media?parent=10984"}],"wp:term":[{"taxonomy":"category","embeddable":true,"href":"https:\/\/radiosantaclara.sitetopfm.com.br\/site\/wp-json\/wp\/v2\/categories?post=10984"},{"taxonomy":"post_tag","embeddable":true,"href":"https:\/\/radiosantaclara.sitetopfm.com.br\/site\/wp-json\/wp\/v2\/tags?post=10984"}],"curies":[{"name":"wp","href":"https:\/\/api.w.org\/{rel}","templated":true}]}}