{"id":10982,"date":"2026-08-25T15:21:25","date_gmt":"2026-08-25T18:21:25","guid":{"rendered":"https:\/\/radiosantaclara.sitetopfm.com.br\/site\/medida-provisoria-prorroga-suspensao-de-tributos-para-exportadores-afetados-por-tarifas-dos-eua\/"},"modified":"2026-08-25T15:21:25","modified_gmt":"2026-08-25T18:21:25","slug":"medida-provisoria-prorroga-suspensao-de-tributos-para-exportadores-afetados-por-tarifas-dos-eua","status":"publish","type":"post","link":"https:\/\/radiosantaclara.sitetopfm.com.br\/site\/medida-provisoria-prorroga-suspensao-de-tributos-para-exportadores-afetados-por-tarifas-dos-eua\/","title":{"rendered":"Medida provis\u00f3ria prorroga suspens\u00e3o de tributos para exportadores afetados por tarifas dos EUA"},"content":{"rendered":"<p> <br \/>\n<\/p>\n<div id=\"\">\n<figure class=\"materia__midia\" style=\"float: none; margin: 24px 0px;\" data-midia=\"1300004\"><img decoding=\"async\" src=\"https:\/\/www.camara.leg.br\/midias\/image\/2026\/08\/porto-de-santos-768x432.jpg\" alt=\"Vista de cima de parte do Porto de Santos (SP) mostra pilhas de cont\u00eaineres e navio sendo carregado\"\/><figcaption><span class=\"materia__legenda-imagem\">A prorroga\u00e7\u00e3o dever\u00e1 beneficiar empresas comprovadamente afetadas pelo tarifa\u00e7o dos Estados Unidos<\/span> &#8211; <span class=\"materia__creditos-imagem\" style=\"color:#5f5f5e\">Foto: Depositphotos<\/span><\/figcaption><\/figure>\n<p>A Medida Provis\u00f3ria (MP) 1386\/26 prorroga de forma excepcional, por mais um ano, os prazos de suspens\u00e3o de tributos previstos no regime aduaneiro especial de <em>drawback<\/em>. O texto foi publicado no Di\u00e1rio Oficial da Uni\u00e3o desta ter\u00e7a-feira (25).<\/p>\n<p>O <em>drawback<\/em> prev\u00ea isen\u00e7\u00e3o ou desconto nos insumos para bens destinados \u00e0 exporta\u00e7\u00e3o. Pela MP, a prorroga\u00e7\u00e3o desse regime especial dever\u00e1 beneficiar empresas comprovadamente afetadas pelo tarifa\u00e7o dos Estados Unidos.<\/p>\n<p>A MP altera a <a class=\"linkLegislacao\" href=\"https:\/\/www2.camara.gov.br\/legin\/fed\/lei\/2009\/lei-11945-4-junho-2009-588669-norma-pl.html\" target=\"_blank\" rel=\"noopener noreferrer\">Lei 11.945\/09<\/a>. A extens\u00e3o do prazo valer\u00e1 apenas nos casos em que a data final das suspens\u00f5es tribut\u00e1rias vinculadas ao ato concess\u00f3rio esteja compreendida entre 22 de julho de 2026 e 31 de dezembro de 2026.<\/p>\n<h3 class=\"ds-titulo-subsecao\">Regras para o benef\u00edcio<\/h3>\n<p>\n                        Para ter direito \u00e0 prorroga\u00e7\u00e3o excepcional, os prazos originais j\u00e1 devem ter sido objeto de prorroga\u00e7\u00e3o anterior. Al\u00e9m disso, a an\u00e1lise de encerramento do benef\u00edcio n\u00e3o pode ter sido conclu\u00edda at\u00e9 a data de entrada em vigor da MP.<\/p>\n<p>A concess\u00e3o do prazo extra ficar\u00e1 condicionada \u00e0 apresenta\u00e7\u00e3o de documentos pelo exportador, atestando a inten\u00e7\u00e3o comercial, preexistente \u00e0 edi\u00e7\u00e3o da medida provis\u00f3ria, de venda dos produtos para os Estados Unidos.<\/p>\n<p>Dados do Minist\u00e9rio do Desenvolvimento, Ind\u00fastria, Com\u00e9rcio e Servi\u00e7os apontam que US$ 1,2 bilh\u00e3o em vendas para os EUA em 2025 envolveram produtos potencialmente afetados e amparados pelo regime de <em>drawback<\/em>.<\/p>\n<h3 class=\"ds-titulo-subsecao\">Pr\u00f3ximos passos<\/h3>\n<p>\n                        A Medida Provis\u00f3ria 1386\/26 j\u00e1 est\u00e1 em vigor, mas precisa ser aprovada pelo Congresso Nacional para ser convertida em lei.<\/p>\n<p>O texto ser\u00e1 analisado por uma <span id=\"4084\" class=\"termoGlossario materia__glossario\" title=\"Comiss\u00e3o integrada por deputados e senadores, constitu\u00edda para tratar de mat\u00e9ria de compet\u00eancia do Congresso Nacional. Pode ter car\u00e1ter permanente ou tempor\u00e1rio.\" contenteditable=\"false\" data-toggle=\"tooltip\" data-placement=\"top\" style=\"color:#5f5f5e;border-bottom:none\">comiss\u00e3o mista<\/span> e, depois, pelos plen\u00e1rios da C\u00e2mara dos Deputados e do Senado.<\/p>\n<p><a href=\"https:\/\/www.camara.leg.br\/noticias\/573452-saiba-mais-sobre-a-tramitacao-de-mps\">Saiba mais sobre a tramita\u00e7\u00e3o de medidas provis\u00f3rias<\/a><\/p>\n<\/p><\/div>\n<p><br \/>\n<br \/><a href=\"https:\/\/www.camara.leg.br\/noticias\/1299980-medida-provisoria-prorroga-suspensao-de-tributos-para-exportadores-afetados-por-tarifas-dos-eua\">postagem original <\/a><\/p>\n","protected":false},"excerpt":{"rendered":"<p>A prorroga\u00e7\u00e3o dever\u00e1 beneficiar empresas comprovadamente afetadas pelo tarifa\u00e7o dos Estados Unidos &#8211; Foto: Depositphotos A Medida Provis\u00f3ria (MP) 1386\/26 [&hellip;]<\/p>\n","protected":false},"author":1,"featured_media":6909,"comment_status":"open","ping_status":"open","sticky":false,"template":"","format":"standard","meta":{"site-sidebar-layout":"default","site-content-layout":"","ast-site-content-layout":"default","site-content-style":"default","site-sidebar-style":"default","ast-global-header-display":"","ast-banner-title-visibility":"","ast-main-header-display":"","ast-hfb-above-header-display":"","ast-hfb-below-header-display":"","ast-hfb-mobile-header-display":"","site-post-title":"","ast-breadcrumbs-content":"","ast-featured-img":"","footer-sml-layout":"","theme-transparent-header-meta":"","adv-header-id-meta":"","stick-header-meta":"","header-above-stick-meta":"","header-main-stick-meta":"","header-below-stick-meta":"","astra-migrate-meta-layouts":"default","ast-page-background-enabled":"default","ast-page-background-meta":{"desktop":{"background-color":"var(--ast-global-color-5)","background-image":"","background-repeat":"repeat","background-position":"center center","background-size":"auto","background-attachment":"scroll","background-type":"","background-media":"","overlay-type":"","overlay-color":"","overlay-opacity":"","overlay-gradient":""},"tablet":{"background-color":"","background-image":"","background-repeat":"repeat","background-position":"center center","background-size":"auto","background-attachment":"scroll","background-type":"","background-media":"","overlay-type":"","overlay-color":"","overlay-opacity":"","overlay-gradient":""},"mobile":{"background-color":"","background-image":"","background-repeat":"repeat","background-position":"center center","background-size":"auto","background-attachment":"scroll","background-type":"","background-media":"","overlay-type":"","overlay-color":"","overlay-opacity":"","overlay-gradient":""}},"ast-content-background-meta":{"desktop":{"background-color":"var(--ast-global-color-4)","background-image":"","background-repeat":"repeat","background-position":"center center","background-size":"auto","background-attachment":"scroll","background-type":"","background-media":"","overlay-type":"","overlay-color":"","overlay-opacity":"","overlay-gradient":""},"tablet":{"background-color":"var(--ast-global-color-4)","background-image":"","background-repeat":"repeat","background-position":"center center","background-size":"auto","background-attachment":"scroll","background-type":"","background-media":"","overlay-type":"","overlay-color":"","overlay-opacity":"","overlay-gradient":""},"mobile":{"background-color":"var(--ast-global-color-4)","background-image":"","background-repeat":"repeat","background-position":"center center","background-size":"auto","background-attachment":"scroll","background-type":"","background-media":"","overlay-type":"","overlay-color":"","overlay-opacity":"","overlay-gradient":""}},"_joinchat":[],"footnotes":""},"categories":[34],"tags":[],"_links":{"self":[{"href":"https:\/\/radiosantaclara.sitetopfm.com.br\/site\/wp-json\/wp\/v2\/posts\/10982"}],"collection":[{"href":"https:\/\/radiosantaclara.sitetopfm.com.br\/site\/wp-json\/wp\/v2\/posts"}],"about":[{"href":"https:\/\/radiosantaclara.sitetopfm.com.br\/site\/wp-json\/wp\/v2\/types\/post"}],"author":[{"embeddable":true,"href":"https:\/\/radiosantaclara.sitetopfm.com.br\/site\/wp-json\/wp\/v2\/users\/1"}],"replies":[{"embeddable":true,"href":"https:\/\/radiosantaclara.sitetopfm.com.br\/site\/wp-json\/wp\/v2\/comments?post=10982"}],"version-history":[{"count":0,"href":"https:\/\/radiosantaclara.sitetopfm.com.br\/site\/wp-json\/wp\/v2\/posts\/10982\/revisions"}],"wp:featuredmedia":[{"embeddable":true,"href":"https:\/\/radiosantaclara.sitetopfm.com.br\/site\/wp-json\/wp\/v2\/media\/6909"}],"wp:attachment":[{"href":"https:\/\/radiosantaclara.sitetopfm.com.br\/site\/wp-json\/wp\/v2\/media?parent=10982"}],"wp:term":[{"taxonomy":"category","embeddable":true,"href":"https:\/\/radiosantaclara.sitetopfm.com.br\/site\/wp-json\/wp\/v2\/categories?post=10982"},{"taxonomy":"post_tag","embeddable":true,"href":"https:\/\/radiosantaclara.sitetopfm.com.br\/site\/wp-json\/wp\/v2\/tags?post=10982"}],"curies":[{"name":"wp","href":"https:\/\/api.w.org\/{rel}","templated":true}]}}