{"id":10981,"date":"2026-08-25T12:51:25","date_gmt":"2026-08-25T15:51:25","guid":{"rendered":"https:\/\/radiosantaclara.sitetopfm.com.br\/site\/projeto-garante-remedios-para-sindrome-rara-no-sus-e-em-planos-de-saude\/"},"modified":"2026-08-25T12:51:25","modified_gmt":"2026-08-25T15:51:25","slug":"projeto-garante-remedios-para-sindrome-rara-no-sus-e-em-planos-de-saude","status":"publish","type":"post","link":"https:\/\/radiosantaclara.sitetopfm.com.br\/site\/projeto-garante-remedios-para-sindrome-rara-no-sus-e-em-planos-de-saude\/","title":{"rendered":"Projeto garante rem\u00e9dios para s\u00edndrome rara no SUS e em planos de sa\u00fade"},"content":{"rendered":"<p> <br \/>\n<\/p>\n<div id=\"\">\n<figure class=\"materia__midia\" style=\"float: none; margin: 24px 0px;\" data-midia=\"1233819\"><img decoding=\"async\" src=\"https:\/\/www.camara.leg.br\/midias\/image\/2025\/12\/d6a2761-768x512.jpg\"\/><figcaption><span class=\"materia__legenda-imagem\">Segundo deputado, o acesso ao tratamento para a doen\u00e7a no Brasil ainda \u00e9 muito restrito<\/span> &#8211; <span class=\"materia__creditos-imagem\" style=\"color:#5f5f5e\">Foto: Fernando Fraz\u00e3o\/Ag\u00eancia Brasil<\/span><\/figcaption><\/figure>\n<p>O Projeto de Lei 2732\/26 assegura tratamento pelo Sistema \u00danico de Sa\u00fade (SUS) para pacientes com S\u00edndrome Hemol\u00edtico-Ur\u00eamica at\u00edpica (SHUa). O texto tamb\u00e9m obriga planos de sa\u00fade a cobrirem o tratamento domiciliar para essa condi\u00e7\u00e3o, seja ele de uso oral ou injet\u00e1vel.<\/p>\n<p>A SHUa \u00e9 uma doen\u00e7a rara. Nela, o sistema de defesa do corpo (sistema imunol\u00f3gico) passa a atacar c\u00e9lulas saud\u00e1veis, por erro gen\u00e9tico ou por anticorpos.<\/p>\n<p>Os principais sintomas s\u00e3o cansa\u00e7o extremo, palidez e manchas roxas na pele, relacionados a anemia, queda de plaquetas e les\u00e3o renal aguda.<\/p>\n<p>Segundo o autor, deputado Roberto Monteiro Pai (PL-RJ), o acesso a terapias modernas para tratar a SHUa no Brasil ainda \u00e9 muito restrito, o que gera inseguran\u00e7a para fam\u00edlias que dependem do governo para o tratamento.<\/p>\n<h3 class=\"ds-titulo-subsecao\">Produ\u00e7\u00e3o nacional<\/h3>\n<p>\n                        Pela proposta, o governo federal deve priorizar a pesquisa e a produ\u00e7\u00e3o nacional desses rem\u00e9dios, com foco na capacidade da Funda\u00e7\u00e3o Oswaldo Cruz (Fiocruz). A inten\u00e7\u00e3o \u00e9 reduzir a depend\u00eancia de importa\u00e7\u00f5es e permitir a autossufici\u00eancia no cuidado com os pacientes.<\/p>\n<p>\u201c\u00c9 o dever do Estado assegurar que cidad\u00e3os com doen\u00e7as raras n\u00e3o sejam deixados para tr\u00e1s por quest\u00f5es burocr\u00e1ticas ou econ\u00f4micas\u201d, afirma o parlamentar.<\/p>\n<p>O autor sugere que a futura lei receba o nome de Paulo Felipe da Silva, \u201cem homenagem \u00e0 inspiradora luta pelo acesso a tratamentos para a SHUa\u201d.<\/p>\n<h3 class=\"ds-titulo-subsecao\">Pr\u00f3ximas etapas<\/h3>\n<p>O projeto ser\u00e1 analisado, em <span id=\"4322\" class=\"termoGlossario materia__glossario\" title=\"Rito de tramita\u00e7\u00e3o pelo qual o projeto \u00e9 votado apenas pelas comiss\u00f5es designadas para analis\u00e1-lo, dispensada a delibera\u00e7\u00e3o do Plen\u00e1rio. O projeto perde o car\u00e1ter conclusivo se houver decis\u00e3o divergente entre as comiss\u00f5es ou se, independentemente de ser aprovado ou rejeitado, houver recurso assinado por 52 deputados para a aprecia\u00e7\u00e3o da mat\u00e9ria no Plen\u00e1rio.\" contenteditable=\"false\" data-toggle=\"tooltip\" data-placement=\"top\" style=\"color:#5f5f5e;border-bottom:none\">car\u00e1ter conclusivo<\/span>, pelas comiss\u00f5es de Sa\u00fade; de Finan\u00e7as e Tributa\u00e7\u00e3o; e de Constitui\u00e7\u00e3o e Justi\u00e7a e de Cidadania.<\/p>\n<p>Para virar lei, o texto deve ser aprovado pela C\u00e2mara e pelo Senado.<\/p>\n<p><a href=\"https:\/\/www.camara.leg.br\/noticias\/573454-SAIBA-MAIS-SOBRE-A-TRAMITACAO-DE-PROJETOS-DE-LEI\">Saiba mais sobre a tramita\u00e7\u00e3o de projetos de lei<\/a><\/p>\n<p>\u00a0<\/p>\n<div id=\"infografico-embed-944804\" style=\"width: 100%; max-width: 100%; overflow: hidden;\"><img decoding=\"async\" src=\"https:\/\/www.camara.leg.br\/internet\/agencia\/infograficos-html5\/doencas-raras\/images\/desktop.jpg\" alt=\"\" loading=\"lazy\" style=\"width: 100%; max-width: 100%; height: auto; display: block; border: 0; margin: 0 auto;\"\/><\/div>\n<p>\u00a0<\/p>\n<\/p><\/div>\n<p><br \/>\n<br \/><a href=\"https:\/\/www.camara.leg.br\/noticias\/1295828-projeto-garante-remedios-para-sindrome-rara-no-sus-e-em-planos-de-saude\">postagem original <\/a><\/p>\n","protected":false},"excerpt":{"rendered":"<p>Segundo deputado, o acesso ao tratamento para a doen\u00e7a no Brasil ainda \u00e9 muito restrito &#8211; Foto: Fernando Fraz\u00e3o\/Ag\u00eancia Brasil [&hellip;]<\/p>\n","protected":false},"author":1,"featured_media":6909,"comment_status":"open","ping_status":"open","sticky":false,"template":"","format":"standard","meta":{"site-sidebar-layout":"default","site-content-layout":"","ast-site-content-layout":"default","site-content-style":"default","site-sidebar-style":"default","ast-global-header-display":"","ast-banner-title-visibility":"","ast-main-header-display":"","ast-hfb-above-header-display":"","ast-hfb-below-header-display":"","ast-hfb-mobile-header-display":"","site-post-title":"","ast-breadcrumbs-content":"","ast-featured-img":"","footer-sml-layout":"","theme-transparent-header-meta":"","adv-header-id-meta":"","stick-header-meta":"","header-above-stick-meta":"","header-main-stick-meta":"","header-below-stick-meta":"","astra-migrate-meta-layouts":"default","ast-page-background-enabled":"default","ast-page-background-meta":{"desktop":{"background-color":"var(--ast-global-color-5)","background-image":"","background-repeat":"repeat","background-position":"center center","background-size":"auto","background-attachment":"scroll","background-type":"","background-media":"","overlay-type":"","overlay-color":"","overlay-opacity":"","overlay-gradient":""},"tablet":{"background-color":"","background-image":"","background-repeat":"repeat","background-position":"center center","background-size":"auto","background-attachment":"scroll","background-type":"","background-media":"","overlay-type":"","overlay-color":"","overlay-opacity":"","overlay-gradient":""},"mobile":{"background-color":"","background-image":"","background-repeat":"repeat","background-position":"center center","background-size":"auto","background-attachment":"scroll","background-type":"","background-media":"","overlay-type":"","overlay-color":"","overlay-opacity":"","overlay-gradient":""}},"ast-content-background-meta":{"desktop":{"background-color":"var(--ast-global-color-4)","background-image":"","background-repeat":"repeat","background-position":"center center","background-size":"auto","background-attachment":"scroll","background-type":"","background-media":"","overlay-type":"","overlay-color":"","overlay-opacity":"","overlay-gradient":""},"tablet":{"background-color":"var(--ast-global-color-4)","background-image":"","background-repeat":"repeat","background-position":"center center","background-size":"auto","background-attachment":"scroll","background-type":"","background-media":"","overlay-type":"","overlay-color":"","overlay-opacity":"","overlay-gradient":""},"mobile":{"background-color":"var(--ast-global-color-4)","background-image":"","background-repeat":"repeat","background-position":"center center","background-size":"auto","background-attachment":"scroll","background-type":"","background-media":"","overlay-type":"","overlay-color":"","overlay-opacity":"","overlay-gradient":""}},"_joinchat":[],"footnotes":""},"categories":[36],"tags":[],"_links":{"self":[{"href":"https:\/\/radiosantaclara.sitetopfm.com.br\/site\/wp-json\/wp\/v2\/posts\/10981"}],"collection":[{"href":"https:\/\/radiosantaclara.sitetopfm.com.br\/site\/wp-json\/wp\/v2\/posts"}],"about":[{"href":"https:\/\/radiosantaclara.sitetopfm.com.br\/site\/wp-json\/wp\/v2\/types\/post"}],"author":[{"embeddable":true,"href":"https:\/\/radiosantaclara.sitetopfm.com.br\/site\/wp-json\/wp\/v2\/users\/1"}],"replies":[{"embeddable":true,"href":"https:\/\/radiosantaclara.sitetopfm.com.br\/site\/wp-json\/wp\/v2\/comments?post=10981"}],"version-history":[{"count":0,"href":"https:\/\/radiosantaclara.sitetopfm.com.br\/site\/wp-json\/wp\/v2\/posts\/10981\/revisions"}],"wp:featuredmedia":[{"embeddable":true,"href":"https:\/\/radiosantaclara.sitetopfm.com.br\/site\/wp-json\/wp\/v2\/media\/6909"}],"wp:attachment":[{"href":"https:\/\/radiosantaclara.sitetopfm.com.br\/site\/wp-json\/wp\/v2\/media?parent=10981"}],"wp:term":[{"taxonomy":"category","embeddable":true,"href":"https:\/\/radiosantaclara.sitetopfm.com.br\/site\/wp-json\/wp\/v2\/categories?post=10981"},{"taxonomy":"post_tag","embeddable":true,"href":"https:\/\/radiosantaclara.sitetopfm.com.br\/site\/wp-json\/wp\/v2\/tags?post=10981"}],"curies":[{"name":"wp","href":"https:\/\/api.w.org\/{rel}","templated":true}]}}