{"id":10970,"date":"2026-08-24T12:30:31","date_gmt":"2026-08-24T15:30:31","guid":{"rendered":"https:\/\/radiosantaclara.sitetopfm.com.br\/site\/projeto-obriga-seguradora-a-oferecer-carro-reserva-a-terceiro-prejudicado-em-acidente-de-transito\/"},"modified":"2026-08-24T12:30:31","modified_gmt":"2026-08-24T15:30:31","slug":"projeto-obriga-seguradora-a-oferecer-carro-reserva-a-terceiro-prejudicado-em-acidente-de-transito","status":"publish","type":"post","link":"https:\/\/radiosantaclara.sitetopfm.com.br\/site\/projeto-obriga-seguradora-a-oferecer-carro-reserva-a-terceiro-prejudicado-em-acidente-de-transito\/","title":{"rendered":"Projeto obriga seguradora a oferecer carro reserva a terceiro prejudicado em acidente de tr\u00e2nsito"},"content":{"rendered":"<p> <br \/>\n<\/p>\n<div id=\"\">\n<figure class=\"materia__midia\" style=\"float: none; margin: 24px 0px;\" data-midia=\"1299712\"><img decoding=\"async\" src=\"https:\/\/www.camara.leg.br\/midias\/image\/2026\/08\/img20220513082840870-768x512.jpg\" alt=\"Transporte - acidentes - autom\u00f3vel - acidente automobil\u00edstico - seguro de carro\"\/><figcaption><span class=\"materia__legenda-imagem\">https:\/\/www.camara.leg.br\/internet\/bancoimagem\/banco\/2022\/05\/img20220513082840870.jpg<\/span> &#8211; <span class=\"materia__creditos-imagem\" style=\"color:#5f5f5e\">Foto: Depositphotos<\/span><\/figcaption><\/figure>\n<p>O Projeto de Lei PL 3218\/26 obriga seguradoras a fornecer carro reserva ao terceiro prejudicado em acidente de tr\u00e2nsito quando ficar comprovada a responsabilidade do segurado. O autom\u00f3vel dever\u00e1 ser disponibilizado \u00e0 v\u00edtima em at\u00e9 cinco dias \u00fateis e permanecer \u00e0 sua disposi\u00e7\u00e3o at\u00e9 o reparo ou a substitui\u00e7\u00e3o do bem danificado.<\/p>\n<p>A proposta est\u00e1 em an\u00e1lise na C\u00e2mara dos Deputados.<\/p>\n<p>A regra ser\u00e1 inclu\u00edda na lei que estabelece normas para os seguros privados (<a class=\"linkLegislacao\" href=\"https:\/\/www2.camara.gov.br\/legin\/fed\/lei\/2024\/lei-15040-9-dezembro-2024-796661-norma-pl.html\" target=\"_blank\" rel=\"noopener noreferrer\">Lei 15.040\/24<\/a>). A obriga\u00e7\u00e3o valer\u00e1 para contratos de seguro automotivo que tenham cobertura de responsabilidade civil.<\/p>\n<p>Pelo projeto, o ve\u00edculo reserva dever\u00e1 ser compat\u00edvel com a categoria do que foi danificado. O prazo de cinco dias \u00fateis ser\u00e1 contado a partir da comunica\u00e7\u00e3o do acidente \u00e0 seguradora pelo segurado.<\/p>\n<p>Atualmente, a lei j\u00e1 prev\u00ea a cobertura dos preju\u00edzos causados a terceiros pelo segurado, mas n\u00e3o obriga a seguradora a fornecer ve\u00edculo reserva durante o per\u00edodo de reparo.<\/p>\n<p>Para o autor, deputado Geraldo Resende (Uni\u00e3o-MS) , a falta do ve\u00edculo pode prejudicar atividades profissionais, tratamentos de sa\u00fade, compromissos familiares e outras necessidades do dia a dia.<\/p>\n<p>\u201cA disponibiliza\u00e7\u00e3o de ve\u00edculo reserva constitui medida razo\u00e1vel e proporcional para assegurar a efetiva recomposi\u00e7\u00e3o dos preju\u00edzos suportados pelo terceiro inocente\u201d, sustentou.<\/p>\n<h3 class=\"ds-titulo-subsecao\">Pr\u00f3ximos passos<\/h3>\n<p>O projeto ser\u00e1 analisado de <span id=\"4322\" class=\"termoGlossario materia__glossario\" title=\"Rito de tramita\u00e7\u00e3o pelo qual o projeto \u00e9 votado apenas pelas comiss\u00f5es designadas para analis\u00e1-lo, dispensada a delibera\u00e7\u00e3o do Plen\u00e1rio. O projeto perde o car\u00e1ter conclusivo se houver decis\u00e3o divergente entre as comiss\u00f5es ou se, independentemente de ser aprovado ou rejeitado, houver recurso assinado por 52 deputados para a aprecia\u00e7\u00e3o da mat\u00e9ria no Plen\u00e1rio.\" contenteditable=\"false\" data-toggle=\"tooltip\" data-placement=\"top\" style=\"color:#5f5f5e;border-bottom:none\">forma conclusiva<\/span> pela Comiss\u00e3o de Constitui\u00e7\u00e3o e Justi\u00e7a e de Cidadania. Para virar lei, precisa ser aprovado pela C\u00e2mara e pelo Senado.<\/p>\n<p><a href=\"https:\/\/www.camara.leg.br\/noticias\/573454-SAIBA-MAIS-SOBRE-A-TRAMITACAO-DE-PROJETOS-DE-LEI\">Saiba mais sobre a tramita\u00e7\u00e3o de projetos de lei<\/a><\/p>\n<\/p><\/div>\n<p><br \/>\n<br \/><a href=\"https:\/\/www.camara.leg.br\/noticias\/1299477-projeto-obriga-seguradora-a-oferecer-carro-reserva-a-terceiro-prejudicado-em-acidente-de-transito\">postagem original <\/a><\/p>\n","protected":false},"excerpt":{"rendered":"<p>https:\/\/www.camara.leg.br\/internet\/bancoimagem\/banco\/2022\/05\/img20220513082840870.jpg &#8211; Foto: Depositphotos O Projeto de Lei PL 3218\/26 obriga seguradoras a fornecer carro reserva ao terceiro prejudicado em [&hellip;]<\/p>\n","protected":false},"author":1,"featured_media":6909,"comment_status":"open","ping_status":"open","sticky":false,"template":"","format":"standard","meta":{"site-sidebar-layout":"default","site-content-layout":"","ast-site-content-layout":"default","site-content-style":"default","site-sidebar-style":"default","ast-global-header-display":"","ast-banner-title-visibility":"","ast-main-header-display":"","ast-hfb-above-header-display":"","ast-hfb-below-header-display":"","ast-hfb-mobile-header-display":"","site-post-title":"","ast-breadcrumbs-content":"","ast-featured-img":"","footer-sml-layout":"","theme-transparent-header-meta":"","adv-header-id-meta":"","stick-header-meta":"","header-above-stick-meta":"","header-main-stick-meta":"","header-below-stick-meta":"","astra-migrate-meta-layouts":"default","ast-page-background-enabled":"default","ast-page-background-meta":{"desktop":{"background-color":"var(--ast-global-color-5)","background-image":"","background-repeat":"repeat","background-position":"center center","background-size":"auto","background-attachment":"scroll","background-type":"","background-media":"","overlay-type":"","overlay-color":"","overlay-opacity":"","overlay-gradient":""},"tablet":{"background-color":"","background-image":"","background-repeat":"repeat","background-position":"center center","background-size":"auto","background-attachment":"scroll","background-type":"","background-media":"","overlay-type":"","overlay-color":"","overlay-opacity":"","overlay-gradient":""},"mobile":{"background-color":"","background-image":"","background-repeat":"repeat","background-position":"center center","background-size":"auto","background-attachment":"scroll","background-type":"","background-media":"","overlay-type":"","overlay-color":"","overlay-opacity":"","overlay-gradient":""}},"ast-content-background-meta":{"desktop":{"background-color":"var(--ast-global-color-4)","background-image":"","background-repeat":"repeat","background-position":"center center","background-size":"auto","background-attachment":"scroll","background-type":"","background-media":"","overlay-type":"","overlay-color":"","overlay-opacity":"","overlay-gradient":""},"tablet":{"background-color":"var(--ast-global-color-4)","background-image":"","background-repeat":"repeat","background-position":"center center","background-size":"auto","background-attachment":"scroll","background-type":"","background-media":"","overlay-type":"","overlay-color":"","overlay-opacity":"","overlay-gradient":""},"mobile":{"background-color":"var(--ast-global-color-4)","background-image":"","background-repeat":"repeat","background-position":"center center","background-size":"auto","background-attachment":"scroll","background-type":"","background-media":"","overlay-type":"","overlay-color":"","overlay-opacity":"","overlay-gradient":""}},"_joinchat":[],"footnotes":""},"categories":[36],"tags":[],"_links":{"self":[{"href":"https:\/\/radiosantaclara.sitetopfm.com.br\/site\/wp-json\/wp\/v2\/posts\/10970"}],"collection":[{"href":"https:\/\/radiosantaclara.sitetopfm.com.br\/site\/wp-json\/wp\/v2\/posts"}],"about":[{"href":"https:\/\/radiosantaclara.sitetopfm.com.br\/site\/wp-json\/wp\/v2\/types\/post"}],"author":[{"embeddable":true,"href":"https:\/\/radiosantaclara.sitetopfm.com.br\/site\/wp-json\/wp\/v2\/users\/1"}],"replies":[{"embeddable":true,"href":"https:\/\/radiosantaclara.sitetopfm.com.br\/site\/wp-json\/wp\/v2\/comments?post=10970"}],"version-history":[{"count":0,"href":"https:\/\/radiosantaclara.sitetopfm.com.br\/site\/wp-json\/wp\/v2\/posts\/10970\/revisions"}],"wp:featuredmedia":[{"embeddable":true,"href":"https:\/\/radiosantaclara.sitetopfm.com.br\/site\/wp-json\/wp\/v2\/media\/6909"}],"wp:attachment":[{"href":"https:\/\/radiosantaclara.sitetopfm.com.br\/site\/wp-json\/wp\/v2\/media?parent=10970"}],"wp:term":[{"taxonomy":"category","embeddable":true,"href":"https:\/\/radiosantaclara.sitetopfm.com.br\/site\/wp-json\/wp\/v2\/categories?post=10970"},{"taxonomy":"post_tag","embeddable":true,"href":"https:\/\/radiosantaclara.sitetopfm.com.br\/site\/wp-json\/wp\/v2\/tags?post=10970"}],"curies":[{"name":"wp","href":"https:\/\/api.w.org\/{rel}","templated":true}]}}