{"id":10955,"date":"2026-08-21T07:44:02","date_gmt":"2026-08-21T10:44:02","guid":{"rendered":"https:\/\/radiosantaclara.sitetopfm.com.br\/site\/comissao-aprova-projeto-que-preve-politica-de-protecao-tarifaria-para-passagens-aereas-na-amazonia-legal\/"},"modified":"2026-08-21T07:44:02","modified_gmt":"2026-08-21T10:44:02","slug":"comissao-aprova-projeto-que-preve-politica-de-protecao-tarifaria-para-passagens-aereas-na-amazonia-legal","status":"publish","type":"post","link":"https:\/\/radiosantaclara.sitetopfm.com.br\/site\/comissao-aprova-projeto-que-preve-politica-de-protecao-tarifaria-para-passagens-aereas-na-amazonia-legal\/","title":{"rendered":"Comiss\u00e3o aprova projeto que prev\u00ea pol\u00edtica de prote\u00e7\u00e3o tarif\u00e1ria para passagens a\u00e9reas na Amaz\u00f4nia Legal"},"content":{"rendered":"<p> <br \/>\n<\/p>\n<div id=\"\">\n<figure class=\"materia__midia\" style=\"float: none; margin: 24px 0px;\" data-midia=\"1290492\"><img decoding=\"async\" src=\"https:\/\/www.camara.leg.br\/midias\/image\/2026\/07\/img20241008174014733-768x473.jpg\" alt=\"Deputado Ricardo Ayres fala ao microfone\"\/><figcaption><span class=\"materia__legenda-imagem\">Ricardo Ayres recomendou a aprova\u00e7\u00e3o da proposta, com mudan\u00e7as<\/span> &#8211; <span class=\"materia__creditos-imagem\" style=\"color:#5f5f5e\">Foto: M\u00e1rio Agra\/C\u00e2mara dos Deputados<\/span><\/figcaption><\/figure>\n<p>A Comiss\u00e3o de Via\u00e7\u00e3o e Transportes da C\u00e2mara dos Deputados aprovou projeto de lei que cria a Pol\u00edtica Nacional de Conectividade A\u00e9rea da <span id=\"4337\" class=\"termoGlossario materia__glossario\" title=\"\u00c1rea institu\u00edda pela Lei 1.806\/53 para fins de planejamento econ\u00f4mico da regi\u00e3o amaz\u00f4nica. Abrange a totalidade dos estados do Acre, do Amap\u00e1, do Amazonas, do Par\u00e1, de Rond\u00f4nia, de Roraima e do Tocantins e parte dos estados do Maranh\u00e3o e do Mato Grosso, perfazendo uma superf\u00edcie de aproximadamente 5.217.423 km\u00b2, o que corresponde a cerca de 61% do territ\u00f3rio brasileiro.\" contenteditable=\"false\" data-toggle=\"tooltip\" data-placement=\"top\" style=\"color:#5f5f5e;border-bottom:none\">Amaz\u00f4nia Legal<\/span>. A medida busca o acesso cont\u00ednuo e economicamente vi\u00e1vel ao transporte a\u00e9reo.<\/p>\n<p>O texto aprovado \u00e9 a vers\u00e3o (<span id=\"4098\" class=\"termoGlossario materia__glossario\" title=\"Nome que se d\u00e1 ao texto que altera substancialmente o conte\u00fado original da proposta. O substitutivo \u00e9 apresentado pelo relator e tem prefer\u00eancia na vota\u00e7\u00e3o sobre o projeto original.\" contenteditable=\"false\" data-toggle=\"tooltip\" data-placement=\"top\" style=\"color:#5f5f5e;border-bottom:none\">substitutivo<\/span>) do relator, deputado Ricardo Ayres (Republicanos-TO), para o <a class=\"linkProposicao\" href=\"https:\/\/www.camara.leg.br\/noticias\/1293390-projeto-cria-politica-para-reduzir-custo-de-passagens-aereas-na-amazonia-legal\">Projeto de Lei 1408\/26<\/a>, do deputado Duda Ramos (Pode-RR).<\/p>\n<p>A nova reda\u00e7\u00e3o institui regime transit\u00f3rio para mitigar impactos da <a href=\"https:\/\/www.camara.leg.br\/noticias\/1028443-REFORMA-TRIBUTARIA-E-PROMULGADA-PELO-CONGRESSO;-LIRA-PREVE-A-GERACAO-DE-MILHARES-DE-EMPREGOS\">recente reforma tribut\u00e1ria sobre o consumo<\/a> nos pre\u00e7os das passagens na regi\u00e3o.<\/p>\n<p>\u201cA Amaz\u00f4nia apresenta caracter\u00edsticas geogr\u00e1ficas e log\u00edsticas que tornam o transporte a\u00e9reo elemento essencial para a integra\u00e7\u00e3o territorial, o acesso a servi\u00e7os p\u00fablicos e a circula\u00e7\u00e3o de pessoas e mercadorias\u201d, afirmou o relator.<\/p>\n<h3 class=\"ds-titulo-subsecao\">Compensa\u00e7\u00f5es e incentivos<\/h3>\n<p>\n                        Entre outras medidas, a Uni\u00e3o poder\u00e1 adotar compensa\u00e7\u00e3o financeira direta, cr\u00e9dito tribut\u00e1rio condicionado e equaliza\u00e7\u00e3o de custos operacionais.<\/p>\n<p>O texto condiciona os mecanismos compensat\u00f3rios a contrapartidas, como comprova\u00e7\u00e3o de repasse ao consumidor final e manuten\u00e7\u00e3o da frequ\u00eancia de voos.<\/p>\n<p>O substitutivo tamb\u00e9m prev\u00ea incentivos para a opera\u00e7\u00e3o de rotas estrat\u00e9gicas, priorizando trechos de baixa concorr\u00eancia. Al\u00e9m disso, determina a cria\u00e7\u00e3o de um sistema p\u00fablico de monitoramento da conectividade a\u00e9rea para divulgar pre\u00e7os m\u00e9dios, oferta de assentos e frequ\u00eancia dos voos.<\/p>\n<h3 class=\"ds-titulo-subsecao\">Pr\u00f3ximos passos<\/h3>\n<p>\n                        O projeto ainda ser\u00e1 analisado, em <span id=\"4322\" class=\"termoGlossario materia__glossario\" title=\"Rito de tramita\u00e7\u00e3o pelo qual o projeto \u00e9 votado apenas pelas comiss\u00f5es designadas para analis\u00e1-lo, dispensada a delibera\u00e7\u00e3o do Plen\u00e1rio. O projeto perde o car\u00e1ter conclusivo se houver decis\u00e3o divergente entre as comiss\u00f5es ou se, independentemente de ser aprovado ou rejeitado, houver recurso assinado por 52 deputados para a aprecia\u00e7\u00e3o da mat\u00e9ria no Plen\u00e1rio.\" contenteditable=\"false\" data-toggle=\"tooltip\" data-placement=\"top\" style=\"color:#5f5f5e;border-bottom:none\">car\u00e1ter conclusivo<\/span>, pelas comiss\u00f5es da Amaz\u00f4nia e dos Povos Origin\u00e1rios e Tradicionais; de Finan\u00e7as e Tributa\u00e7\u00e3o; e de Constitui\u00e7\u00e3o e Justi\u00e7a e de Cidadania.<\/p>\n<p>Para virar lei, o texto ter\u00e1 de ser aprovado pela C\u00e2mara e pelo Senado.<\/p>\n<p><a href=\"https:\/\/www.camara.leg.br\/noticias\/573454-SAIBA-MAIS-SOBRE-A-TRAMITACAO-DE-PROJETOS-DE-LEI\">Saiba mais sobre a tramita\u00e7\u00e3o de projetos de lei<\/a><strong><br \/><\/strong><\/p>\n<p>\u00a0<\/p>\n<div id=\"infografico-embed-693439\" style=\"width: 100%; max-width: 100%; overflow: hidden;\"><img decoding=\"async\" src=\"https:\/\/www.camara.leg.br\/internet\/agencia\/infograficos-html5\/amazonia-legal\/images\/desktop.jpg\" alt=\"\" loading=\"lazy\" style=\"width: 100%; max-width: 100%; height: auto; display: block; border: 0; margin: 0 auto;\"\/><\/div>\n<p>\u00a0<\/p>\n<\/p><\/div>\n<p><br \/>\n<br \/><a href=\"https:\/\/www.camara.leg.br\/noticias\/1298908-comissao-aprova-projeto-que-preve-politica-de-protecao-tarifaria-para-passagens-aereas-na-amazonia-legal\">postagem original <\/a><\/p>\n","protected":false},"excerpt":{"rendered":"<p>Ricardo Ayres recomendou a aprova\u00e7\u00e3o da proposta, com mudan\u00e7as &#8211; Foto: M\u00e1rio Agra\/C\u00e2mara dos Deputados A Comiss\u00e3o de Via\u00e7\u00e3o e [&hellip;]<\/p>\n","protected":false},"author":1,"featured_media":6909,"comment_status":"open","ping_status":"open","sticky":false,"template":"","format":"standard","meta":{"site-sidebar-layout":"default","site-content-layout":"","ast-site-content-layout":"default","site-content-style":"default","site-sidebar-style":"default","ast-global-header-display":"","ast-banner-title-visibility":"","ast-main-header-display":"","ast-hfb-above-header-display":"","ast-hfb-below-header-display":"","ast-hfb-mobile-header-display":"","site-post-title":"","ast-breadcrumbs-content":"","ast-featured-img":"","footer-sml-layout":"","theme-transparent-header-meta":"","adv-header-id-meta":"","stick-header-meta":"","header-above-stick-meta":"","header-main-stick-meta":"","header-below-stick-meta":"","astra-migrate-meta-layouts":"default","ast-page-background-enabled":"default","ast-page-background-meta":{"desktop":{"background-color":"var(--ast-global-color-5)","background-image":"","background-repeat":"repeat","background-position":"center center","background-size":"auto","background-attachment":"scroll","background-type":"","background-media":"","overlay-type":"","overlay-color":"","overlay-opacity":"","overlay-gradient":""},"tablet":{"background-color":"","background-image":"","background-repeat":"repeat","background-position":"center center","background-size":"auto","background-attachment":"scroll","background-type":"","background-media":"","overlay-type":"","overlay-color":"","overlay-opacity":"","overlay-gradient":""},"mobile":{"background-color":"","background-image":"","background-repeat":"repeat","background-position":"center center","background-size":"auto","background-attachment":"scroll","background-type":"","background-media":"","overlay-type":"","overlay-color":"","overlay-opacity":"","overlay-gradient":""}},"ast-content-background-meta":{"desktop":{"background-color":"var(--ast-global-color-4)","background-image":"","background-repeat":"repeat","background-position":"center center","background-size":"auto","background-attachment":"scroll","background-type":"","background-media":"","overlay-type":"","overlay-color":"","overlay-opacity":"","overlay-gradient":""},"tablet":{"background-color":"var(--ast-global-color-4)","background-image":"","background-repeat":"repeat","background-position":"center center","background-size":"auto","background-attachment":"scroll","background-type":"","background-media":"","overlay-type":"","overlay-color":"","overlay-opacity":"","overlay-gradient":""},"mobile":{"background-color":"var(--ast-global-color-4)","background-image":"","background-repeat":"repeat","background-position":"center center","background-size":"auto","background-attachment":"scroll","background-type":"","background-media":"","overlay-type":"","overlay-color":"","overlay-opacity":"","overlay-gradient":""}},"_joinchat":[],"footnotes":""},"categories":[36],"tags":[],"_links":{"self":[{"href":"https:\/\/radiosantaclara.sitetopfm.com.br\/site\/wp-json\/wp\/v2\/posts\/10955"}],"collection":[{"href":"https:\/\/radiosantaclara.sitetopfm.com.br\/site\/wp-json\/wp\/v2\/posts"}],"about":[{"href":"https:\/\/radiosantaclara.sitetopfm.com.br\/site\/wp-json\/wp\/v2\/types\/post"}],"author":[{"embeddable":true,"href":"https:\/\/radiosantaclara.sitetopfm.com.br\/site\/wp-json\/wp\/v2\/users\/1"}],"replies":[{"embeddable":true,"href":"https:\/\/radiosantaclara.sitetopfm.com.br\/site\/wp-json\/wp\/v2\/comments?post=10955"}],"version-history":[{"count":0,"href":"https:\/\/radiosantaclara.sitetopfm.com.br\/site\/wp-json\/wp\/v2\/posts\/10955\/revisions"}],"wp:featuredmedia":[{"embeddable":true,"href":"https:\/\/radiosantaclara.sitetopfm.com.br\/site\/wp-json\/wp\/v2\/media\/6909"}],"wp:attachment":[{"href":"https:\/\/radiosantaclara.sitetopfm.com.br\/site\/wp-json\/wp\/v2\/media?parent=10955"}],"wp:term":[{"taxonomy":"category","embeddable":true,"href":"https:\/\/radiosantaclara.sitetopfm.com.br\/site\/wp-json\/wp\/v2\/categories?post=10955"},{"taxonomy":"post_tag","embeddable":true,"href":"https:\/\/radiosantaclara.sitetopfm.com.br\/site\/wp-json\/wp\/v2\/tags?post=10955"}],"curies":[{"name":"wp","href":"https:\/\/api.w.org\/{rel}","templated":true}]}}