{"id":10940,"date":"2026-08-20T05:04:13","date_gmt":"2026-08-20T08:04:13","guid":{"rendered":"https:\/\/radiosantaclara.sitetopfm.com.br\/site\/comissao-aprova-uso-de-multas-por-racismo-no-combate-a-discriminacao\/"},"modified":"2026-08-20T05:04:13","modified_gmt":"2026-08-20T08:04:13","slug":"comissao-aprova-uso-de-multas-por-racismo-no-combate-a-discriminacao","status":"publish","type":"post","link":"https:\/\/radiosantaclara.sitetopfm.com.br\/site\/comissao-aprova-uso-de-multas-por-racismo-no-combate-a-discriminacao\/","title":{"rendered":"Comiss\u00e3o aprova uso de multas por racismo no combate \u00e0 discrimina\u00e7\u00e3o"},"content":{"rendered":"<p> <br \/>\n<\/p>\n<div id=\"\">\n<figure class=\"materia__midia\" style=\"float: none; margin: 24px 0px;\" data-midia=\"1286179\"><img decoding=\"async\" src=\"https:\/\/www.camara.leg.br\/midias\/image\/2026\/06\/img20260520174327497-768x473.jpeg\" alt=\"Audi\u00eancia P\u00fablica - Impactos das bets na popula\u00e7\u00e3o idosa no Brasil. Dep. Tadeu Veneri (PT - PR)\"\/><figcaption><span class=\"materia__legenda-imagem\">Texto aprovado \u00e9 a vers\u00e3o do relator, Tadeu Veneri<\/span> &#8211; <span class=\"materia__creditos-imagem\" style=\"color:#5f5f5e\">Foto: Kayo Magalh\u00e3es \/ C\u00e2mara dos deputados<\/span><\/figcaption><\/figure>\n<p>A Comiss\u00e3o de Direitos Humanos, Minorias e Igualdade Racial da C\u00e2mara dos Deputados aprovou proposta que destina recursos de multas aplicadas em condena\u00e7\u00e3o por crimes de racismo a a\u00e7\u00f5es de combate \u00e0 discrimina\u00e7\u00e3o racial no \u00e2mbito do Sistema Nacional de Promo\u00e7\u00e3o da Igualdade Racial (Sinapir).<\/p>\n<p><a href=\"https:\/\/www2.camara.leg.br\/legin\/fed\/lei\/2010\/lei-12288-20-julho-2010-607324-norma-pl.html\">Criado pelo Estatuto da Igualdade Racial<\/a>, o Sinapir funciona como uma rede de \u00f3rg\u00e3os p\u00fablicos que coordena pol\u00edticas voltadas \u00e0 popula\u00e7\u00e3o negra e a outros grupos \u00e9tnico-raciais.<\/p>\n<h3 class=\"ds-titulo-subsecao\">Como \u00e9 hoje<\/h3>\n<p>\n                        Hoje, o C\u00f3digo Penal determina que o dinheiro arrecadado com multas pagas por condenados seja destinado ao fundo penitenci\u00e1rio. Essa regra tamb\u00e9m se aplica \u00e0s multas dos crimes de preconceito de ra\u00e7a ou de cor previstos na <a class=\"linkLegislacao\" href=\"https:\/\/www2.camara.gov.br\/legin\/fed\/lei\/1989\/lei-7716-5-janeiro-1989-356354-norma-pl.html\" target=\"_blank\" rel=\"noopener noreferrer\">Lei 7.716\/89<\/a>.<\/p>\n<p>Com o texto aprovado, esse recurso passaria a financiar a\u00e7\u00f5es de combate ao racismo no respectivo ente federativo respons\u00e1vel pela condena\u00e7\u00e3o.<\/p>\n<h3 class=\"ds-titulo-subsecao\">Mudan\u00e7as no texto original<\/h3>\n<p>\n                        A comiss\u00e3o aprovou o <span id=\"4098\" class=\"termoGlossario materia__glossario\" title=\"Nome que se d\u00e1 ao texto que altera substancialmente o conte\u00fado original da proposta. O substitutivo \u00e9 apresentado pelo relator e tem prefer\u00eancia na vota\u00e7\u00e3o sobre o projeto original.\" contenteditable=\"false\" data-toggle=\"tooltip\" data-placement=\"top\" style=\"color:#5f5f5e;border-bottom:none\">substitutivo<\/span> do relator, deputado Tadeu Veneri (PT-PR), ao <a class=\"linkProposicao\" href=\"https:\/\/www.camara.leg.br\/noticias\/852462-projeto-destina-multas-de-injuria-racial-e-racismo-a-politicas-de-combate-a-discriminacao\">Projeto de Lei 4358\/21<\/a>, do ex-deputado Alexandre Frota (SP).<\/p>\n<p>O parecer amplia a proposta original ao incluir as presta\u00e7\u00f5es pecuni\u00e1rias \u2013 valores pagos como alternativa \u00e0 pris\u00e3o \u2013 e indeniza\u00e7\u00f5es decorrentes de a\u00e7\u00f5es civis p\u00fablicas por discrimina\u00e7\u00e3o racial.<\/p>\n<p>Tadeu Veneri afirmou que o parecer \u201catualiza a proposta original quanto aos regimes jur\u00eddicos vigentes, amplia o seu escopo e ancora-a em estruturas institucionais existentes\u201d.<\/p>\n<h3 class=\"ds-titulo-subsecao\">Presta\u00e7\u00f5es pecuni\u00e1rias<\/h3>\n<p>Pela proposta, as presta\u00e7\u00f5es pecuni\u00e1rias, quando n\u00e3o forem destinadas \u00e0 v\u00edtima ou a seus dependentes, poder\u00e3o ser usadas por entidades p\u00fablicas ou privadas que atuem no enfrentamento ao racismo e \u00e0 discrimina\u00e7\u00e3o racial, conforme regulamenta\u00e7\u00e3o.<\/p>\n<h3 class=\"ds-titulo-subsecao\">A\u00e7\u00f5es civis p\u00fablicas<\/h3>\n<p>J\u00e1 os valores decorrentes de a\u00e7\u00f5es civis p\u00fablicas por danos causados por discrimina\u00e7\u00e3o racial dever\u00e3o ser destinados a fundo previsto na <a class=\"linkLegislacao\" href=\"https:\/\/www2.camara.gov.br\/legin\/fed\/lei\/1980-1987\/lei-7347-24-julho-1985-356939-norma-pl.html\" target=\"_blank\" rel=\"noopener noreferrer\">Lei da A\u00e7\u00e3o Civil P\u00fablica<\/a>, cujos recursos devem ser destinados \u00e0 reconstitui\u00e7\u00e3o dos bens lesados.<\/p>\n<p>Nesses casos, o substitutivo determina que o dinheiro seja aplicado conforme a abrang\u00eancia nacional, regional ou local do dano.<\/p>\n<h3 class=\"ds-titulo-subsecao\">Pr\u00f3ximos passos<\/h3>\n<p>O projeto tramita em <span id=\"4322\" class=\"termoGlossario materia__glossario\" title=\"Rito de tramita\u00e7\u00e3o pelo qual o projeto \u00e9 votado apenas pelas comiss\u00f5es designadas para analis\u00e1-lo, dispensada a delibera\u00e7\u00e3o do Plen\u00e1rio. O projeto perde o car\u00e1ter conclusivo se houver decis\u00e3o divergente entre as comiss\u00f5es ou se, independentemente de ser aprovado ou rejeitado, houver recurso assinado por 52 deputados para a aprecia\u00e7\u00e3o da mat\u00e9ria no Plen\u00e1rio.\" contenteditable=\"false\" data-toggle=\"tooltip\" data-placement=\"top\" style=\"color:#5f5f5e;border-bottom:none\">car\u00e1ter conclusivo<\/span> e ainda ser\u00e1 analisado pelas Comiss\u00f5es de Finan\u00e7as e Tributa\u00e7\u00e3o e de Constitui\u00e7\u00e3o e Justi\u00e7a e de Cidadania. Para virar lei, precisa ser aprovado pela C\u00e2mara dos Deputados e pelo Senado Federal.<\/p>\n<p><a href=\"https:\/\/www.camara.leg.br\/noticias\/573454-SAIBA-MAIS-SOBRE-A-TRAMITACAO-DE-PROJETOS-DE-LEI\">Saiba mais sobre a tramita\u00e7\u00e3o de projetos de lei<\/a><\/p>\n<\/p><\/div>\n<p><br \/>\n<br \/><a href=\"https:\/\/www.camara.leg.br\/noticias\/1298565-comissao-aprova-uso-de-multas-por-racismo-no-combate-a-discriminacao\">postagem original <\/a><\/p>\n","protected":false},"excerpt":{"rendered":"<p>Texto aprovado \u00e9 a vers\u00e3o do relator, Tadeu Veneri &#8211; Foto: Kayo Magalh\u00e3es \/ C\u00e2mara dos deputados A Comiss\u00e3o de [&hellip;]<\/p>\n","protected":false},"author":1,"featured_media":6909,"comment_status":"open","ping_status":"open","sticky":false,"template":"","format":"standard","meta":{"site-sidebar-layout":"default","site-content-layout":"","ast-site-content-layout":"default","site-content-style":"default","site-sidebar-style":"default","ast-global-header-display":"","ast-banner-title-visibility":"","ast-main-header-display":"","ast-hfb-above-header-display":"","ast-hfb-below-header-display":"","ast-hfb-mobile-header-display":"","site-post-title":"","ast-breadcrumbs-content":"","ast-featured-img":"","footer-sml-layout":"","theme-transparent-header-meta":"","adv-header-id-meta":"","stick-header-meta":"","header-above-stick-meta":"","header-main-stick-meta":"","header-below-stick-meta":"","astra-migrate-meta-layouts":"default","ast-page-background-enabled":"default","ast-page-background-meta":{"desktop":{"background-color":"var(--ast-global-color-5)","background-image":"","background-repeat":"repeat","background-position":"center center","background-size":"auto","background-attachment":"scroll","background-type":"","background-media":"","overlay-type":"","overlay-color":"","overlay-opacity":"","overlay-gradient":""},"tablet":{"background-color":"","background-image":"","background-repeat":"repeat","background-position":"center center","background-size":"auto","background-attachment":"scroll","background-type":"","background-media":"","overlay-type":"","overlay-color":"","overlay-opacity":"","overlay-gradient":""},"mobile":{"background-color":"","background-image":"","background-repeat":"repeat","background-position":"center center","background-size":"auto","background-attachment":"scroll","background-type":"","background-media":"","overlay-type":"","overlay-color":"","overlay-opacity":"","overlay-gradient":""}},"ast-content-background-meta":{"desktop":{"background-color":"var(--ast-global-color-4)","background-image":"","background-repeat":"repeat","background-position":"center center","background-size":"auto","background-attachment":"scroll","background-type":"","background-media":"","overlay-type":"","overlay-color":"","overlay-opacity":"","overlay-gradient":""},"tablet":{"background-color":"var(--ast-global-color-4)","background-image":"","background-repeat":"repeat","background-position":"center center","background-size":"auto","background-attachment":"scroll","background-type":"","background-media":"","overlay-type":"","overlay-color":"","overlay-opacity":"","overlay-gradient":""},"mobile":{"background-color":"var(--ast-global-color-4)","background-image":"","background-repeat":"repeat","background-position":"center center","background-size":"auto","background-attachment":"scroll","background-type":"","background-media":"","overlay-type":"","overlay-color":"","overlay-opacity":"","overlay-gradient":""}},"_joinchat":[],"footnotes":""},"categories":[36],"tags":[],"_links":{"self":[{"href":"https:\/\/radiosantaclara.sitetopfm.com.br\/site\/wp-json\/wp\/v2\/posts\/10940"}],"collection":[{"href":"https:\/\/radiosantaclara.sitetopfm.com.br\/site\/wp-json\/wp\/v2\/posts"}],"about":[{"href":"https:\/\/radiosantaclara.sitetopfm.com.br\/site\/wp-json\/wp\/v2\/types\/post"}],"author":[{"embeddable":true,"href":"https:\/\/radiosantaclara.sitetopfm.com.br\/site\/wp-json\/wp\/v2\/users\/1"}],"replies":[{"embeddable":true,"href":"https:\/\/radiosantaclara.sitetopfm.com.br\/site\/wp-json\/wp\/v2\/comments?post=10940"}],"version-history":[{"count":0,"href":"https:\/\/radiosantaclara.sitetopfm.com.br\/site\/wp-json\/wp\/v2\/posts\/10940\/revisions"}],"wp:featuredmedia":[{"embeddable":true,"href":"https:\/\/radiosantaclara.sitetopfm.com.br\/site\/wp-json\/wp\/v2\/media\/6909"}],"wp:attachment":[{"href":"https:\/\/radiosantaclara.sitetopfm.com.br\/site\/wp-json\/wp\/v2\/media?parent=10940"}],"wp:term":[{"taxonomy":"category","embeddable":true,"href":"https:\/\/radiosantaclara.sitetopfm.com.br\/site\/wp-json\/wp\/v2\/categories?post=10940"},{"taxonomy":"post_tag","embeddable":true,"href":"https:\/\/radiosantaclara.sitetopfm.com.br\/site\/wp-json\/wp\/v2\/tags?post=10940"}],"curies":[{"name":"wp","href":"https:\/\/api.w.org\/{rel}","templated":true}]}}