{"id":10936,"date":"2026-08-19T22:43:53","date_gmt":"2026-08-20T01:43:53","guid":{"rendered":"https:\/\/radiosantaclara.sitetopfm.com.br\/site\/comissao-de-saude-aprova-projeto-que-garante-tratamento-de-cancer-fora-do-estado\/"},"modified":"2026-08-19T22:43:53","modified_gmt":"2026-08-20T01:43:53","slug":"comissao-de-saude-aprova-projeto-que-garante-tratamento-de-cancer-fora-do-estado","status":"publish","type":"post","link":"https:\/\/radiosantaclara.sitetopfm.com.br\/site\/comissao-de-saude-aprova-projeto-que-garante-tratamento-de-cancer-fora-do-estado\/","title":{"rendered":"Comiss\u00e3o de Sa\u00fade aprova projeto que garante tratamento de c\u00e2ncer fora do estado"},"content":{"rendered":"<p> <br \/>\n<\/p>\n<div id=\"\">\n<figure class=\"materia__midia\" style=\"float: none; margin: 24px 0px;\" data-midia=\"1290147\"><img decoding=\"async\" src=\"https:\/\/www.camara.leg.br\/midias\/image\/2026\/07\/img20241216203141935-768x473.jpg\" alt=\"Deputado Amom Mandel fala ao microfone\"\/><figcaption><span class=\"materia__legenda-imagem\">Amom Mandel recomendou a aprova\u00e7\u00e3o do projeto, com mudan\u00e7as<\/span> &#8211; <span class=\"materia__creditos-imagem\" style=\"color:#5f5f5e\">Foto: Bruno Spada\/C\u00e2mara dos Deputados<\/span><\/figcaption><\/figure>\n<p>A Comiss\u00e3o de Sa\u00fade da C\u00e2mara dos Deputados aprovou projeto que permite ao paciente com c\u00e2ncer ser tratado em outro estado quando houver indica\u00e7\u00e3o cl\u00ednica, falta de oferta do servi\u00e7o ou impossibilidade de atendimento em tempo oportuno. A proposta altera a <a class=\"linkLegislacao\" href=\"https:\/\/www2.camara.gov.br\/legin\/fed\/lei\/2023\/lei-14758-19-dezembro-2023-795082-norma-pl.html\" target=\"_blank\" rel=\"noopener noreferrer\">Pol\u00edtica Nacional de Preven\u00e7\u00e3o e Controle do C\u00e2ncer<\/a>.<\/p>\n<p>O atendimento dever\u00e1 ser feito em unidade habilitada pelo Sistema \u00danico de Sa\u00fade (SUS) e respeitar a regula\u00e7\u00e3o do acesso, os protocolos cl\u00ednicos e os acordos entre os gestores de sa\u00fade.<\/p>\n<p>A comiss\u00e3o aprovou a vers\u00e3o (<span id=\"4098\" class=\"termoGlossario materia__glossario\" title=\"Nome que se d\u00e1 ao texto que altera substancialmente o conte\u00fado original da proposta. O substitutivo \u00e9 apresentado pelo relator e tem prefer\u00eancia na vota\u00e7\u00e3o sobre o projeto original.\" contenteditable=\"false\" data-toggle=\"tooltip\" data-placement=\"top\" style=\"color:#5f5f5e;border-bottom:none\">substitutivo<\/span>) do relator, deputado Amom Mandel (Republicanos-AM), para o Projeto de Lei 6881\/25, do deputado Duda Ramos (Pode-RR).<\/p>\n<p><a href=\"https:\/\/www.camara.leg.br\/proposicoesWeb\/prop_mostrarintegra?codteor=3172420&amp;filename=SBT-A+1+CSAUDE+%3D%3E+PL+6881\/2025\">Veja a \u00edntegra do texto aprovado<\/a><\/p>\n<h3 class=\"ds-titulo-subsecao\">Mudan\u00e7a no texto original<\/h3>\n<p>\n                        A proposta original garante ao paciente o direito de escolher o estado em que quer realizar o tratamento, conforme o melhor protocolo cl\u00ednico, servi\u00e7o ou estrutura dispon\u00edvel.<\/p>\n<p>No entanto, o relator argumentou que a falta de crit\u00e9rios para a transfer\u00eancia do paciente poderia &#8220;sobrecarregar unidades distantes, mesmo quando houvesse tratamento de qualidade dispon\u00edvel pr\u00f3ximo ao paciente&#8221;.<\/p>\n<p>O texto aprovado determina ainda que sejam garantidas contrapartidas financeiras ao ente federativo que receber o paciente.<\/p>\n<h3 class=\"ds-titulo-subsecao\">Pr\u00f3ximos passos<\/h3>\n<p>O projeto tramita em <span id=\"4322\" class=\"termoGlossario materia__glossario\" title=\"Rito de tramita\u00e7\u00e3o pelo qual o projeto \u00e9 votado apenas pelas comiss\u00f5es designadas para analis\u00e1-lo, dispensada a delibera\u00e7\u00e3o do Plen\u00e1rio. O projeto perde o car\u00e1ter conclusivo se houver decis\u00e3o divergente entre as comiss\u00f5es ou se, independentemente de ser aprovado ou rejeitado, houver recurso assinado por 52 deputados para a aprecia\u00e7\u00e3o da mat\u00e9ria no Plen\u00e1rio.\" contenteditable=\"false\" data-toggle=\"tooltip\" data-placement=\"top\" style=\"color:#5f5f5e;border-bottom:none\">car\u00e1ter conclusivo<\/span> e ser\u00e1 analisado pelas comiss\u00f5es de Finan\u00e7as e Tributa\u00e7\u00e3o; e de Constitui\u00e7\u00e3o e Justi\u00e7a e de Cidadania.<\/p>\n<p>Para virar lei, precisa ser aprovado pela C\u00e2mara e pelo Senado.<\/p>\n<p><a href=\"https:\/\/www.camara.leg.br\/noticias\/573454-SAIBA-MAIS-SOBRE-A-TRAMITACAO-DE-PROJETOS-DE-LEI\">Saiba mais sobre a tramita\u00e7\u00e3o de projetos de lei<\/a><\/p>\n<p>\u00a0<\/p>\n<div id=\"infografico-embed-1053807\" style=\"width: 100%; max-width: 100%; overflow: hidden;\"><img decoding=\"async\" src=\"https:\/\/www.camara.leg.br\/internet\/agencia\/infograficos-html5\/dez-tipos-de-cancer-mais-incidentes-em-2023\/images\/desktop.jpg\" alt=\"\" loading=\"lazy\" style=\"width: 100%; max-width: 100%; height: auto; display: block; border: 0; margin: 0 auto;\"\/><\/div>\n<p>\u00a0<\/p>\n<p>\u00a0<\/p>\n<p><strong>\u00a0<\/strong><\/p>\n<\/p><\/div>\n<p><br \/>\n<br \/><a href=\"https:\/\/www.camara.leg.br\/noticias\/1298553-comissao-de-saude-aprova-projeto-que-garante-tratamento-de-cancer-fora-do-estado\">postagem original <\/a><\/p>\n","protected":false},"excerpt":{"rendered":"<p>Amom Mandel recomendou a aprova\u00e7\u00e3o do projeto, com mudan\u00e7as &#8211; Foto: Bruno Spada\/C\u00e2mara dos Deputados A Comiss\u00e3o de Sa\u00fade da [&hellip;]<\/p>\n","protected":false},"author":1,"featured_media":6909,"comment_status":"open","ping_status":"open","sticky":false,"template":"","format":"standard","meta":{"site-sidebar-layout":"default","site-content-layout":"","ast-site-content-layout":"default","site-content-style":"default","site-sidebar-style":"default","ast-global-header-display":"","ast-banner-title-visibility":"","ast-main-header-display":"","ast-hfb-above-header-display":"","ast-hfb-below-header-display":"","ast-hfb-mobile-header-display":"","site-post-title":"","ast-breadcrumbs-content":"","ast-featured-img":"","footer-sml-layout":"","theme-transparent-header-meta":"","adv-header-id-meta":"","stick-header-meta":"","header-above-stick-meta":"","header-main-stick-meta":"","header-below-stick-meta":"","astra-migrate-meta-layouts":"default","ast-page-background-enabled":"default","ast-page-background-meta":{"desktop":{"background-color":"var(--ast-global-color-5)","background-image":"","background-repeat":"repeat","background-position":"center center","background-size":"auto","background-attachment":"scroll","background-type":"","background-media":"","overlay-type":"","overlay-color":"","overlay-opacity":"","overlay-gradient":""},"tablet":{"background-color":"","background-image":"","background-repeat":"repeat","background-position":"center center","background-size":"auto","background-attachment":"scroll","background-type":"","background-media":"","overlay-type":"","overlay-color":"","overlay-opacity":"","overlay-gradient":""},"mobile":{"background-color":"","background-image":"","background-repeat":"repeat","background-position":"center center","background-size":"auto","background-attachment":"scroll","background-type":"","background-media":"","overlay-type":"","overlay-color":"","overlay-opacity":"","overlay-gradient":""}},"ast-content-background-meta":{"desktop":{"background-color":"var(--ast-global-color-4)","background-image":"","background-repeat":"repeat","background-position":"center center","background-size":"auto","background-attachment":"scroll","background-type":"","background-media":"","overlay-type":"","overlay-color":"","overlay-opacity":"","overlay-gradient":""},"tablet":{"background-color":"var(--ast-global-color-4)","background-image":"","background-repeat":"repeat","background-position":"center center","background-size":"auto","background-attachment":"scroll","background-type":"","background-media":"","overlay-type":"","overlay-color":"","overlay-opacity":"","overlay-gradient":""},"mobile":{"background-color":"var(--ast-global-color-4)","background-image":"","background-repeat":"repeat","background-position":"center center","background-size":"auto","background-attachment":"scroll","background-type":"","background-media":"","overlay-type":"","overlay-color":"","overlay-opacity":"","overlay-gradient":""}},"_joinchat":[],"footnotes":""},"categories":[36],"tags":[],"_links":{"self":[{"href":"https:\/\/radiosantaclara.sitetopfm.com.br\/site\/wp-json\/wp\/v2\/posts\/10936"}],"collection":[{"href":"https:\/\/radiosantaclara.sitetopfm.com.br\/site\/wp-json\/wp\/v2\/posts"}],"about":[{"href":"https:\/\/radiosantaclara.sitetopfm.com.br\/site\/wp-json\/wp\/v2\/types\/post"}],"author":[{"embeddable":true,"href":"https:\/\/radiosantaclara.sitetopfm.com.br\/site\/wp-json\/wp\/v2\/users\/1"}],"replies":[{"embeddable":true,"href":"https:\/\/radiosantaclara.sitetopfm.com.br\/site\/wp-json\/wp\/v2\/comments?post=10936"}],"version-history":[{"count":0,"href":"https:\/\/radiosantaclara.sitetopfm.com.br\/site\/wp-json\/wp\/v2\/posts\/10936\/revisions"}],"wp:featuredmedia":[{"embeddable":true,"href":"https:\/\/radiosantaclara.sitetopfm.com.br\/site\/wp-json\/wp\/v2\/media\/6909"}],"wp:attachment":[{"href":"https:\/\/radiosantaclara.sitetopfm.com.br\/site\/wp-json\/wp\/v2\/media?parent=10936"}],"wp:term":[{"taxonomy":"category","embeddable":true,"href":"https:\/\/radiosantaclara.sitetopfm.com.br\/site\/wp-json\/wp\/v2\/categories?post=10936"},{"taxonomy":"post_tag","embeddable":true,"href":"https:\/\/radiosantaclara.sitetopfm.com.br\/site\/wp-json\/wp\/v2\/tags?post=10936"}],"curies":[{"name":"wp","href":"https:\/\/api.w.org\/{rel}","templated":true}]}}