{"id":10930,"date":"2026-08-19T15:08:13","date_gmt":"2026-08-19T18:08:13","guid":{"rendered":"https:\/\/radiosantaclara.sitetopfm.com.br\/site\/presidente-da-camara-defende-soberania-do-pais-na-area-da-saude\/"},"modified":"2026-08-19T15:08:13","modified_gmt":"2026-08-19T18:08:13","slug":"presidente-da-camara-defende-soberania-do-pais-na-area-da-saude","status":"publish","type":"post","link":"https:\/\/radiosantaclara.sitetopfm.com.br\/site\/presidente-da-camara-defende-soberania-do-pais-na-area-da-saude\/","title":{"rendered":"Presidente da C\u00e2mara defende soberania do pa\u00eds na \u00e1rea da sa\u00fade"},"content":{"rendered":"<p> <br \/>\n<\/p>\n<div id=\"\">\n<figure class=\"materia__midia\" style=\"float: none; margin: 24px 0px;\" data-midia=\"1298879\"><img decoding=\"async\" src=\"https:\/\/www.camara.leg.br\/midias\/image\/2026\/08\/hugo-motta-no-5o-frum-sade-768x512.jpeg\" alt=\"5\u00ba F\u00f3rum Sa\u00fade. Presidente da C\u00e2mara dos Deputados, Hugo Motta. Tema do evento: \u201cSoberania e Tecnologia: Impulsionando a Ind\u00fastria Nacional\u201d.\"\/><figcaption><span class=\"materia__legenda-imagem\">Motta: sa\u00fade \u00e9 um direito constitucional e tamb\u00e9m um pilar estrat\u00e9gico da economia<\/span> &#8211; <span class=\"materia__creditos-imagem\" style=\"color:#5f5f5e\">Foto: Douglas Gomes \/ C\u00e2mara dos Deputados<\/span><\/figcaption><\/figure>\n<p>O presidente da C\u00e2mara dos Deputados, Hugo Motta (Republicanos-PB), disse nesta quarta-feira (19) que n\u00e3o h\u00e1 soberania nacional sem soberania sanit\u00e1ria. Ele discursou no 5\u00ba F\u00f3rum Sa\u00fade, uma parceria da Esfera Brasil e da farmac\u00eautica EMS. O tema do evento foi \u201cSoberania e Tecnologia: Impulsionando a Ind\u00fastria Nacional\u201d.<\/p>\n<p>Motta lembrou que a pandemia de Covid-19 mostrou a defici\u00eancia do pa\u00eds na produ\u00e7\u00e3o de medicamentos, insumos e tecnologias de sa\u00fade. \u201cIsso a pandemia nos ensinou de forma dura e desse aprendizado n\u00f3s n\u00e3o podemos esquecer\u201d, afirmou.<\/p>\n<h3 class=\"ds-titulo-subsecao\">Pilar da economia<\/h3>\n<p>\n                        Segundo ele, a sa\u00fade \u00e9 um direito constitucional, mas tamb\u00e9m um pilar estrat\u00e9gico da economia.<\/p>\n<p>\u201cTrata-se de um mercado que movimenta bilh\u00f5es de reais por ano, liberando milhares de empregos diretos com forte efeito multiplicador, em ci\u00eancia, tecnologia e renda\u201d, disse.<\/p>\n<h3 class=\"ds-titulo-subsecao\">Aprova\u00e7\u00f5es na C\u00e2mara<\/h3>\n<p>\n                        Motta citou algumas iniciativas na \u00e1rea da sa\u00fade aprovadas pela C\u00e2mara nos \u00faltimos tempos:<\/p>\n<ul>\n<li>cria\u00e7\u00e3o do <a href=\"https:\/\/www.camara.leg.br\/noticias\/1209168-PROGRAMA-QUE-ACELERA-ACESSO-A-MEDICOS-ESPECIALISTAS-NO-SUS-AGORA-E-LEI\">Programa Agora tem Especialistas<\/a>;<\/li>\n<li>projeto (PL 424\/15) que facilita o fornecimento ao Sistema \u00danico de Sa\u00fade (SUS) de hemoderivados e medicamentos produzidos por biotecnologia pela Hemobr\u00e1s;<\/li>\n<li>projeto (PLP 143\/19) que pro\u00edbe o contingenciamento de recursos do INPI, \u00f3rg\u00e3o respons\u00e1vel pelo registro de patentes;<\/li>\n<li>projeto que deu origem \u00e0 <a class=\"linkLegislacao\" href=\"https:\/\/www2.camara.gov.br\/legin\/fed\/lei\/2024\/lei-14874-28-maio-2024-795693-norma-pl.html\" target=\"_blank\" rel=\"noopener noreferrer\">Lei 14.874\/24<\/a>, que criou o Marco das Pesquisas Cl\u00ednicas;<\/li>\n<li>regulamenta\u00e7\u00e3o da reforma tribut\u00e1ria, na qual foi assegurado tratamento favorecido a medicamentos e dispositivos m\u00e9dicos.<\/li>\n<\/ul>\n<h3 class=\"ds-titulo-subsecao\">Intelig\u00eancia artificial<\/h3>\n<p>\n                        O presidente da C\u00e2mara tamb\u00e9m destacou a an\u00e1lise do projeto que regula o uso da Intelig\u00eancia Artificial (<a class=\"linkProposicao\" href=\"https:\/\/www.camara.leg.br\/noticias\/1159193-projeto-que-regulamenta-uso-da-inteligencia-artificial-no-brasil\">PL 2338\/23<\/a>).<\/p>\n<p>Hugo Motta disse que a C\u00e2mara est\u00e1 empenhada em entregar ao Brasil uma regula\u00e7\u00e3o equilibrada, que assegure direitos e, ao mesmo tempo, estimule a pesquisa e o desenvolvimento da Intelig\u00eancia Artificial e de suas aplica\u00e7\u00f5es.<\/p>\n<\/p><\/div>\n<p><br \/>\n<br \/><a href=\"https:\/\/www.camara.leg.br\/noticias\/1298836-presidente-da-camara-defende-soberania-do-pais-na-area-da-saude\">postagem original <\/a><\/p>\n","protected":false},"excerpt":{"rendered":"<p>Motta: sa\u00fade \u00e9 um direito constitucional e tamb\u00e9m um pilar estrat\u00e9gico da economia &#8211; Foto: Douglas Gomes \/ C\u00e2mara dos [&hellip;]<\/p>\n","protected":false},"author":1,"featured_media":6909,"comment_status":"open","ping_status":"open","sticky":false,"template":"","format":"standard","meta":{"site-sidebar-layout":"default","site-content-layout":"","ast-site-content-layout":"default","site-content-style":"default","site-sidebar-style":"default","ast-global-header-display":"","ast-banner-title-visibility":"","ast-main-header-display":"","ast-hfb-above-header-display":"","ast-hfb-below-header-display":"","ast-hfb-mobile-header-display":"","site-post-title":"","ast-breadcrumbs-content":"","ast-featured-img":"","footer-sml-layout":"","theme-transparent-header-meta":"","adv-header-id-meta":"","stick-header-meta":"","header-above-stick-meta":"","header-main-stick-meta":"","header-below-stick-meta":"","astra-migrate-meta-layouts":"default","ast-page-background-enabled":"default","ast-page-background-meta":{"desktop":{"background-color":"var(--ast-global-color-5)","background-image":"","background-repeat":"repeat","background-position":"center center","background-size":"auto","background-attachment":"scroll","background-type":"","background-media":"","overlay-type":"","overlay-color":"","overlay-opacity":"","overlay-gradient":""},"tablet":{"background-color":"","background-image":"","background-repeat":"repeat","background-position":"center center","background-size":"auto","background-attachment":"scroll","background-type":"","background-media":"","overlay-type":"","overlay-color":"","overlay-opacity":"","overlay-gradient":""},"mobile":{"background-color":"","background-image":"","background-repeat":"repeat","background-position":"center center","background-size":"auto","background-attachment":"scroll","background-type":"","background-media":"","overlay-type":"","overlay-color":"","overlay-opacity":"","overlay-gradient":""}},"ast-content-background-meta":{"desktop":{"background-color":"var(--ast-global-color-4)","background-image":"","background-repeat":"repeat","background-position":"center center","background-size":"auto","background-attachment":"scroll","background-type":"","background-media":"","overlay-type":"","overlay-color":"","overlay-opacity":"","overlay-gradient":""},"tablet":{"background-color":"var(--ast-global-color-4)","background-image":"","background-repeat":"repeat","background-position":"center center","background-size":"auto","background-attachment":"scroll","background-type":"","background-media":"","overlay-type":"","overlay-color":"","overlay-opacity":"","overlay-gradient":""},"mobile":{"background-color":"var(--ast-global-color-4)","background-image":"","background-repeat":"repeat","background-position":"center center","background-size":"auto","background-attachment":"scroll","background-type":"","background-media":"","overlay-type":"","overlay-color":"","overlay-opacity":"","overlay-gradient":""}},"_joinchat":[],"footnotes":""},"categories":[26],"tags":[],"_links":{"self":[{"href":"https:\/\/radiosantaclara.sitetopfm.com.br\/site\/wp-json\/wp\/v2\/posts\/10930"}],"collection":[{"href":"https:\/\/radiosantaclara.sitetopfm.com.br\/site\/wp-json\/wp\/v2\/posts"}],"about":[{"href":"https:\/\/radiosantaclara.sitetopfm.com.br\/site\/wp-json\/wp\/v2\/types\/post"}],"author":[{"embeddable":true,"href":"https:\/\/radiosantaclara.sitetopfm.com.br\/site\/wp-json\/wp\/v2\/users\/1"}],"replies":[{"embeddable":true,"href":"https:\/\/radiosantaclara.sitetopfm.com.br\/site\/wp-json\/wp\/v2\/comments?post=10930"}],"version-history":[{"count":0,"href":"https:\/\/radiosantaclara.sitetopfm.com.br\/site\/wp-json\/wp\/v2\/posts\/10930\/revisions"}],"wp:featuredmedia":[{"embeddable":true,"href":"https:\/\/radiosantaclara.sitetopfm.com.br\/site\/wp-json\/wp\/v2\/media\/6909"}],"wp:attachment":[{"href":"https:\/\/radiosantaclara.sitetopfm.com.br\/site\/wp-json\/wp\/v2\/media?parent=10930"}],"wp:term":[{"taxonomy":"category","embeddable":true,"href":"https:\/\/radiosantaclara.sitetopfm.com.br\/site\/wp-json\/wp\/v2\/categories?post=10930"},{"taxonomy":"post_tag","embeddable":true,"href":"https:\/\/radiosantaclara.sitetopfm.com.br\/site\/wp-json\/wp\/v2\/tags?post=10930"}],"curies":[{"name":"wp","href":"https:\/\/api.w.org\/{rel}","templated":true}]}}