{"id":10927,"date":"2026-08-19T13:16:28","date_gmt":"2026-08-19T16:16:28","guid":{"rendered":"https:\/\/radiosantaclara.sitetopfm.com.br\/site\/comissao-da-camara-aprova-projeto-que-permite-optar-por-documentos-oficiais-em-formato-digital\/"},"modified":"2026-08-19T13:16:28","modified_gmt":"2026-08-19T16:16:28","slug":"comissao-da-camara-aprova-projeto-que-permite-optar-por-documentos-oficiais-em-formato-digital","status":"publish","type":"post","link":"https:\/\/radiosantaclara.sitetopfm.com.br\/site\/comissao-da-camara-aprova-projeto-que-permite-optar-por-documentos-oficiais-em-formato-digital\/","title":{"rendered":"Comiss\u00e3o da C\u00e2mara aprova projeto que permite optar por documentos oficiais em formato digital"},"content":{"rendered":"<p> <br \/>\n<\/p>\n<div id=\"\">\n<figure class=\"materia__midia\" style=\"float: none; margin: 24px 0px;\" data-midia=\"1285529\"><img decoding=\"async\" src=\"https:\/\/www.camara.leg.br\/midias\/image\/2026\/06\/img20250819154406119-768x473.jpg\" alt=\"Deputado Josenildo fala ao microfone\"\/><figcaption><span class=\"materia__legenda-imagem\">Josenildo recomendou a aprova\u00e7\u00e3o da proposta<\/span> &#8211; <span class=\"materia__creditos-imagem\" style=\"color:#5f5f5e\">Foto: Bruno Spada \/ C\u00e2mara dos Deputados<\/span><\/figcaption><\/figure>\n<p>A Comiss\u00e3o de Ci\u00eancia, Tecnologia e Inova\u00e7\u00e3o da C\u00e2mara dos Deputados aprovou projeto de lei que assegura ao cidad\u00e3o o direito de escolher receber comunica\u00e7\u00f5es, notifica\u00e7\u00f5es, intima\u00e7\u00f5es e documentos oficiais da administra\u00e7\u00e3o p\u00fablica de forma digital. A op\u00e7\u00e3o valer\u00e1 para as esferas federal, estadual, distrital e municipal.<\/p>\n<p>O Projeto de Lei 1642\/26 altera a <a class=\"linkLegislacao\" href=\"https:\/\/www2.camara.gov.br\/legin\/fed\/lei\/2021\/lei-14129-29-marco-2021-791203-norma-pl.html\" target=\"_blank\" rel=\"noopener noreferrer\">Lei do Governo Digital<\/a> e a <a class=\"linkLegislacao\" href=\"https:\/\/www2.camara.gov.br\/legin\/fed\/lei\/2011\/lei-12527-18-novembro-2011-611802-norma-pl.html\" target=\"_blank\" rel=\"noopener noreferrer\">Lei de Acesso \u00e0 Informa\u00e7\u00e3o<\/a>, que s\u00e3o menos incisivas ao estabelecer que os entes p\u00fablicos poder\u00e3o emitir documentos em formato digital.<\/p>\n<p>De autoria do deputado Ricardo Ayres (Republicanos-TO), a proposta estabelece que os \u00f3rg\u00e3os p\u00fablicos devem disponibilizar, sempre que poss\u00edvel, documentos assinados eletronicamente, al\u00e9m de prever mecanismos de comprova\u00e7\u00e3o de envio e recebimento das comunica\u00e7\u00f5es.<\/p>\n<p>O cidad\u00e3o que optar pelo meio eletr\u00f4nico poder\u00e1 solicitar a vers\u00e3o f\u00edsica dos documentos a qualquer momento.<\/p>\n<h3 class=\"ds-titulo-subsecao\">INCLUS\u00c3O SOCIAL<\/h3>\n<p>O relator na comiss\u00e3o, deputado Josenildo (PDT-AP), recomendou a aprova\u00e7\u00e3o do projeto. Ele ressaltou que a medida concilia inova\u00e7\u00e3o tecnol\u00f3gica e inclus\u00e3o social.<\/p>\n<p>\u201cO projeto fortalece a rela\u00e7\u00e3o entre Estado e sociedade, conferindo maior comodidade, celeridade e efici\u00eancia aos processos administrativos\u201d, disse Josenildo. \u201cA utiliza\u00e7\u00e3o de meios eletr\u00f4nicos reduz deslocamentos, simplifica rotinas e amplia o acesso da popula\u00e7\u00e3o aos servi\u00e7os p\u00fablicos.\u201d<\/p>\n<h3 class=\"ds-titulo-subsecao\">DESBUROCRATIZA\u00c7\u00c3O<\/h3>\n<p>\n                        Josenildo observou ainda que o projeto n\u00e3o imp\u00f5e a substitui\u00e7\u00e3o compuls\u00f3ria do formato f\u00edsico, apenas assegura ao cidad\u00e3o a op\u00e7\u00e3o pelo meio digital. Segundo o deputado, a proposta evita \u201cque cidad\u00e3os com menor acesso a recursos digitais sejam prejudicados\u201d.<\/p>\n<p>O relator argumentou tamb\u00e9m que a digitaliza\u00e7\u00e3o dos servi\u00e7os p\u00fablicos contribui para a desburocratiza\u00e7\u00e3o e para a economia de recursos.<\/p>\n<p>A proposta prev\u00ea ainda mecanismos para garantir a seguran\u00e7a jur\u00eddica das comunica\u00e7\u00f5es, com comprova\u00e7\u00e3o de autoria, emiss\u00e3o e recebimento de documentos enviados pelos \u00f3rg\u00e3os p\u00fablicos.<\/p>\n<h3 class=\"ds-titulo-subsecao\">PR\u00d3XIMOS PASSOS<\/h3>\n<p>A proposta ainda ser\u00e1 analisada pelas comiss\u00f5es de Administra\u00e7\u00e3o e Servi\u00e7o P\u00fablico; e de Constitui\u00e7\u00e3o e Justi\u00e7a e de Cidadania, em <span id=\"4322\" class=\"termoGlossario materia__glossario\" title=\"Rito de tramita\u00e7\u00e3o pelo qual o projeto \u00e9 votado apenas pelas comiss\u00f5es designadas para analis\u00e1-lo, dispensada a delibera\u00e7\u00e3o do Plen\u00e1rio. O projeto perde o car\u00e1ter conclusivo se houver decis\u00e3o divergente entre as comiss\u00f5es ou se, independentemente de ser aprovado ou rejeitado, houver recurso assinado por 52 deputados para a aprecia\u00e7\u00e3o da mat\u00e9ria no Plen\u00e1rio.\" contenteditable=\"false\" data-toggle=\"tooltip\" data-placement=\"top\" style=\"color:#5f5f5e;border-bottom:none\">car\u00e1ter conclusivo<\/span>.<\/p>\n<p>Para virar lei, o texto precisa ser aprovado pelos deputados e pelos senadores.<\/p>\n<p><a href=\"https:\/\/www.camara.leg.br\/noticias\/573454-SAIBA-MAIS-SOBRE-A-TRAMITACAO-DE-PROJETOS-DE-LEI\">Saiba mais sobre a tramita\u00e7\u00e3o de projetos de lei<\/a><\/p>\n<\/p><\/div>\n<p><br \/>\n<br \/><a href=\"https:\/\/www.camara.leg.br\/noticias\/1298762-comissao-da-camara-aprova-projeto-que-permite-optar-por-documentos-oficiais-em-formato-digital\">postagem original <\/a><\/p>\n","protected":false},"excerpt":{"rendered":"<p>Josenildo recomendou a aprova\u00e7\u00e3o da proposta &#8211; Foto: Bruno Spada \/ C\u00e2mara dos Deputados A Comiss\u00e3o de Ci\u00eancia, Tecnologia e [&hellip;]<\/p>\n","protected":false},"author":1,"featured_media":6909,"comment_status":"open","ping_status":"open","sticky":false,"template":"","format":"standard","meta":{"site-sidebar-layout":"default","site-content-layout":"","ast-site-content-layout":"default","site-content-style":"default","site-sidebar-style":"default","ast-global-header-display":"","ast-banner-title-visibility":"","ast-main-header-display":"","ast-hfb-above-header-display":"","ast-hfb-below-header-display":"","ast-hfb-mobile-header-display":"","site-post-title":"","ast-breadcrumbs-content":"","ast-featured-img":"","footer-sml-layout":"","theme-transparent-header-meta":"","adv-header-id-meta":"","stick-header-meta":"","header-above-stick-meta":"","header-main-stick-meta":"","header-below-stick-meta":"","astra-migrate-meta-layouts":"default","ast-page-background-enabled":"default","ast-page-background-meta":{"desktop":{"background-color":"var(--ast-global-color-5)","background-image":"","background-repeat":"repeat","background-position":"center center","background-size":"auto","background-attachment":"scroll","background-type":"","background-media":"","overlay-type":"","overlay-color":"","overlay-opacity":"","overlay-gradient":""},"tablet":{"background-color":"","background-image":"","background-repeat":"repeat","background-position":"center center","background-size":"auto","background-attachment":"scroll","background-type":"","background-media":"","overlay-type":"","overlay-color":"","overlay-opacity":"","overlay-gradient":""},"mobile":{"background-color":"","background-image":"","background-repeat":"repeat","background-position":"center center","background-size":"auto","background-attachment":"scroll","background-type":"","background-media":"","overlay-type":"","overlay-color":"","overlay-opacity":"","overlay-gradient":""}},"ast-content-background-meta":{"desktop":{"background-color":"var(--ast-global-color-4)","background-image":"","background-repeat":"repeat","background-position":"center center","background-size":"auto","background-attachment":"scroll","background-type":"","background-media":"","overlay-type":"","overlay-color":"","overlay-opacity":"","overlay-gradient":""},"tablet":{"background-color":"var(--ast-global-color-4)","background-image":"","background-repeat":"repeat","background-position":"center center","background-size":"auto","background-attachment":"scroll","background-type":"","background-media":"","overlay-type":"","overlay-color":"","overlay-opacity":"","overlay-gradient":""},"mobile":{"background-color":"var(--ast-global-color-4)","background-image":"","background-repeat":"repeat","background-position":"center center","background-size":"auto","background-attachment":"scroll","background-type":"","background-media":"","overlay-type":"","overlay-color":"","overlay-opacity":"","overlay-gradient":""}},"_joinchat":[],"footnotes":""},"categories":[36],"tags":[],"_links":{"self":[{"href":"https:\/\/radiosantaclara.sitetopfm.com.br\/site\/wp-json\/wp\/v2\/posts\/10927"}],"collection":[{"href":"https:\/\/radiosantaclara.sitetopfm.com.br\/site\/wp-json\/wp\/v2\/posts"}],"about":[{"href":"https:\/\/radiosantaclara.sitetopfm.com.br\/site\/wp-json\/wp\/v2\/types\/post"}],"author":[{"embeddable":true,"href":"https:\/\/radiosantaclara.sitetopfm.com.br\/site\/wp-json\/wp\/v2\/users\/1"}],"replies":[{"embeddable":true,"href":"https:\/\/radiosantaclara.sitetopfm.com.br\/site\/wp-json\/wp\/v2\/comments?post=10927"}],"version-history":[{"count":0,"href":"https:\/\/radiosantaclara.sitetopfm.com.br\/site\/wp-json\/wp\/v2\/posts\/10927\/revisions"}],"wp:featuredmedia":[{"embeddable":true,"href":"https:\/\/radiosantaclara.sitetopfm.com.br\/site\/wp-json\/wp\/v2\/media\/6909"}],"wp:attachment":[{"href":"https:\/\/radiosantaclara.sitetopfm.com.br\/site\/wp-json\/wp\/v2\/media?parent=10927"}],"wp:term":[{"taxonomy":"category","embeddable":true,"href":"https:\/\/radiosantaclara.sitetopfm.com.br\/site\/wp-json\/wp\/v2\/categories?post=10927"},{"taxonomy":"post_tag","embeddable":true,"href":"https:\/\/radiosantaclara.sitetopfm.com.br\/site\/wp-json\/wp\/v2\/tags?post=10927"}],"curies":[{"name":"wp","href":"https:\/\/api.w.org\/{rel}","templated":true}]}}