{"id":10917,"date":"2026-08-18T20:32:48","date_gmt":"2026-08-18T23:32:48","guid":{"rendered":"https:\/\/radiosantaclara.sitetopfm.com.br\/site\/hugo-motta-lamenta-morte-das-atrizes-laura-cardoso-e-gloria-menezes\/"},"modified":"2026-08-18T20:32:48","modified_gmt":"2026-08-18T23:32:48","slug":"hugo-motta-lamenta-morte-das-atrizes-laura-cardoso-e-gloria-menezes","status":"publish","type":"post","link":"https:\/\/radiosantaclara.sitetopfm.com.br\/site\/hugo-motta-lamenta-morte-das-atrizes-laura-cardoso-e-gloria-menezes\/","title":{"rendered":"Hugo Motta lamenta morte das atrizes Laura Cardoso e Gl\u00f3ria Menezes"},"content":{"rendered":"<p> <br \/>\n<\/p>\n<div id=\"image-container-1298724\" class=\"image-container\" style=\"float: none;margin: 45px 0px;width: 100%\" data-midia=\"1298724\">\n<div class=\"midia-creditos\"><em>Reprodu\u00e7\u00e3o\/Instagram<\/em><\/div>\n<div class=\"media-wrapper\"><img decoding=\"async\" style=\"width: 100%;height: auto\" src=\"https:\/\/www.camara.leg.br\/midias\/image\/2026\/08\/laura-cardoso-gloria-menezes.jpg\" \/><\/div>\n<div class=\"midia-legenda\">As atrizes Laura Cardoso (E) e Gl\u00f3ria Menezes (D)<\/div>\n<\/div>\n<p>O presidente da C\u00e2mara dos Deputados, Hugo Motta (Republicanos-PB), lamentou nesta ter\u00e7a-feira (18) a morte das atrizes Laura Cardoso, aos 98 anos, e Gl\u00f3ria Menezes, aos 91 anos.<\/p>\n<p>Em publica\u00e7\u00e3o nas redes sociais, Motta afirmou que as duas eram refer\u00eancias da cultura brasileira e destacou as d\u00e9cadas de carreira e a contribui\u00e7\u00e3o delas para a dramaturgia do pa\u00eds.<\/p>\n<p>O presidente da C\u00e2mara prestou solidariedade \u00e0s fam\u00edlias e aos admiradores das duas atrizes.<\/p>\n<p><br \/>\n<br \/><a href=\"https:\/\/www.camara.leg.br\/noticias\/1298726-hugo-motta-lamenta-morte-das-atrizes-laura-cardoso-e-gloria-menezes\">postagem original <\/a><\/p>\n","protected":false},"excerpt":{"rendered":"<p>Reprodu\u00e7\u00e3o\/Instagram As atrizes Laura Cardoso (E) e Gl\u00f3ria Menezes (D) O presidente da C\u00e2mara dos Deputados, Hugo Motta (Republicanos-PB), lamentou [&hellip;]<\/p>\n","protected":false},"author":1,"featured_media":6909,"comment_status":"open","ping_status":"open","sticky":false,"template":"","format":"standard","meta":{"site-sidebar-layout":"default","site-content-layout":"","ast-site-content-layout":"default","site-content-style":"default","site-sidebar-style":"default","ast-global-header-display":"","ast-banner-title-visibility":"","ast-main-header-display":"","ast-hfb-above-header-display":"","ast-hfb-below-header-display":"","ast-hfb-mobile-header-display":"","site-post-title":"","ast-breadcrumbs-content":"","ast-featured-img":"","footer-sml-layout":"","theme-transparent-header-meta":"","adv-header-id-meta":"","stick-header-meta":"","header-above-stick-meta":"","header-main-stick-meta":"","header-below-stick-meta":"","astra-migrate-meta-layouts":"default","ast-page-background-enabled":"default","ast-page-background-meta":{"desktop":{"background-color":"var(--ast-global-color-5)","background-image":"","background-repeat":"repeat","background-position":"center center","background-size":"auto","background-attachment":"scroll","background-type":"","background-media":"","overlay-type":"","overlay-color":"","overlay-opacity":"","overlay-gradient":""},"tablet":{"background-color":"","background-image":"","background-repeat":"repeat","background-position":"center center","background-size":"auto","background-attachment":"scroll","background-type":"","background-media":"","overlay-type":"","overlay-color":"","overlay-opacity":"","overlay-gradient":""},"mobile":{"background-color":"","background-image":"","background-repeat":"repeat","background-position":"center center","background-size":"auto","background-attachment":"scroll","background-type":"","background-media":"","overlay-type":"","overlay-color":"","overlay-opacity":"","overlay-gradient":""}},"ast-content-background-meta":{"desktop":{"background-color":"var(--ast-global-color-4)","background-image":"","background-repeat":"repeat","background-position":"center center","background-size":"auto","background-attachment":"scroll","background-type":"","background-media":"","overlay-type":"","overlay-color":"","overlay-opacity":"","overlay-gradient":""},"tablet":{"background-color":"var(--ast-global-color-4)","background-image":"","background-repeat":"repeat","background-position":"center center","background-size":"auto","background-attachment":"scroll","background-type":"","background-media":"","overlay-type":"","overlay-color":"","overlay-opacity":"","overlay-gradient":""},"mobile":{"background-color":"var(--ast-global-color-4)","background-image":"","background-repeat":"repeat","background-position":"center center","background-size":"auto","background-attachment":"scroll","background-type":"","background-media":"","overlay-type":"","overlay-color":"","overlay-opacity":"","overlay-gradient":""}},"_joinchat":[],"footnotes":""},"categories":[36],"tags":[],"_links":{"self":[{"href":"https:\/\/radiosantaclara.sitetopfm.com.br\/site\/wp-json\/wp\/v2\/posts\/10917"}],"collection":[{"href":"https:\/\/radiosantaclara.sitetopfm.com.br\/site\/wp-json\/wp\/v2\/posts"}],"about":[{"href":"https:\/\/radiosantaclara.sitetopfm.com.br\/site\/wp-json\/wp\/v2\/types\/post"}],"author":[{"embeddable":true,"href":"https:\/\/radiosantaclara.sitetopfm.com.br\/site\/wp-json\/wp\/v2\/users\/1"}],"replies":[{"embeddable":true,"href":"https:\/\/radiosantaclara.sitetopfm.com.br\/site\/wp-json\/wp\/v2\/comments?post=10917"}],"version-history":[{"count":0,"href":"https:\/\/radiosantaclara.sitetopfm.com.br\/site\/wp-json\/wp\/v2\/posts\/10917\/revisions"}],"wp:featuredmedia":[{"embeddable":true,"href":"https:\/\/radiosantaclara.sitetopfm.com.br\/site\/wp-json\/wp\/v2\/media\/6909"}],"wp:attachment":[{"href":"https:\/\/radiosantaclara.sitetopfm.com.br\/site\/wp-json\/wp\/v2\/media?parent=10917"}],"wp:term":[{"taxonomy":"category","embeddable":true,"href":"https:\/\/radiosantaclara.sitetopfm.com.br\/site\/wp-json\/wp\/v2\/categories?post=10917"},{"taxonomy":"post_tag","embeddable":true,"href":"https:\/\/radiosantaclara.sitetopfm.com.br\/site\/wp-json\/wp\/v2\/tags?post=10917"}],"curies":[{"name":"wp","href":"https:\/\/api.w.org\/{rel}","templated":true}]}}