{"id":10913,"date":"2026-08-18T18:25:39","date_gmt":"2026-08-18T21:25:39","guid":{"rendered":"https:\/\/radiosantaclara.sitetopfm.com.br\/site\/comissao-aprova-inclusao-de-inteligencia-artificial-na-politica-nacional-de-educacao-digital\/"},"modified":"2026-08-18T18:25:39","modified_gmt":"2026-08-18T21:25:39","slug":"comissao-aprova-inclusao-de-inteligencia-artificial-na-politica-nacional-de-educacao-digital","status":"publish","type":"post","link":"https:\/\/radiosantaclara.sitetopfm.com.br\/site\/comissao-aprova-inclusao-de-inteligencia-artificial-na-politica-nacional-de-educacao-digital\/","title":{"rendered":"Comiss\u00e3o aprova inclus\u00e3o de intelig\u00eancia artificial na Pol\u00edtica Nacional de Educa\u00e7\u00e3o Digital"},"content":{"rendered":"<p> <br \/>\n<\/p>\n<div id=\"\">\n<figure class=\"materia__midia\" style=\"float: none; margin: 24px 0px;\" data-midia=\"1298102\"><img decoding=\"async\" src=\"https:\/\/www.camara.leg.br\/midias\/image\/2026\/08\/img20260203191618474-1-768x473.jpg\" alt=\"Discuss\u00e3o e vota\u00e7\u00e3o de propostas legislativas. Dep. Duda Ramos (MDB - RR)\"\/><figcaption><span class=\"materia__legenda-imagem\">Duda Ramos: democratiza\u00e7\u00e3o do acesso a essas ferramentas est\u00e1 alinhada \u00e0 redu\u00e7\u00e3o das desigualdades<\/span> &#8211; <span class=\"materia__creditos-imagem\" style=\"color:#5f5f5e\">Foto: Kayo Magalh\u00e3es\/C\u00e2mara dos Deputados<\/span><\/figcaption><\/figure>\n<p>A Comiss\u00e3o de Ci\u00eancia, Tecnologia e Inova\u00e7\u00e3o da C\u00e2mara dos Deputados aprovou um projeto de lei que trata de incentivos para a inclus\u00e3o digital em intelig\u00eancia artificial.<\/p>\n<p>Pelo texto aprovado, o acesso a ferramentas de intelig\u00eancia artificial e o aprendizado de compet\u00eancias digitais para seu uso passam a ser estrat\u00e9gias priorit\u00e1rias dentro do eixo de inclus\u00e3o digital da <a href=\"https:\/\/www2.camara.leg.br\/legin\/fed\/lei\/2023\/lei-14533-11-janeiro-2023-793686-norma-pl.html\">Pol\u00edtica Nacional de Educa\u00e7\u00e3o Digital<\/a>.<\/p>\n<p>As a\u00e7\u00f5es dever\u00e3o ser voltadas para escolas p\u00fablicas, popula\u00e7\u00f5es de \u00e1reas rurais ou remotas e comunidades em vulnerabilidade socioecon\u00f4mica.<\/p>\n<p>Os parlamentares acolheram o parecer do relator, deputado Duda Ramos (Pode-RR), que elaborou uma nova vers\u00e3o para o Projeto de Lei 7135\/25.<\/p>\n<p>Duda Ramos avaliou como central a democratiza\u00e7\u00e3o do acesso a ferramentas de intelig\u00eancia artificial na agenda contempor\u00e2nea de inclus\u00e3o digital. \u201cA preocupa\u00e7\u00e3o em alcan\u00e7ar comunidades vulner\u00e1veis, a rede p\u00fablica de ensino e os territ\u00f3rios mais remotos est\u00e1 alinhada \u00e0s prioridades constitucionais de redu\u00e7\u00e3o das desigualdades e de promo\u00e7\u00e3o do pleno desenvolvimento das pessoas.\u201d<\/p>\n<h3 class=\"ds-titulo-subsecao\">ALTERA\u00c7\u00c3O<\/h3>\n<p>O projeto original, do deputado Amom Mandel (Republicanos-AM), alterava a <a href=\"https:\/\/www2.camara.leg.br\/legin\/fed\/lei\/1991\/lei-8248-23-outubro-1991-367204-norma-pl.html\">Lei de Inform\u00e1tica<\/a> para exigir que empresas beneficiadas por incentivos fiscais investissem pelo menos 15% de seus recursos de pesquisa, desenvolvimento e inova\u00e7\u00e3o em programas de inclus\u00e3o digital voltados para a intelig\u00eancia artificial.<\/p>\n<p>Duda Ramos, no entanto, argumentou que essa obriga\u00e7\u00e3o desvirtuaria a finalidade da Lei de Inform\u00e1tica, cujos recursos devem financiar a gera\u00e7\u00e3o de conhecimento em parcerias com universidades e institutos de pesquisa, excluindo por lei a doa\u00e7\u00e3o de bens e servi\u00e7os tecnol\u00f3gicos.<\/p>\n<p>O relator preferiu deslocar a proposta para a Pol\u00edtica Nacional de Educa\u00e7\u00e3o Digital. \u201cA pol\u00edtica, institu\u00edda em 2023, j\u00e1 estrutura o conjunto de estrat\u00e9gias para enfrentar exatamente as desigualdades que o projeto pretende mitigar\u201d, explicou.<\/p>\n<p>\u201cAdicionalmente, a proposta \u00e9 transformada em diretriz permanente e de alcance amplo, que orientar\u00e1 o conjunto das a\u00e7\u00f5es do poder p\u00fablico, n\u00e3o se restringindo \u00e0 aplica\u00e7\u00e3o dos recursos das empresas benefici\u00e1rias de um regime fiscal espec\u00edfico\u201d, disse ainda Duda Ramos.<\/p>\n<h3 class=\"ds-titulo-subsecao\">PR\u00d3XIMOS PASSOS<\/h3>\n<p>O projeto tramita em <span id=\"4322\" class=\"termoGlossario materia__glossario\" title=\"Rito de tramita\u00e7\u00e3o pelo qual o projeto \u00e9 votado apenas pelas comiss\u00f5es designadas para analis\u00e1-lo, dispensada a delibera\u00e7\u00e3o do Plen\u00e1rio. O projeto perde o car\u00e1ter conclusivo se houver decis\u00e3o divergente entre as comiss\u00f5es ou se, independentemente de ser aprovado ou rejeitado, houver recurso assinado por 52 deputados para a aprecia\u00e7\u00e3o da mat\u00e9ria no Plen\u00e1rio.\" contenteditable=\"false\" data-toggle=\"tooltip\" data-placement=\"top\" style=\"color:#5f5f5e;border-bottom:none\">car\u00e1ter conclusivo<\/span> e segue agora para a an\u00e1lise das comiss\u00f5es de Finan\u00e7as e Tributa\u00e7\u00e3o; e de Constitui\u00e7\u00e3o e Justi\u00e7a e de Cidadania. Para virar lei, precisa ser aprovado pelos deputados e pelos senadores.<\/p>\n<p><a href=\"https:\/\/www.camara.leg.br\/noticias\/573454-SAIBA-MAIS-SOBRE-A-TRAMITACAO-DE-PROJETOS-DE-LEI\">Saiba mais sobre a tramita\u00e7\u00e3o de projetos de lei<\/a><\/p>\n<\/p><\/div>\n<p><br \/>\n<br \/><a href=\"https:\/\/www.camara.leg.br\/noticias\/1298416-comissao-aprova-inclusao-de-inteligencia-artificial-na-politica-nacional-de-educacao-digital\">postagem original <\/a><\/p>\n","protected":false},"excerpt":{"rendered":"<p>Duda Ramos: democratiza\u00e7\u00e3o do acesso a essas ferramentas est\u00e1 alinhada \u00e0 redu\u00e7\u00e3o das desigualdades &#8211; Foto: Kayo Magalh\u00e3es\/C\u00e2mara dos Deputados [&hellip;]<\/p>\n","protected":false},"author":1,"featured_media":6909,"comment_status":"open","ping_status":"open","sticky":false,"template":"","format":"standard","meta":{"site-sidebar-layout":"default","site-content-layout":"","ast-site-content-layout":"default","site-content-style":"default","site-sidebar-style":"default","ast-global-header-display":"","ast-banner-title-visibility":"","ast-main-header-display":"","ast-hfb-above-header-display":"","ast-hfb-below-header-display":"","ast-hfb-mobile-header-display":"","site-post-title":"","ast-breadcrumbs-content":"","ast-featured-img":"","footer-sml-layout":"","theme-transparent-header-meta":"","adv-header-id-meta":"","stick-header-meta":"","header-above-stick-meta":"","header-main-stick-meta":"","header-below-stick-meta":"","astra-migrate-meta-layouts":"default","ast-page-background-enabled":"default","ast-page-background-meta":{"desktop":{"background-color":"var(--ast-global-color-5)","background-image":"","background-repeat":"repeat","background-position":"center center","background-size":"auto","background-attachment":"scroll","background-type":"","background-media":"","overlay-type":"","overlay-color":"","overlay-opacity":"","overlay-gradient":""},"tablet":{"background-color":"","background-image":"","background-repeat":"repeat","background-position":"center center","background-size":"auto","background-attachment":"scroll","background-type":"","background-media":"","overlay-type":"","overlay-color":"","overlay-opacity":"","overlay-gradient":""},"mobile":{"background-color":"","background-image":"","background-repeat":"repeat","background-position":"center center","background-size":"auto","background-attachment":"scroll","background-type":"","background-media":"","overlay-type":"","overlay-color":"","overlay-opacity":"","overlay-gradient":""}},"ast-content-background-meta":{"desktop":{"background-color":"var(--ast-global-color-4)","background-image":"","background-repeat":"repeat","background-position":"center center","background-size":"auto","background-attachment":"scroll","background-type":"","background-media":"","overlay-type":"","overlay-color":"","overlay-opacity":"","overlay-gradient":""},"tablet":{"background-color":"var(--ast-global-color-4)","background-image":"","background-repeat":"repeat","background-position":"center center","background-size":"auto","background-attachment":"scroll","background-type":"","background-media":"","overlay-type":"","overlay-color":"","overlay-opacity":"","overlay-gradient":""},"mobile":{"background-color":"var(--ast-global-color-4)","background-image":"","background-repeat":"repeat","background-position":"center center","background-size":"auto","background-attachment":"scroll","background-type":"","background-media":"","overlay-type":"","overlay-color":"","overlay-opacity":"","overlay-gradient":""}},"_joinchat":[],"footnotes":""},"categories":[36],"tags":[],"_links":{"self":[{"href":"https:\/\/radiosantaclara.sitetopfm.com.br\/site\/wp-json\/wp\/v2\/posts\/10913"}],"collection":[{"href":"https:\/\/radiosantaclara.sitetopfm.com.br\/site\/wp-json\/wp\/v2\/posts"}],"about":[{"href":"https:\/\/radiosantaclara.sitetopfm.com.br\/site\/wp-json\/wp\/v2\/types\/post"}],"author":[{"embeddable":true,"href":"https:\/\/radiosantaclara.sitetopfm.com.br\/site\/wp-json\/wp\/v2\/users\/1"}],"replies":[{"embeddable":true,"href":"https:\/\/radiosantaclara.sitetopfm.com.br\/site\/wp-json\/wp\/v2\/comments?post=10913"}],"version-history":[{"count":0,"href":"https:\/\/radiosantaclara.sitetopfm.com.br\/site\/wp-json\/wp\/v2\/posts\/10913\/revisions"}],"wp:featuredmedia":[{"embeddable":true,"href":"https:\/\/radiosantaclara.sitetopfm.com.br\/site\/wp-json\/wp\/v2\/media\/6909"}],"wp:attachment":[{"href":"https:\/\/radiosantaclara.sitetopfm.com.br\/site\/wp-json\/wp\/v2\/media?parent=10913"}],"wp:term":[{"taxonomy":"category","embeddable":true,"href":"https:\/\/radiosantaclara.sitetopfm.com.br\/site\/wp-json\/wp\/v2\/categories?post=10913"},{"taxonomy":"post_tag","embeddable":true,"href":"https:\/\/radiosantaclara.sitetopfm.com.br\/site\/wp-json\/wp\/v2\/tags?post=10913"}],"curies":[{"name":"wp","href":"https:\/\/api.w.org\/{rel}","templated":true}]}}