{"id":10907,"date":"2026-08-18T06:35:09","date_gmt":"2026-08-18T09:35:09","guid":{"rendered":"https:\/\/radiosantaclara.sitetopfm.com.br\/site\/comissao-aprova-exigencia-de-antecedentes-criminais-para-cuidadores-de-pessoas-idosas\/"},"modified":"2026-08-18T06:35:09","modified_gmt":"2026-08-18T09:35:09","slug":"comissao-aprova-exigencia-de-antecedentes-criminais-para-cuidadores-de-pessoas-idosas","status":"publish","type":"post","link":"https:\/\/radiosantaclara.sitetopfm.com.br\/site\/comissao-aprova-exigencia-de-antecedentes-criminais-para-cuidadores-de-pessoas-idosas\/","title":{"rendered":"Comiss\u00e3o aprova exig\u00eancia de antecedentes criminais para cuidadores de pessoas idosas"},"content":{"rendered":"<p> <br \/>\n<\/p>\n<div id=\"\">\n<figure class=\"materia__midia\" style=\"float: none; margin: 24px 0px;\" data-midia=\"1298192\"><img decoding=\"async\" src=\"https:\/\/www.camara.leg.br\/midias\/image\/2026\/08\/img20251202183918167-768x473.jpg\" alt=\"Deputado Weliton Prado (PSD-MG) fala em comiss\u00e3o na C\u00e2mara dos Deputados\"\/><figcaption><span class=\"materia__legenda-imagem\">Deputado Weliton Prado (PSD-MG)<\/span> &#8211; <span class=\"materia__creditos-imagem\" style=\"color:#5f5f5e\">Foto: Zeca Ribeiro \/ C\u00e2mara dos Deputados<\/span><\/figcaption><\/figure>\n<p>A Comiss\u00e3o de Defesa dos Direitos da Pessoa Idosa da C\u00e2mara dos Deputados aprovou um projeto de lei que regulamenta a exig\u00eancia de certid\u00e3o de antecedentes criminais para profissionais que atuam no cuidado e no atendimento de pessoas idosas.<\/p>\n<p>No \u00e2mbito dom\u00e9stico, o texto estabelece que \u00e9 l\u00edcito (permitido por lei) ao contratante exigir a certid\u00e3o de antecedentes criminais dos cuidadores, tanto na fase pr\u00e9-contratual quanto durante a vig\u00eancia do contrato, independentemente do tipo de v\u00ednculo de trabalho.<\/p>\n<p>J\u00e1 as institui\u00e7\u00f5es sociais p\u00fablicas ou privadas que realizem atividades com pessoas idosas e que recebam verbas p\u00fablicas s\u00e3o obrigadas a exigir e manter as certid\u00f5es criminais atualizadas a cada seis meses.<\/p>\n<p>As demais organiza\u00e7\u00f5es p\u00fablicas ou privadas, mesmo sem recursos p\u00fablicos, devem, segundo o projeto, manter fichas cadastrais e certid\u00f5es atualizadas de todos os seus colaboradores.<\/p>\n<p>A regra aprovada abrange todas as pessoas contratadas ou volunt\u00e1rias que exer\u00e7am cargo, fun\u00e7\u00e3o ou ocupa\u00e7\u00e3o voltada \u00e0 presta\u00e7\u00e3o de servi\u00e7os aos idosos.<\/p>\n<h3 class=\"ds-titulo-subsecao\">Nova Vers\u00e3o<\/h3>\n<p>\n                        Por recomenda\u00e7\u00e3o do relator, deputado Weliton Prado (PSD-MG), foi aprovada a vers\u00e3o acatada anteriormente na Comiss\u00e3o de Trabalho, apresentada na forma de um <span id=\"4098\" class=\"termoGlossario materia__glossario\" title=\"Nome que se d\u00e1 ao texto que altera substancialmente o conte\u00fado original da proposta. O substitutivo \u00e9 apresentado pelo relator e tem prefer\u00eancia na vota\u00e7\u00e3o sobre o projeto original.\" contenteditable=\"false\" data-toggle=\"tooltip\" data-placement=\"top\" style=\"color:#5f5f5e;border-bottom:none\">substitutivo<\/span>. O texto unifica o <a class=\"linkProposicao\" href=\"https:\/\/www.camara.leg.br\/noticias\/1070806-projeto-permite-exigir-antecedentes-criminais-de-cuidador-de-pessoas-idosas\">Projeto de Lei 731\/24<\/a>, do deputado Pinheirinho (PP-MG), e o projeto <span id=\"4069\" class=\"termoGlossario materia__glossario\" title=\"Projeto que tramita em conjunto com outro que trate de mat\u00e9ria semelhante. O relator deve analisar todas as proposi\u00e7\u00f5es apensadas, que dever\u00e3o constar do seu parecer.\" contenteditable=\"false\" data-toggle=\"tooltip\" data-placement=\"top\" style=\"color:#5f5f5e;border-bottom:none\">apensado<\/span>, PL 1488\/24, do deputado Florentino Neto (PT-PI).<\/p>\n<p>O projeto original (PL 731\/24) limitava-se a prever genericamente no <a href=\"https:\/\/www2.camara.leg.br\/legin\/fed\/lei\/2003\/lei-10741-1-outubro-2003-497511-norma-pl.html\">Estatuto da Pessoa Idosa<\/a>\u00a0a possibilidade de o contratante exigir a certid\u00e3o de antecedentes criminais para o trabalho de cuidado de idosos. J\u00e1 o PL 1488\/24 propunha a obrigatoriedade de apresenta\u00e7\u00e3o do documento por parte de todos os profissionais do setor.<\/p>\n<h3 class=\"ds-titulo-subsecao\">Prote\u00e7\u00e3o Social<\/h3>\n<p>\n                        Weliton Prado destacou a import\u00e2ncia da medida para conter o hist\u00f3rico de abusos e neglig\u00eancias que atingem a popula\u00e7\u00e3o idosa.<\/p>\n<p>\u201cEmbora n\u00e3o represente uma garantia de elimina\u00e7\u00e3o completa das viola\u00e7\u00f5es, a medida \u00e9 capaz de reduzir riscos e diminuir de forma significativa viol\u00eancias contra pessoas idosas tanto em institui\u00e7\u00f5es quanto em ambiente dom\u00e9stico\u201d, disse o relator.<\/p>\n<p>Prado ressaltou ainda que a medida de controle n\u00e3o gera custos adicionais para os candidatos \u00e0s vagas, uma vez que a certid\u00e3o de antecedentes criminais \u00e9 emitida gratuitamente pelo poder p\u00fablico.<\/p>\n<h3 class=\"ds-titulo-subsecao\">Pr\u00f3ximos passos<\/h3>\n<p>\n                        A proposta, que tramita em <span id=\"4322\" class=\"termoGlossario materia__glossario\" title=\"Rito de tramita\u00e7\u00e3o pelo qual o projeto \u00e9 votado apenas pelas comiss\u00f5es designadas para analis\u00e1-lo, dispensada a delibera\u00e7\u00e3o do Plen\u00e1rio. O projeto perde o car\u00e1ter conclusivo se houver decis\u00e3o divergente entre as comiss\u00f5es ou se, independentemente de ser aprovado ou rejeitado, houver recurso assinado por 52 deputados para a aprecia\u00e7\u00e3o da mat\u00e9ria no Plen\u00e1rio.\" contenteditable=\"false\" data-toggle=\"tooltip\" data-placement=\"top\" style=\"color:#5f5f5e;border-bottom:none\">car\u00e1ter conclusivo<\/span>, ser\u00e1 analisada agora pela Comiss\u00e3o de Constitui\u00e7\u00e3o e Justi\u00e7a e de Cidadania.<\/p>\n<p>Para virar lei, precisa ser aprovada pela C\u00e2mara e pelo Senado Federal.<\/p>\n<p><a href=\"https:\/\/www.camara.leg.br\/noticias\/573454-SAIBA-MAIS-SOBRE-A-TRAMITACAO-DE-PROJETOS-DE-LEI\">Saiba mais sobre a tramita\u00e7\u00e3o de projetos de lei<\/a><\/p>\n<p>\u00a0<\/p>\n<div id=\"infografico-embed-1145294\" style=\"width: 100%; max-width: 100%; overflow: hidden;\"><img decoding=\"async\" src=\"https:\/\/www.camara.leg.br\/internet\/agencia\/infograficos-html5\/alguns-crimes-contra-idosos\/images\/desktop.jpg\" alt=\"\" loading=\"lazy\" style=\"width: 100%; max-width: 100%; height: auto; display: block; border: 0; margin: 0 auto;\"\/><\/div>\n<p>\u00a0<\/p>\n<p>\u00a0<\/p>\n<\/p><\/div>\n<p><br \/>\n<br \/><a href=\"https:\/\/www.camara.leg.br\/noticias\/1297670-comissao-aprova-exigencia-de-antecedentes-criminais-para-cuidadores-de-pessoas-idosas\">postagem original <\/a><\/p>\n","protected":false},"excerpt":{"rendered":"<p>Deputado Weliton Prado (PSD-MG) &#8211; Foto: Zeca Ribeiro \/ C\u00e2mara dos Deputados A Comiss\u00e3o de Defesa dos Direitos da Pessoa [&hellip;]<\/p>\n","protected":false},"author":1,"featured_media":6909,"comment_status":"open","ping_status":"open","sticky":false,"template":"","format":"standard","meta":{"site-sidebar-layout":"default","site-content-layout":"","ast-site-content-layout":"default","site-content-style":"default","site-sidebar-style":"default","ast-global-header-display":"","ast-banner-title-visibility":"","ast-main-header-display":"","ast-hfb-above-header-display":"","ast-hfb-below-header-display":"","ast-hfb-mobile-header-display":"","site-post-title":"","ast-breadcrumbs-content":"","ast-featured-img":"","footer-sml-layout":"","theme-transparent-header-meta":"","adv-header-id-meta":"","stick-header-meta":"","header-above-stick-meta":"","header-main-stick-meta":"","header-below-stick-meta":"","astra-migrate-meta-layouts":"default","ast-page-background-enabled":"default","ast-page-background-meta":{"desktop":{"background-color":"var(--ast-global-color-5)","background-image":"","background-repeat":"repeat","background-position":"center center","background-size":"auto","background-attachment":"scroll","background-type":"","background-media":"","overlay-type":"","overlay-color":"","overlay-opacity":"","overlay-gradient":""},"tablet":{"background-color":"","background-image":"","background-repeat":"repeat","background-position":"center center","background-size":"auto","background-attachment":"scroll","background-type":"","background-media":"","overlay-type":"","overlay-color":"","overlay-opacity":"","overlay-gradient":""},"mobile":{"background-color":"","background-image":"","background-repeat":"repeat","background-position":"center center","background-size":"auto","background-attachment":"scroll","background-type":"","background-media":"","overlay-type":"","overlay-color":"","overlay-opacity":"","overlay-gradient":""}},"ast-content-background-meta":{"desktop":{"background-color":"var(--ast-global-color-4)","background-image":"","background-repeat":"repeat","background-position":"center center","background-size":"auto","background-attachment":"scroll","background-type":"","background-media":"","overlay-type":"","overlay-color":"","overlay-opacity":"","overlay-gradient":""},"tablet":{"background-color":"var(--ast-global-color-4)","background-image":"","background-repeat":"repeat","background-position":"center center","background-size":"auto","background-attachment":"scroll","background-type":"","background-media":"","overlay-type":"","overlay-color":"","overlay-opacity":"","overlay-gradient":""},"mobile":{"background-color":"var(--ast-global-color-4)","background-image":"","background-repeat":"repeat","background-position":"center center","background-size":"auto","background-attachment":"scroll","background-type":"","background-media":"","overlay-type":"","overlay-color":"","overlay-opacity":"","overlay-gradient":""}},"_joinchat":[],"footnotes":""},"categories":[31],"tags":[],"_links":{"self":[{"href":"https:\/\/radiosantaclara.sitetopfm.com.br\/site\/wp-json\/wp\/v2\/posts\/10907"}],"collection":[{"href":"https:\/\/radiosantaclara.sitetopfm.com.br\/site\/wp-json\/wp\/v2\/posts"}],"about":[{"href":"https:\/\/radiosantaclara.sitetopfm.com.br\/site\/wp-json\/wp\/v2\/types\/post"}],"author":[{"embeddable":true,"href":"https:\/\/radiosantaclara.sitetopfm.com.br\/site\/wp-json\/wp\/v2\/users\/1"}],"replies":[{"embeddable":true,"href":"https:\/\/radiosantaclara.sitetopfm.com.br\/site\/wp-json\/wp\/v2\/comments?post=10907"}],"version-history":[{"count":0,"href":"https:\/\/radiosantaclara.sitetopfm.com.br\/site\/wp-json\/wp\/v2\/posts\/10907\/revisions"}],"wp:featuredmedia":[{"embeddable":true,"href":"https:\/\/radiosantaclara.sitetopfm.com.br\/site\/wp-json\/wp\/v2\/media\/6909"}],"wp:attachment":[{"href":"https:\/\/radiosantaclara.sitetopfm.com.br\/site\/wp-json\/wp\/v2\/media?parent=10907"}],"wp:term":[{"taxonomy":"category","embeddable":true,"href":"https:\/\/radiosantaclara.sitetopfm.com.br\/site\/wp-json\/wp\/v2\/categories?post=10907"},{"taxonomy":"post_tag","embeddable":true,"href":"https:\/\/radiosantaclara.sitetopfm.com.br\/site\/wp-json\/wp\/v2\/tags?post=10907"}],"curies":[{"name":"wp","href":"https:\/\/api.w.org\/{rel}","templated":true}]}}