{"id":10903,"date":"2026-08-17T17:36:51","date_gmt":"2026-08-17T20:36:51","guid":{"rendered":"https:\/\/radiosantaclara.sitetopfm.com.br\/site\/comissao-aprova-projeto-que-equipara-fissura-labiopalatina-e-doenca-renal-cronica-a-deficiencia\/"},"modified":"2026-08-17T17:36:51","modified_gmt":"2026-08-17T20:36:51","slug":"comissao-aprova-projeto-que-equipara-fissura-labiopalatina-e-doenca-renal-cronica-a-deficiencia","status":"publish","type":"post","link":"https:\/\/radiosantaclara.sitetopfm.com.br\/site\/comissao-aprova-projeto-que-equipara-fissura-labiopalatina-e-doenca-renal-cronica-a-deficiencia\/","title":{"rendered":"Comiss\u00e3o aprova projeto que equipara fissura labiopalatina e doen\u00e7a renal cr\u00f4nica a defici\u00eancia"},"content":{"rendered":"<p> <br \/>\n<\/p>\n<div id=\"\">\n<figure class=\"materia__midia\" style=\"float: none; margin: 24px 0px;\" data-midia=\"915662\"><img decoding=\"async\" src=\"https:\/\/www.camara.leg.br\/midias\/image\/2022\/10\/img20210312100347958-768x512.jpg\" alt=\"Sa\u00fade - geral - hemodi\u00e1lise - doen\u00e7a renal - paciente renal cr\u00f4nico - Refer\u00eancia na regi\u00e3o, Hospital Regional de Marab\u00e1 atende por m\u00eas at\u00e9 120 pacientes renais\"\/><figcaption><span class=\"materia__legenda-imagem\">Paciente com insufici\u00eancia renal realiza hemodi\u00e1lise<\/span> &#8211; <span class=\"materia__creditos-imagem\" style=\"color:#5f5f5e\">Foto: Pedro Guerreiro\/Ag. Par\u00e1<\/span><\/figcaption><\/figure>\n<p>A Comiss\u00e3o de Defesa dos Direitos das Pessoas com Defici\u00eancia aprovou projeto de lei que equipara pessoas com malforma\u00e7\u00f5es craniofaciais, como fissura labiopalatina, e pacientes com doen\u00e7a renal cr\u00f4nica \u00e0 condi\u00e7\u00e3o de pessoa com defici\u00eancia (PcD). O texto assegura a esses grupos o acesso formal a direitos como reserva de vagas em concursos, benef\u00edcios assistenciais e atendimento priorit\u00e1rio.<\/p>\n<p>A comiss\u00e3o aprovou o <span id=\"4098\" class=\"termoGlossario materia__glossario\" title=\"Nome que se d\u00e1 ao texto que altera substancialmente o conte\u00fado original da proposta. O substitutivo \u00e9 apresentado pelo relator e tem prefer\u00eancia na vota\u00e7\u00e3o sobre o projeto original.\" contenteditable=\"false\" data-toggle=\"tooltip\" data-placement=\"top\" style=\"color:#5f5f5e;border-bottom:none\">substitutivo<\/span> apresentado pelo relator, deputado M\u00e1rcio Honaiser (Solidariedade-MA), ao <a class=\"linkProposicao\" href=\"https:\/\/www.camara.leg.br\/noticias\/551539-projeto-reconhece-pacientes-com-fissura-palatina-como-pessoas-com-deficiencia\">Projeto de Lei 11217\/18<\/a>, do deputado Domingos Neto (PSD-CE), e outros sete apensados.<\/p>\n<p>A principal mudan\u00e7a introduzida pelo relator \u00e9 a exig\u00eancia de uma avalia\u00e7\u00e3o biopsicossocial, realizada por equipe multidisciplinar, para confirmar a condi\u00e7\u00e3o de defici\u00eancia. Esse modelo leva em conta n\u00e3o apenas o diagn\u00f3stico m\u00e9dico, mas as barreiras sociais e as limita\u00e7\u00f5es que a condi\u00e7\u00e3o imp\u00f5e ao indiv\u00edduo no dia a dia.<\/p>\n<p>Para os pacientes com doen\u00e7a renal cr\u00f4nica, a medida assegura que a condi\u00e7\u00e3o de defici\u00eancia cessar\u00e1 apenas em caso de reabilita\u00e7\u00e3o total ou transplante renal bem-sucedido.<\/p>\n<p>Honaiser sustenta que as altera\u00e7\u00f5es corrigem desigualdades hist\u00f3ricas. &#8220;O reconhecimento desses pacientes como pessoas com defici\u00eancia introduz um ato de justi\u00e7a social no ordenamento jur\u00eddico brasileiro&#8221;, afirmou.<\/p>\n<p>Segundo o relator, sem o amparo legal, muitas dessas pessoas enfrentam preconceito e graves dificuldades para entrar no mercado de trabalho e no sistema educacional.<\/p>\n<h3 class=\"ds-titulo-subsecao\">Pr\u00f3ximas etapas<\/h3>\n<p>A proposta ainda ser\u00e1 analisada, em <span id=\"4322\" class=\"termoGlossario materia__glossario\" title=\"Rito de tramita\u00e7\u00e3o pelo qual o projeto \u00e9 votado apenas pelas comiss\u00f5es designadas para analis\u00e1-lo, dispensada a delibera\u00e7\u00e3o do Plen\u00e1rio. O projeto perde o car\u00e1ter conclusivo se houver decis\u00e3o divergente entre as comiss\u00f5es ou se, independentemente de ser aprovado ou rejeitado, houver recurso assinado por 52 deputados para a aprecia\u00e7\u00e3o da mat\u00e9ria no Plen\u00e1rio.\" contenteditable=\"false\" data-toggle=\"tooltip\" data-placement=\"top\" style=\"color:#5f5f5e;border-bottom:none\">car\u00e1ter conclusivo<\/span>, pelas comiss\u00f5es de Finan\u00e7as e Tributa\u00e7\u00e3o e de Constitui\u00e7\u00e3o e Justi\u00e7a e de Cidadania.<\/p>\n<p>Para virar lei, o texto deve ser aprovado pela C\u00e2mara e pelo Senado.<\/p>\n<p><a href=\"https:\/\/www.camara.leg.br\/noticias\/573454-SAIBA-MAIS-SOBRE-A-TRAMITACAO-DE-PROJETOS-DE-LEI\">Saiba mais sobre a tramita\u00e7\u00e3o de projetos de lei<\/a><\/p>\n<\/p><\/div>\n<p><br \/>\n<br \/><a href=\"https:\/\/www.camara.leg.br\/noticias\/1297941-comissao-aprova-projeto-que-equipara-fissura-labiopalatina-e-doenca-renal-cronica-a-deficiencia\">postagem original <\/a><\/p>\n","protected":false},"excerpt":{"rendered":"<p>Paciente com insufici\u00eancia renal realiza hemodi\u00e1lise &#8211; Foto: Pedro Guerreiro\/Ag. Par\u00e1 A Comiss\u00e3o de Defesa dos Direitos das Pessoas com [&hellip;]<\/p>\n","protected":false},"author":1,"featured_media":6909,"comment_status":"open","ping_status":"open","sticky":false,"template":"","format":"standard","meta":{"site-sidebar-layout":"default","site-content-layout":"","ast-site-content-layout":"default","site-content-style":"default","site-sidebar-style":"default","ast-global-header-display":"","ast-banner-title-visibility":"","ast-main-header-display":"","ast-hfb-above-header-display":"","ast-hfb-below-header-display":"","ast-hfb-mobile-header-display":"","site-post-title":"","ast-breadcrumbs-content":"","ast-featured-img":"","footer-sml-layout":"","theme-transparent-header-meta":"","adv-header-id-meta":"","stick-header-meta":"","header-above-stick-meta":"","header-main-stick-meta":"","header-below-stick-meta":"","astra-migrate-meta-layouts":"default","ast-page-background-enabled":"default","ast-page-background-meta":{"desktop":{"background-color":"var(--ast-global-color-5)","background-image":"","background-repeat":"repeat","background-position":"center center","background-size":"auto","background-attachment":"scroll","background-type":"","background-media":"","overlay-type":"","overlay-color":"","overlay-opacity":"","overlay-gradient":""},"tablet":{"background-color":"","background-image":"","background-repeat":"repeat","background-position":"center center","background-size":"auto","background-attachment":"scroll","background-type":"","background-media":"","overlay-type":"","overlay-color":"","overlay-opacity":"","overlay-gradient":""},"mobile":{"background-color":"","background-image":"","background-repeat":"repeat","background-position":"center center","background-size":"auto","background-attachment":"scroll","background-type":"","background-media":"","overlay-type":"","overlay-color":"","overlay-opacity":"","overlay-gradient":""}},"ast-content-background-meta":{"desktop":{"background-color":"var(--ast-global-color-4)","background-image":"","background-repeat":"repeat","background-position":"center center","background-size":"auto","background-attachment":"scroll","background-type":"","background-media":"","overlay-type":"","overlay-color":"","overlay-opacity":"","overlay-gradient":""},"tablet":{"background-color":"var(--ast-global-color-4)","background-image":"","background-repeat":"repeat","background-position":"center center","background-size":"auto","background-attachment":"scroll","background-type":"","background-media":"","overlay-type":"","overlay-color":"","overlay-opacity":"","overlay-gradient":""},"mobile":{"background-color":"var(--ast-global-color-4)","background-image":"","background-repeat":"repeat","background-position":"center center","background-size":"auto","background-attachment":"scroll","background-type":"","background-media":"","overlay-type":"","overlay-color":"","overlay-opacity":"","overlay-gradient":""}},"_joinchat":[],"footnotes":""},"categories":[26],"tags":[],"_links":{"self":[{"href":"https:\/\/radiosantaclara.sitetopfm.com.br\/site\/wp-json\/wp\/v2\/posts\/10903"}],"collection":[{"href":"https:\/\/radiosantaclara.sitetopfm.com.br\/site\/wp-json\/wp\/v2\/posts"}],"about":[{"href":"https:\/\/radiosantaclara.sitetopfm.com.br\/site\/wp-json\/wp\/v2\/types\/post"}],"author":[{"embeddable":true,"href":"https:\/\/radiosantaclara.sitetopfm.com.br\/site\/wp-json\/wp\/v2\/users\/1"}],"replies":[{"embeddable":true,"href":"https:\/\/radiosantaclara.sitetopfm.com.br\/site\/wp-json\/wp\/v2\/comments?post=10903"}],"version-history":[{"count":0,"href":"https:\/\/radiosantaclara.sitetopfm.com.br\/site\/wp-json\/wp\/v2\/posts\/10903\/revisions"}],"wp:featuredmedia":[{"embeddable":true,"href":"https:\/\/radiosantaclara.sitetopfm.com.br\/site\/wp-json\/wp\/v2\/media\/6909"}],"wp:attachment":[{"href":"https:\/\/radiosantaclara.sitetopfm.com.br\/site\/wp-json\/wp\/v2\/media?parent=10903"}],"wp:term":[{"taxonomy":"category","embeddable":true,"href":"https:\/\/radiosantaclara.sitetopfm.com.br\/site\/wp-json\/wp\/v2\/categories?post=10903"},{"taxonomy":"post_tag","embeddable":true,"href":"https:\/\/radiosantaclara.sitetopfm.com.br\/site\/wp-json\/wp\/v2\/tags?post=10903"}],"curies":[{"name":"wp","href":"https:\/\/api.w.org\/{rel}","templated":true}]}}