{"id":10896,"date":"2026-08-15T12:05:25","date_gmt":"2026-08-15T15:05:25","guid":{"rendered":"https:\/\/radiosantaclara.sitetopfm.com.br\/site\/comissao-aprova-preferencia-no-prouni-a-candidatos-afastados-do-convivio-familiar\/"},"modified":"2026-08-15T12:05:25","modified_gmt":"2026-08-15T15:05:25","slug":"comissao-aprova-preferencia-no-prouni-a-candidatos-afastados-do-convivio-familiar","status":"publish","type":"post","link":"https:\/\/radiosantaclara.sitetopfm.com.br\/site\/comissao-aprova-preferencia-no-prouni-a-candidatos-afastados-do-convivio-familiar\/","title":{"rendered":"Comiss\u00e3o aprova prefer\u00eancia no Prouni a candidatos afastados do conv\u00edvio familiar"},"content":{"rendered":"<p> <br \/>\n<\/p>\n<div id=\"\">\n<figure class=\"materia__midia\" style=\"float: none; margin: 24px 0px;\" data-midia=\"1288376\"><img decoding=\"async\" src=\"https:\/\/www.camara.leg.br\/midias\/image\/2026\/07\/img20260303153557971-768x473.jpg\" alt=\"Deputado Roberto Duarte fala ao microfone\"\/><figcaption><span class=\"materia__legenda-imagem\">Roberto Duarte recomendou a aprova\u00e7\u00e3o da proposta<\/span> &#8211; <span class=\"materia__creditos-imagem\" style=\"color:#5f5f5e\">Foto: Kayo Magalh\u00e3es \/ C\u00e2mara dos Deputados<\/span><\/figcaption><\/figure>\n<p><span style=\"font-weight: 400;\">A Comiss\u00e3o de Constitui\u00e7\u00e3o e Justi\u00e7a e de Cidadania da C\u00e2mara dos Deputados aprovou o <a class=\"linkProposicao\" href=\"https:\/\/www.camara.leg.br\/noticias\/436205-candidatos-afastados-do-convivio-familiar-poderao-ter-preferencia-no-prouni\">Projeto de Lei 5955\/13<\/a>, do Senado, que d\u00e1 prioridade, em caso de empate na fase de pr\u00e9-sele\u00e7\u00e3o do Programa Universidade para Todos (Prouni), a estudantes com hist\u00f3rico de afastamento do conv\u00edvio familiar.<\/span><\/p>\n<p><span style=\"font-weight: 400;\">O afastamento dever\u00e1 ter sido motivado por neglig\u00eancia, discrimina\u00e7\u00e3o, explora\u00e7\u00e3o, viol\u00eancia, crueldade ou opress\u00e3o. <\/span><\/p>\n<p><span style=\"font-weight: 400;\">O projeto acrescenta dispositivos \u00e0 <a class=\"linkLegislacao\" href=\"https:\/\/www2.camara.gov.br\/legin\/fed\/lei\/2005\/lei-11096-13-janeiro-2005-535381-norma-pl.html\" target=\"_blank\" rel=\"noopener noreferrer\">Lei do Prouni<\/a>.<\/span><\/p>\n<p><span style=\"font-weight: 400;\"><strong>Parecer favor\u00e1vel<\/strong><br \/>O relator, deputado Roberto Duarte (Republicanos-AC), apresentou parecer pela aprova\u00e7\u00e3o. Ele ressaltou que a proposta est\u00e1 alinhada a preceitos constitucionais, como o princ\u00edpio da dignidade humana, o direito \u00e0 educa\u00e7\u00e3o como dever do Estado e o princ\u00edpio da igualdade.\u00a0<\/span><\/p>\n<p><span style=\"font-weight: 400;\">\u201cO crit\u00e9rio de desempate proposto se harmoniza com a l\u00f3gica de inclus\u00e3o e repara\u00e7\u00e3o social que rege o Prouni, sem ferir os direitos de outros candidatos, uma vez que se aplica apenas em situa\u00e7\u00f5es de empate, sem suprimir m\u00e9rito acad\u00eamico ou crit\u00e9rios objetivos de avalia\u00e7\u00e3o\u201d, destacou Duarte.<\/span><\/p>\n<h3 class=\"ds-titulo-subsecao\">Pr\u00f3ximas etapas<\/h3>\n<p><span style=\"font-weight: 400;\">A proposta tramitou em <span id=\"4322\" class=\"termoGlossario materia__glossario\" title=\"Rito de tramita\u00e7\u00e3o pelo qual o projeto \u00e9 votado apenas pelas comiss\u00f5es designadas para analis\u00e1-lo, dispensada a delibera\u00e7\u00e3o do Plen\u00e1rio. O projeto perde o car\u00e1ter conclusivo se houver decis\u00e3o divergente entre as comiss\u00f5es ou se, independentemente de ser aprovado ou rejeitado, houver recurso assinado por 52 deputados para a aprecia\u00e7\u00e3o da mat\u00e9ria no Plen\u00e1rio.\" contenteditable=\"false\" data-toggle=\"tooltip\" data-placement=\"top\" style=\"color:#5f5f5e;border-bottom:none\">car\u00e1ter conclusivo<\/span> e poder\u00e1 seguir para san\u00e7\u00e3o presidencial, a menos que haja recurso para vota\u00e7\u00e3o pelo Plen\u00e1rio da C\u00e2mara.\u00a0<\/span><\/p>\n<p><a href=\"https:\/\/www.camara.leg.br\/noticias\/573454-SAIBA-MAIS-SOBRE-A-TRAMITACAO-DE-PROJETOS-DE-LEI\">Saiba mais sobre a tramita\u00e7\u00e3o de projetos de lei<\/a><\/p>\n<p>\u00a0<\/p>\n<div id=\"infografico-embed-1071078\" style=\"width: 100%; max-width: 100%; overflow: hidden;\"><img decoding=\"async\" src=\"https:\/\/www.camara.leg.br\/internet\/agencia\/infograficos-html5\/programa-universidade-para-todos-prouni\/images\/desktop.jpg\" alt=\"\" loading=\"lazy\" style=\"width: 100%; max-width: 100%; height: auto; display: block; border: 0; margin: 0 auto;\"\/><\/div>\n<p>\u00a0<\/p>\n<\/p><\/div>\n<p><br \/>\n<br \/><a href=\"https:\/\/www.camara.leg.br\/noticias\/1297562-comissao-aprova-preferencia-no-prouni-a-candidatos-afastados-do-convivio-familiar\">postagem original <\/a><\/p>\n","protected":false},"excerpt":{"rendered":"<p>Roberto Duarte recomendou a aprova\u00e7\u00e3o da proposta &#8211; Foto: Kayo Magalh\u00e3es \/ C\u00e2mara dos Deputados A Comiss\u00e3o de Constitui\u00e7\u00e3o e [&hellip;]<\/p>\n","protected":false},"author":1,"featured_media":6909,"comment_status":"open","ping_status":"open","sticky":false,"template":"","format":"standard","meta":{"site-sidebar-layout":"default","site-content-layout":"","ast-site-content-layout":"default","site-content-style":"default","site-sidebar-style":"default","ast-global-header-display":"","ast-banner-title-visibility":"","ast-main-header-display":"","ast-hfb-above-header-display":"","ast-hfb-below-header-display":"","ast-hfb-mobile-header-display":"","site-post-title":"","ast-breadcrumbs-content":"","ast-featured-img":"","footer-sml-layout":"","theme-transparent-header-meta":"","adv-header-id-meta":"","stick-header-meta":"","header-above-stick-meta":"","header-main-stick-meta":"","header-below-stick-meta":"","astra-migrate-meta-layouts":"default","ast-page-background-enabled":"default","ast-page-background-meta":{"desktop":{"background-color":"var(--ast-global-color-5)","background-image":"","background-repeat":"repeat","background-position":"center center","background-size":"auto","background-attachment":"scroll","background-type":"","background-media":"","overlay-type":"","overlay-color":"","overlay-opacity":"","overlay-gradient":""},"tablet":{"background-color":"","background-image":"","background-repeat":"repeat","background-position":"center center","background-size":"auto","background-attachment":"scroll","background-type":"","background-media":"","overlay-type":"","overlay-color":"","overlay-opacity":"","overlay-gradient":""},"mobile":{"background-color":"","background-image":"","background-repeat":"repeat","background-position":"center center","background-size":"auto","background-attachment":"scroll","background-type":"","background-media":"","overlay-type":"","overlay-color":"","overlay-opacity":"","overlay-gradient":""}},"ast-content-background-meta":{"desktop":{"background-color":"var(--ast-global-color-4)","background-image":"","background-repeat":"repeat","background-position":"center center","background-size":"auto","background-attachment":"scroll","background-type":"","background-media":"","overlay-type":"","overlay-color":"","overlay-opacity":"","overlay-gradient":""},"tablet":{"background-color":"var(--ast-global-color-4)","background-image":"","background-repeat":"repeat","background-position":"center center","background-size":"auto","background-attachment":"scroll","background-type":"","background-media":"","overlay-type":"","overlay-color":"","overlay-opacity":"","overlay-gradient":""},"mobile":{"background-color":"var(--ast-global-color-4)","background-image":"","background-repeat":"repeat","background-position":"center center","background-size":"auto","background-attachment":"scroll","background-type":"","background-media":"","overlay-type":"","overlay-color":"","overlay-opacity":"","overlay-gradient":""}},"_joinchat":[],"footnotes":""},"categories":[36],"tags":[],"_links":{"self":[{"href":"https:\/\/radiosantaclara.sitetopfm.com.br\/site\/wp-json\/wp\/v2\/posts\/10896"}],"collection":[{"href":"https:\/\/radiosantaclara.sitetopfm.com.br\/site\/wp-json\/wp\/v2\/posts"}],"about":[{"href":"https:\/\/radiosantaclara.sitetopfm.com.br\/site\/wp-json\/wp\/v2\/types\/post"}],"author":[{"embeddable":true,"href":"https:\/\/radiosantaclara.sitetopfm.com.br\/site\/wp-json\/wp\/v2\/users\/1"}],"replies":[{"embeddable":true,"href":"https:\/\/radiosantaclara.sitetopfm.com.br\/site\/wp-json\/wp\/v2\/comments?post=10896"}],"version-history":[{"count":0,"href":"https:\/\/radiosantaclara.sitetopfm.com.br\/site\/wp-json\/wp\/v2\/posts\/10896\/revisions"}],"wp:featuredmedia":[{"embeddable":true,"href":"https:\/\/radiosantaclara.sitetopfm.com.br\/site\/wp-json\/wp\/v2\/media\/6909"}],"wp:attachment":[{"href":"https:\/\/radiosantaclara.sitetopfm.com.br\/site\/wp-json\/wp\/v2\/media?parent=10896"}],"wp:term":[{"taxonomy":"category","embeddable":true,"href":"https:\/\/radiosantaclara.sitetopfm.com.br\/site\/wp-json\/wp\/v2\/categories?post=10896"},{"taxonomy":"post_tag","embeddable":true,"href":"https:\/\/radiosantaclara.sitetopfm.com.br\/site\/wp-json\/wp\/v2\/tags?post=10896"}],"curies":[{"name":"wp","href":"https:\/\/api.w.org\/{rel}","templated":true}]}}