{"id":10895,"date":"2026-08-15T05:16:52","date_gmt":"2026-08-15T08:16:52","guid":{"rendered":"https:\/\/radiosantaclara.sitetopfm.com.br\/site\/comissao-aprova-exigencia-de-consultas-publicas-para-escolha-de-homenageados-em-rodovias-federais\/"},"modified":"2026-08-15T05:16:52","modified_gmt":"2026-08-15T08:16:52","slug":"comissao-aprova-exigencia-de-consultas-publicas-para-escolha-de-homenageados-em-rodovias-federais","status":"publish","type":"post","link":"https:\/\/radiosantaclara.sitetopfm.com.br\/site\/comissao-aprova-exigencia-de-consultas-publicas-para-escolha-de-homenageados-em-rodovias-federais\/","title":{"rendered":"Comiss\u00e3o aprova exig\u00eancia de consultas p\u00fablicas para escolha de homenageados em rodovias federais"},"content":{"rendered":"<p> <br \/>\n<\/p>\n<div id=\"\">\n<figure class=\"materia__midia\" style=\"float: none; margin: 24px 0px;\" data-midia=\"1125624\"><img decoding=\"async\" src=\"https:\/\/www.camara.leg.br\/midias\/image\/2025\/01\/trecho-da-br-163-no-paran-768x509.jpg\" alt=\"Trecho da BR-163, no Paran\u00e1\"\/><figcaption><span class=\"materia__legenda-imagem\">Trecho da BR-163, no Paran\u00e1<\/span> &#8211; <span class=\"materia__creditos-imagem\" style=\"color:#5f5f5e\">Foto: Divulga\u00e7\u00e3o: DNIT<\/span><\/figcaption><\/figure>\n<p>A Comiss\u00e3o de Cultura da C\u00e2mara dos Deputados aprovou projeto de lei que exige a realiza\u00e7\u00e3o de consultas e audi\u00eancias p\u00fablicas para a escolha de nomes de esta\u00e7\u00f5es, pontes, viadutos e trechos de rodovias federais. O objetivo \u00e9 garantir a participa\u00e7\u00e3o da popula\u00e7\u00e3o local na defini\u00e7\u00e3o das homenagens.<\/p>\n<p>Por recomenda\u00e7\u00e3o da relatora, deputada L\u00eddice da Mata (PSB-BA), foi aprovado o Projeto de Lei 3471\/23, do deputado Diego Garcia (Uni\u00e3o-PR). O texto tramita em conjunto com Projeto de Lei 3201\/19, do Senado, que trata de assunto similar e foi rejeitado, assim como <a href=\"https:\/\/www.camara.leg.br\/noticias\/1262838-COMISSAO-APROVA-PROJETO-QUE-MUDA-REGRAS-PARA-HOMENAGENS-EM-RODOVIAS-FEDERAIS\">uma vers\u00e3o da Comiss\u00e3o de Via\u00e7\u00e3o e Transportes<\/a>.<\/p>\n<p>A proposta aprovada altera a <a class=\"linkLegislacao\" href=\"https:\/\/www2.camara.gov.br\/legin\/fed\/lei\/1970-1979\/lei-6682-27-agosto-1979-357066-norma-pl.html\" target=\"_blank\" rel=\"noopener noreferrer\">Lei 6.682\/79<\/a>, que trata do Plano Nacional de Via\u00e7\u00e3o e da denomina\u00e7\u00e3o de estruturas vi\u00e1rias. Pelo texto, a pertin\u00eancia da homenagem dever\u00e1 ser atestada por consultas documentadas com organiza\u00e7\u00f5es locais ou por manifesta\u00e7\u00e3o expressa da C\u00e2mara de Vereadores ou da Assembleia Legislativa.<\/p>\n<h3 class=\"ds-titulo-subsecao\">Orienta\u00e7\u00e3o<\/h3>\n<p>\n                        Segundo o parecer de L\u00eddice da Mata, a <a href=\"https:\/\/www2.camara.leg.br\/atividade-legislativa\/comissoes\/comissoes-permanentes\/ccult\/normas-internas\/sumula-de-recomendacao-aos-relatores-no-1-2025-versao-1\">S\u00famula 1\/26 da Comiss\u00e3o de Cultura<\/a> j\u00e1 recomenda que projetos dessa natureza sejam instru\u00eddos com prova clara de concord\u00e2ncia da Assembleia Legislativa ou da C\u00e2mara Municipal correspondente.<\/p>\n<p>\u201cA exig\u00eancia de consultas e audi\u00eancias p\u00fablicas ou de manifesta\u00e7\u00e3o expressa do Poder Legislativo local ou regional refor\u00e7a a participa\u00e7\u00e3o social e assegura maior legitimidade \u00e0s denomina\u00e7\u00f5es aprovadas pelo Congresso\u201d, afirmou a relatora.<\/p>\n<h3 class=\"ds-titulo-subsecao\">Pr\u00f3ximos passos<\/h3>\n<p>\n                        O projeto ainda ser\u00e1 analisado, em <span id=\"4322\" class=\"termoGlossario materia__glossario\" title=\"Rito de tramita\u00e7\u00e3o pelo qual o projeto \u00e9 votado apenas pelas comiss\u00f5es designadas para analis\u00e1-lo, dispensada a delibera\u00e7\u00e3o do Plen\u00e1rio. O projeto perde o car\u00e1ter conclusivo se houver decis\u00e3o divergente entre as comiss\u00f5es ou se, independentemente de ser aprovado ou rejeitado, houver recurso assinado por 52 deputados para a aprecia\u00e7\u00e3o da mat\u00e9ria no Plen\u00e1rio.\" contenteditable=\"false\" data-toggle=\"tooltip\" data-placement=\"top\" style=\"color:#5f5f5e;border-bottom:none\">car\u00e1ter conclusivo<\/span>, pela Comiss\u00e3o de Constitui\u00e7\u00e3o e Justi\u00e7a e de Cidadania.<\/p>\n<p>Para virar lei, ter\u00e1 de ser aprovado pela C\u00e2mara e pelo Senado.<\/p>\n<p><a href=\"https:\/\/www.camara.leg.br\/noticias\/573454-SAIBA-MAIS-SOBRE-A-TRAMITACAO-DE-PROJETOS-DE-LEI\">Saiba mais sobre a tramita\u00e7\u00e3o de projetos de lei<\/a><\/p>\n<\/p><\/div>\n<p><br \/>\n<br \/><a href=\"https:\/\/www.camara.leg.br\/noticias\/1297652-comissao-aprova-exigencia-de-consultas-publicas-para-escolha-de-homenageados-em-rodovias-federais\">postagem original <\/a><\/p>\n","protected":false},"excerpt":{"rendered":"<p>Trecho da BR-163, no Paran\u00e1 &#8211; Foto: Divulga\u00e7\u00e3o: DNIT A Comiss\u00e3o de Cultura da C\u00e2mara dos Deputados aprovou projeto de [&hellip;]<\/p>\n","protected":false},"author":1,"featured_media":6909,"comment_status":"open","ping_status":"open","sticky":false,"template":"","format":"standard","meta":{"site-sidebar-layout":"default","site-content-layout":"","ast-site-content-layout":"default","site-content-style":"default","site-sidebar-style":"default","ast-global-header-display":"","ast-banner-title-visibility":"","ast-main-header-display":"","ast-hfb-above-header-display":"","ast-hfb-below-header-display":"","ast-hfb-mobile-header-display":"","site-post-title":"","ast-breadcrumbs-content":"","ast-featured-img":"","footer-sml-layout":"","theme-transparent-header-meta":"","adv-header-id-meta":"","stick-header-meta":"","header-above-stick-meta":"","header-main-stick-meta":"","header-below-stick-meta":"","astra-migrate-meta-layouts":"default","ast-page-background-enabled":"default","ast-page-background-meta":{"desktop":{"background-color":"var(--ast-global-color-5)","background-image":"","background-repeat":"repeat","background-position":"center center","background-size":"auto","background-attachment":"scroll","background-type":"","background-media":"","overlay-type":"","overlay-color":"","overlay-opacity":"","overlay-gradient":""},"tablet":{"background-color":"","background-image":"","background-repeat":"repeat","background-position":"center center","background-size":"auto","background-attachment":"scroll","background-type":"","background-media":"","overlay-type":"","overlay-color":"","overlay-opacity":"","overlay-gradient":""},"mobile":{"background-color":"","background-image":"","background-repeat":"repeat","background-position":"center center","background-size":"auto","background-attachment":"scroll","background-type":"","background-media":"","overlay-type":"","overlay-color":"","overlay-opacity":"","overlay-gradient":""}},"ast-content-background-meta":{"desktop":{"background-color":"var(--ast-global-color-4)","background-image":"","background-repeat":"repeat","background-position":"center center","background-size":"auto","background-attachment":"scroll","background-type":"","background-media":"","overlay-type":"","overlay-color":"","overlay-opacity":"","overlay-gradient":""},"tablet":{"background-color":"var(--ast-global-color-4)","background-image":"","background-repeat":"repeat","background-position":"center center","background-size":"auto","background-attachment":"scroll","background-type":"","background-media":"","overlay-type":"","overlay-color":"","overlay-opacity":"","overlay-gradient":""},"mobile":{"background-color":"var(--ast-global-color-4)","background-image":"","background-repeat":"repeat","background-position":"center center","background-size":"auto","background-attachment":"scroll","background-type":"","background-media":"","overlay-type":"","overlay-color":"","overlay-opacity":"","overlay-gradient":""}},"_joinchat":[],"footnotes":""},"categories":[36],"tags":[],"_links":{"self":[{"href":"https:\/\/radiosantaclara.sitetopfm.com.br\/site\/wp-json\/wp\/v2\/posts\/10895"}],"collection":[{"href":"https:\/\/radiosantaclara.sitetopfm.com.br\/site\/wp-json\/wp\/v2\/posts"}],"about":[{"href":"https:\/\/radiosantaclara.sitetopfm.com.br\/site\/wp-json\/wp\/v2\/types\/post"}],"author":[{"embeddable":true,"href":"https:\/\/radiosantaclara.sitetopfm.com.br\/site\/wp-json\/wp\/v2\/users\/1"}],"replies":[{"embeddable":true,"href":"https:\/\/radiosantaclara.sitetopfm.com.br\/site\/wp-json\/wp\/v2\/comments?post=10895"}],"version-history":[{"count":0,"href":"https:\/\/radiosantaclara.sitetopfm.com.br\/site\/wp-json\/wp\/v2\/posts\/10895\/revisions"}],"wp:featuredmedia":[{"embeddable":true,"href":"https:\/\/radiosantaclara.sitetopfm.com.br\/site\/wp-json\/wp\/v2\/media\/6909"}],"wp:attachment":[{"href":"https:\/\/radiosantaclara.sitetopfm.com.br\/site\/wp-json\/wp\/v2\/media?parent=10895"}],"wp:term":[{"taxonomy":"category","embeddable":true,"href":"https:\/\/radiosantaclara.sitetopfm.com.br\/site\/wp-json\/wp\/v2\/categories?post=10895"},{"taxonomy":"post_tag","embeddable":true,"href":"https:\/\/radiosantaclara.sitetopfm.com.br\/site\/wp-json\/wp\/v2\/tags?post=10895"}],"curies":[{"name":"wp","href":"https:\/\/api.w.org\/{rel}","templated":true}]}}