{"id":10888,"date":"2026-08-14T16:19:03","date_gmt":"2026-08-14T19:19:03","guid":{"rendered":"https:\/\/radiosantaclara.sitetopfm.com.br\/site\/comissao-aprova-projeto-que-institui-a-politica-nacional-da-longevidade\/"},"modified":"2026-08-14T16:19:03","modified_gmt":"2026-08-14T19:19:03","slug":"comissao-aprova-projeto-que-institui-a-politica-nacional-da-longevidade","status":"publish","type":"post","link":"https:\/\/radiosantaclara.sitetopfm.com.br\/site\/comissao-aprova-projeto-que-institui-a-politica-nacional-da-longevidade\/","title":{"rendered":"Comiss\u00e3o aprova projeto que institui a Pol\u00edtica Nacional da Longevidade"},"content":{"rendered":"<p> <br \/>\n<\/p>\n<div id=\"\">\n<figure class=\"materia__midia\" style=\"float: none; margin: 24px 0px;\" data-midia=\"1297837\"><img decoding=\"async\" src=\"https:\/\/www.camara.leg.br\/midias\/image\/2026\/08\/img20251219105335049-768x473.jpg\" alt=\"Deputado Weliton Prado (PSD-MG) fala em comiss\u00e3o da C\u00e2mara dos Deputados\"\/><figcaption><span class=\"materia__legenda-imagem\">Weliton Prado, relator da proposta<\/span> &#8211; <span class=\"materia__creditos-imagem\" style=\"color:#5f5f5e\">Foto: Kayo Magalh\u00e3es \/ C\u00e2mara dos Deputados<\/span><\/figcaption><\/figure>\n<p>A Comiss\u00e3o de Defesa dos Direitos da Pessoa Idosa da C\u00e2mara dos Deputados aprovou projeto de lei que institui a Pol\u00edtica Nacional da Longevidade. O texto cria a Comiss\u00e3o Nacional da Longevidade, respons\u00e1vel por a\u00e7\u00f5es para pessoas idosas.<\/p>\n<p>A proposta aprovada \u00e9 a vers\u00e3o do relator, deputado Weliton Prado (PSD-MG), para o <a class=\"linkProposicao\" href=\"https:\/\/www.camara.leg.br\/noticias\/1290904-projeto-cria-politica-nacional-para-promover-envelhecimento-ativo\">Projeto de Lei 107\/26<\/a>, do deputado Gilberto Nascimento (Pode-SP). O relator fez ajustes para retirar o detalhamento de \u00f3rg\u00e3os do Poder Executivo.<\/p>\n<p>\u201cO substitutivo procura manter a estrutura da proposta original, mas preserva a margem de discricionariedade na implementa\u00e7\u00e3o, respeitando, assim, a separa\u00e7\u00e3o de Poderes\u201d, afirmou Weliton Prado no parecer.<\/p>\n<h3 class=\"ds-titulo-subsecao\">Outros pontos<\/h3>\n<p>\n                        A pol\u00edtica ter\u00e1 como diretrizes a aten\u00e7\u00e3o integral \u00e0 pessoa idosa, a promo\u00e7\u00e3o do envelhecimento ativo e o combate a formas de viol\u00eancia ou neglig\u00eancia. Tamb\u00e9m prev\u00ea o fortalecimento do cuidado de longa dura\u00e7\u00e3o e o apoio aos cuidadores.<\/p>\n<p>Al\u00e9m disso, o texto prev\u00ea a cria\u00e7\u00e3o do Sistema Nacional de Informa\u00e7\u00f5es da Longevidade. A plataforma deve coletar, organizar e disponibilizar dados sobre a implementa\u00e7\u00e3o da pol\u00edtica, integrando \u00e1reas como sa\u00fade, previd\u00eancia e assist\u00eancia social.<\/p>\n<h3 class=\"ds-titulo-subsecao\">Pr\u00f3ximos passos<\/h3>\n<p>\n                        O projeto ainda ser\u00e1 analisado, em <span id=\"4322\" class=\"termoGlossario materia__glossario\" title=\"Rito de tramita\u00e7\u00e3o pelo qual o projeto \u00e9 votado apenas pelas comiss\u00f5es designadas para analis\u00e1-lo, dispensada a delibera\u00e7\u00e3o do Plen\u00e1rio. O projeto perde o car\u00e1ter conclusivo se houver decis\u00e3o divergente entre as comiss\u00f5es ou se, independentemente de ser aprovado ou rejeitado, houver recurso assinado por 52 deputados para a aprecia\u00e7\u00e3o da mat\u00e9ria no Plen\u00e1rio.\" contenteditable=\"false\" data-toggle=\"tooltip\" data-placement=\"top\" style=\"color:#5f5f5e;border-bottom:none\">car\u00e1ter conclusivo<\/span>, pelas comiss\u00f5es de Finan\u00e7as e Tributa\u00e7\u00e3o; e de Constitui\u00e7\u00e3o e Justi\u00e7a e de Cidadania.<\/p>\n<p>Para virar lei, ter\u00e1 de ser aprovado pela C\u00e2mara e pelo Senado.<\/p>\n<p><a href=\"https:\/\/www.camara.leg.br\/noticias\/573454-SAIBA-MAIS-SOBRE-A-TRAMITACAO-DE-PROJETOS-DE-LEI\">Saiba mais sobre a tramita\u00e7\u00e3o de projetos de lei<\/a><\/p>\n<\/p><\/div>\n<p><br \/>\n<br \/><a href=\"https:\/\/www.camara.leg.br\/noticias\/1297709-comissao-aprova-projeto-que-institui-a-politica-nacional-da-longevidade\">postagem original <\/a><\/p>\n","protected":false},"excerpt":{"rendered":"<p>Weliton Prado, relator da proposta &#8211; Foto: Kayo Magalh\u00e3es \/ C\u00e2mara dos Deputados A Comiss\u00e3o de Defesa dos Direitos da [&hellip;]<\/p>\n","protected":false},"author":1,"featured_media":6909,"comment_status":"open","ping_status":"open","sticky":false,"template":"","format":"standard","meta":{"site-sidebar-layout":"default","site-content-layout":"","ast-site-content-layout":"default","site-content-style":"default","site-sidebar-style":"default","ast-global-header-display":"","ast-banner-title-visibility":"","ast-main-header-display":"","ast-hfb-above-header-display":"","ast-hfb-below-header-display":"","ast-hfb-mobile-header-display":"","site-post-title":"","ast-breadcrumbs-content":"","ast-featured-img":"","footer-sml-layout":"","theme-transparent-header-meta":"","adv-header-id-meta":"","stick-header-meta":"","header-above-stick-meta":"","header-main-stick-meta":"","header-below-stick-meta":"","astra-migrate-meta-layouts":"default","ast-page-background-enabled":"default","ast-page-background-meta":{"desktop":{"background-color":"var(--ast-global-color-5)","background-image":"","background-repeat":"repeat","background-position":"center center","background-size":"auto","background-attachment":"scroll","background-type":"","background-media":"","overlay-type":"","overlay-color":"","overlay-opacity":"","overlay-gradient":""},"tablet":{"background-color":"","background-image":"","background-repeat":"repeat","background-position":"center center","background-size":"auto","background-attachment":"scroll","background-type":"","background-media":"","overlay-type":"","overlay-color":"","overlay-opacity":"","overlay-gradient":""},"mobile":{"background-color":"","background-image":"","background-repeat":"repeat","background-position":"center center","background-size":"auto","background-attachment":"scroll","background-type":"","background-media":"","overlay-type":"","overlay-color":"","overlay-opacity":"","overlay-gradient":""}},"ast-content-background-meta":{"desktop":{"background-color":"var(--ast-global-color-4)","background-image":"","background-repeat":"repeat","background-position":"center center","background-size":"auto","background-attachment":"scroll","background-type":"","background-media":"","overlay-type":"","overlay-color":"","overlay-opacity":"","overlay-gradient":""},"tablet":{"background-color":"var(--ast-global-color-4)","background-image":"","background-repeat":"repeat","background-position":"center center","background-size":"auto","background-attachment":"scroll","background-type":"","background-media":"","overlay-type":"","overlay-color":"","overlay-opacity":"","overlay-gradient":""},"mobile":{"background-color":"var(--ast-global-color-4)","background-image":"","background-repeat":"repeat","background-position":"center center","background-size":"auto","background-attachment":"scroll","background-type":"","background-media":"","overlay-type":"","overlay-color":"","overlay-opacity":"","overlay-gradient":""}},"_joinchat":[],"footnotes":""},"categories":[36],"tags":[],"_links":{"self":[{"href":"https:\/\/radiosantaclara.sitetopfm.com.br\/site\/wp-json\/wp\/v2\/posts\/10888"}],"collection":[{"href":"https:\/\/radiosantaclara.sitetopfm.com.br\/site\/wp-json\/wp\/v2\/posts"}],"about":[{"href":"https:\/\/radiosantaclara.sitetopfm.com.br\/site\/wp-json\/wp\/v2\/types\/post"}],"author":[{"embeddable":true,"href":"https:\/\/radiosantaclara.sitetopfm.com.br\/site\/wp-json\/wp\/v2\/users\/1"}],"replies":[{"embeddable":true,"href":"https:\/\/radiosantaclara.sitetopfm.com.br\/site\/wp-json\/wp\/v2\/comments?post=10888"}],"version-history":[{"count":0,"href":"https:\/\/radiosantaclara.sitetopfm.com.br\/site\/wp-json\/wp\/v2\/posts\/10888\/revisions"}],"wp:featuredmedia":[{"embeddable":true,"href":"https:\/\/radiosantaclara.sitetopfm.com.br\/site\/wp-json\/wp\/v2\/media\/6909"}],"wp:attachment":[{"href":"https:\/\/radiosantaclara.sitetopfm.com.br\/site\/wp-json\/wp\/v2\/media?parent=10888"}],"wp:term":[{"taxonomy":"category","embeddable":true,"href":"https:\/\/radiosantaclara.sitetopfm.com.br\/site\/wp-json\/wp\/v2\/categories?post=10888"},{"taxonomy":"post_tag","embeddable":true,"href":"https:\/\/radiosantaclara.sitetopfm.com.br\/site\/wp-json\/wp\/v2\/tags?post=10888"}],"curies":[{"name":"wp","href":"https:\/\/api.w.org\/{rel}","templated":true}]}}