{"id":10880,"date":"2026-08-14T11:08:41","date_gmt":"2026-08-14T14:08:41","guid":{"rendered":"https:\/\/radiosantaclara.sitetopfm.com.br\/site\/comissao-aprova-ampliacao-da-cobertura-de-medicamentos-para-doencas-raras\/"},"modified":"2026-08-14T11:08:41","modified_gmt":"2026-08-14T14:08:41","slug":"comissao-aprova-ampliacao-da-cobertura-de-medicamentos-para-doencas-raras","status":"publish","type":"post","link":"https:\/\/radiosantaclara.sitetopfm.com.br\/site\/comissao-aprova-ampliacao-da-cobertura-de-medicamentos-para-doencas-raras\/","title":{"rendered":"Comiss\u00e3o aprova amplia\u00e7\u00e3o da cobertura de medicamentos para doen\u00e7as raras"},"content":{"rendered":"<p> <br \/>\n<\/p>\n<div id=\"\">\n<figure class=\"materia__midia\" style=\"float: none; margin: 24px 0px;\" data-midia=\"1297639\"><img decoding=\"async\" src=\"https:\/\/www.camara.leg.br\/midias\/image\/2026\/08\/img20200710092348281-768x521.jpg\" alt=\"Medicamentos \u2013 comprimidos, dr\u00e1geas e p\u00edlulas \u2013 misturados e espalhados em cima de uma superf\u00edcie espelhada\"\/><figcaption><span class=\"materia__legenda-imagem\">Segundo deputadas, medida garantir\u00e1 acesso a tratamentos fora do ambiente hospitalar<\/span> &#8211; <span class=\"materia__creditos-imagem\" style=\"color:#5f5f5e\">Foto: motorolka\/DepositPhotos<\/span><\/figcaption><\/figure>\n<p>A Comiss\u00e3o de Sa\u00fade da C\u00e2mara dos Deputados aprovou o Projeto de Lei 4973\/25, que amplia a cobertura obrigat\u00f3ria dos planos de sa\u00fade para medicamentos de uso domiciliar capazes de controlar a evolu\u00e7\u00e3o de doen\u00e7as raras e imunomediadas.<\/p>\n<p>A autora da proposta, deputada Laura Carneiro (PSD-RJ), explicou que esses tratamentos s\u00e3o usados para controlar a evolu\u00e7\u00e3o de doen\u00e7as como artrite reumatoide, esclerose m\u00faltipla, doen\u00e7a de Crohn, artrite psori\u00e1sica e dermatite at\u00f3pica, al\u00e9m de prevenir complica\u00e7\u00f5es.<\/p>\n<p>Ela destacou ainda que os rem\u00e9dios de uso oral podem oferecer uma alternativa aos tratamentos por infus\u00e3o, que exigem estrutura hospitalar ou ambulatorial.<\/p>\n<h3 class=\"ds-titulo-subsecao\">Parecer favor\u00e1vel<\/h3>\n<p>\n                        O colegiado aprovou o <span id=\"4098\" class=\"termoGlossario materia__glossario\" title=\"Nome que se d\u00e1 ao texto que altera substancialmente o conte\u00fado original da proposta. O substitutivo \u00e9 apresentado pelo relator e tem prefer\u00eancia na vota\u00e7\u00e3o sobre o projeto original.\" contenteditable=\"false\" data-toggle=\"tooltip\" data-placement=\"top\" style=\"color:#5f5f5e;border-bottom:none\">substitutivo<\/span> da relatora, deputada Rosangela Moro (PL-SP), \u00e0 proposta.<\/p>\n<p>Segundo ela, a lei atual garante a cobertura de medicamentos orais para tratamento de c\u00e2ncer, mas n\u00e3o estabelece regra equivalente para outras doen\u00e7as graves e progressivas, o que restringe o acesso a tratamentos dispon\u00edveis fora do ambiente hospitalar.<\/p>\n<h3 class=\"ds-titulo-subsecao\">Crit\u00e9rios<\/h3>\n<p>\n                        Rosangela Moro ressaltou que o substitutivo confere \u201cmaior seguran\u00e7a jur\u00eddica e precis\u00e3o normativa\u201d ao texto original ao estabelecer crit\u00e9rios para a cobertura dos medicamentos pelos planos de sa\u00fade. Entre as condi\u00e7\u00f5es est\u00e3o:<\/p>\n<ul>\n<li>prescri\u00e7\u00e3o m\u00e9dica;<\/li>\n<li>registro sanit\u00e1rio e indica\u00e7\u00e3o terap\u00eautica aprovada em bula pelo \u00f3rg\u00e3o federal respons\u00e1vel pela vigil\u00e2ncia sanit\u00e1ria;<\/li>\n<li>cumprimento das Diretrizes de Utiliza\u00e7\u00e3o aplic\u00e1veis; e<\/li>\n<li>inclus\u00e3o do medicamento no Rol de Procedimentos e Eventos em Sa\u00fade da Ag\u00eancia Nacional de Sa\u00fade Suplementar (ANS) para a indica\u00e7\u00e3o terap\u00eautica e a popula\u00e7\u00e3o correspondentes.<\/li>\n<\/ul>\n<p>O texto aprovado altera a <a href=\"https:\/\/www2.camara.leg.br\/legin\/fed\/lei\/1998\/lei-9656-3-junho-1998-353439-norma-pl.html\">Lei dos Planos de Sa\u00fade<\/a>.<\/p>\n<h3 class=\"ds-titulo-subsecao\">Pr\u00f3ximos passos<\/h3>\n<p>\n                        O projeto tramita em <span id=\"4322\" class=\"termoGlossario materia__glossario\" title=\"Rito de tramita\u00e7\u00e3o pelo qual o projeto \u00e9 votado apenas pelas comiss\u00f5es designadas para analis\u00e1-lo, dispensada a delibera\u00e7\u00e3o do Plen\u00e1rio. O projeto perde o car\u00e1ter conclusivo se houver decis\u00e3o divergente entre as comiss\u00f5es ou se, independentemente de ser aprovado ou rejeitado, houver recurso assinado por 52 deputados para a aprecia\u00e7\u00e3o da mat\u00e9ria no Plen\u00e1rio.\" contenteditable=\"false\" data-toggle=\"tooltip\" data-placement=\"top\" style=\"color:#5f5f5e;border-bottom:none\">car\u00e1ter conclusivo<\/span> e ser\u00e1 analisado pela Comiss\u00e3o de Constitui\u00e7\u00e3o e Justi\u00e7a e de Cidadania.<\/p>\n<p>Para virar lei, precisa ser aprovado pela C\u00e2mara e pelo Senado.<\/p>\n<p><a href=\"https:\/\/www.camara.leg.br\/noticias\/573454-SAIBA-MAIS-SOBRE-A-TRAMITACAO-DE-PROJETOS-DE-LEI\">Saiba mais sobre a tramita\u00e7\u00e3o de projetos de lei<\/a><\/p>\n<p>\u00a0<\/p>\n<p>\u00a0<\/p>\n<div id=\"infografico-embed-944804\" style=\"width: 100%; max-width: 100%; overflow: hidden;\"><img decoding=\"async\" src=\"https:\/\/www.camara.leg.br\/internet\/agencia\/infograficos-html5\/doencas-raras\/images\/desktop.jpg\" alt=\"\" loading=\"lazy\" style=\"width: 100%; max-width: 100%; height: auto; display: block; border: 0; margin: 0 auto;\"\/><\/div>\n<p>\u00a0<\/p>\n<p>\u00a0<\/p>\n<\/p><\/div>\n<p><br \/>\n<br \/><a href=\"https:\/\/www.camara.leg.br\/noticias\/1297453-comissao-aprova-ampliacao-da-cobertura-de-medicamentos-para-doencas-raras\">postagem original <\/a><\/p>\n","protected":false},"excerpt":{"rendered":"<p>Segundo deputadas, medida garantir\u00e1 acesso a tratamentos fora do ambiente hospitalar &#8211; Foto: motorolka\/DepositPhotos A Comiss\u00e3o de Sa\u00fade da C\u00e2mara [&hellip;]<\/p>\n","protected":false},"author":1,"featured_media":6909,"comment_status":"open","ping_status":"open","sticky":false,"template":"","format":"standard","meta":{"site-sidebar-layout":"default","site-content-layout":"","ast-site-content-layout":"default","site-content-style":"default","site-sidebar-style":"default","ast-global-header-display":"","ast-banner-title-visibility":"","ast-main-header-display":"","ast-hfb-above-header-display":"","ast-hfb-below-header-display":"","ast-hfb-mobile-header-display":"","site-post-title":"","ast-breadcrumbs-content":"","ast-featured-img":"","footer-sml-layout":"","theme-transparent-header-meta":"","adv-header-id-meta":"","stick-header-meta":"","header-above-stick-meta":"","header-main-stick-meta":"","header-below-stick-meta":"","astra-migrate-meta-layouts":"default","ast-page-background-enabled":"default","ast-page-background-meta":{"desktop":{"background-color":"var(--ast-global-color-5)","background-image":"","background-repeat":"repeat","background-position":"center center","background-size":"auto","background-attachment":"scroll","background-type":"","background-media":"","overlay-type":"","overlay-color":"","overlay-opacity":"","overlay-gradient":""},"tablet":{"background-color":"","background-image":"","background-repeat":"repeat","background-position":"center center","background-size":"auto","background-attachment":"scroll","background-type":"","background-media":"","overlay-type":"","overlay-color":"","overlay-opacity":"","overlay-gradient":""},"mobile":{"background-color":"","background-image":"","background-repeat":"repeat","background-position":"center center","background-size":"auto","background-attachment":"scroll","background-type":"","background-media":"","overlay-type":"","overlay-color":"","overlay-opacity":"","overlay-gradient":""}},"ast-content-background-meta":{"desktop":{"background-color":"var(--ast-global-color-4)","background-image":"","background-repeat":"repeat","background-position":"center center","background-size":"auto","background-attachment":"scroll","background-type":"","background-media":"","overlay-type":"","overlay-color":"","overlay-opacity":"","overlay-gradient":""},"tablet":{"background-color":"var(--ast-global-color-4)","background-image":"","background-repeat":"repeat","background-position":"center center","background-size":"auto","background-attachment":"scroll","background-type":"","background-media":"","overlay-type":"","overlay-color":"","overlay-opacity":"","overlay-gradient":""},"mobile":{"background-color":"var(--ast-global-color-4)","background-image":"","background-repeat":"repeat","background-position":"center center","background-size":"auto","background-attachment":"scroll","background-type":"","background-media":"","overlay-type":"","overlay-color":"","overlay-opacity":"","overlay-gradient":""}},"_joinchat":[],"footnotes":""},"categories":[36],"tags":[],"_links":{"self":[{"href":"https:\/\/radiosantaclara.sitetopfm.com.br\/site\/wp-json\/wp\/v2\/posts\/10880"}],"collection":[{"href":"https:\/\/radiosantaclara.sitetopfm.com.br\/site\/wp-json\/wp\/v2\/posts"}],"about":[{"href":"https:\/\/radiosantaclara.sitetopfm.com.br\/site\/wp-json\/wp\/v2\/types\/post"}],"author":[{"embeddable":true,"href":"https:\/\/radiosantaclara.sitetopfm.com.br\/site\/wp-json\/wp\/v2\/users\/1"}],"replies":[{"embeddable":true,"href":"https:\/\/radiosantaclara.sitetopfm.com.br\/site\/wp-json\/wp\/v2\/comments?post=10880"}],"version-history":[{"count":0,"href":"https:\/\/radiosantaclara.sitetopfm.com.br\/site\/wp-json\/wp\/v2\/posts\/10880\/revisions"}],"wp:featuredmedia":[{"embeddable":true,"href":"https:\/\/radiosantaclara.sitetopfm.com.br\/site\/wp-json\/wp\/v2\/media\/6909"}],"wp:attachment":[{"href":"https:\/\/radiosantaclara.sitetopfm.com.br\/site\/wp-json\/wp\/v2\/media?parent=10880"}],"wp:term":[{"taxonomy":"category","embeddable":true,"href":"https:\/\/radiosantaclara.sitetopfm.com.br\/site\/wp-json\/wp\/v2\/categories?post=10880"},{"taxonomy":"post_tag","embeddable":true,"href":"https:\/\/radiosantaclara.sitetopfm.com.br\/site\/wp-json\/wp\/v2\/tags?post=10880"}],"curies":[{"name":"wp","href":"https:\/\/api.w.org\/{rel}","templated":true}]}}