{"id":10878,"date":"2026-08-14T05:49:18","date_gmt":"2026-08-14T08:49:18","guid":{"rendered":"https:\/\/radiosantaclara.sitetopfm.com.br\/site\/comissao-aprova-igualdade-de-condicoes-para-idosos-em-concursos-e-exames-profissionais\/"},"modified":"2026-08-14T05:49:18","modified_gmt":"2026-08-14T08:49:18","slug":"comissao-aprova-igualdade-de-condicoes-para-idosos-em-concursos-e-exames-profissionais","status":"publish","type":"post","link":"https:\/\/radiosantaclara.sitetopfm.com.br\/site\/comissao-aprova-igualdade-de-condicoes-para-idosos-em-concursos-e-exames-profissionais\/","title":{"rendered":"Comiss\u00e3o aprova igualdade de condi\u00e7\u00f5es para idosos em concursos e exames profissionais"},"content":{"rendered":"<p> <br \/>\n<\/p>\n<div id=\"\">\n<figure class=\"materia__midia\" style=\"float: none; margin: 24px 0px;\" data-midia=\"1297444\"><img decoding=\"async\" src=\"https:\/\/www.camara.leg.br\/midias\/image\/2026\/08\/pessoa-idosa-fazendo-prova-683x399.jpg\" alt=\"Pessoa idosa fazendo prova, escrevendo\"\/><figcaption><span class=\"materia__legenda-imagem\">As medidas podem incluir ajustes de tempo, metodologia, forma de aplica\u00e7\u00e3o ou organiza\u00e7\u00e3o do exame<\/span> &#8211; <span class=\"materia__creditos-imagem\" style=\"color:#5f5f5e\">Foto: Depositphotos<\/span><\/figcaption><\/figure>\n<p>A Comiss\u00e3o de Defesa dos Direitos da Pessoa Idosa da C\u00e2mara dos Deputados aprovou projeto de lei que assegura \u00e0 pessoa idosa o direito \u00e0 igualdade material de condi\u00e7\u00f5es em concursos p\u00fablicos, exames, avalia\u00e7\u00f5es e processos de habilita\u00e7\u00e3o profissional.<\/p>\n<p>O texto aprovado \u00e9 a vers\u00e3o do relator, deputado Geraldo Resende (Uni\u00e3o-MS), para o <a class=\"linkProposicao\" href=\"https:\/\/www.camara.leg.br\/noticias\/1284670-projeto-preve-adaptacao-de-concursos-e-exames-para-pessoa-idosa\">Projeto de Lei 558\/26<\/a>, do deputado Julio Cesar Ribeiro (Republicanos-DF). O relator manteve os objetivos, realizando ajustes para aperfei\u00e7oar o texto.<\/p>\n<p>\u201cA proposta \u00e9 necess\u00e1ria para ampliar a participa\u00e7\u00e3o da popula\u00e7\u00e3o idosa no mercado de trabalho, considerando-se a persist\u00eancia do etarismo na sociedade brasileira\u201d, afirmou Geraldo Resende no parecer aprovado.<\/p>\n<h3 class=\"ds-titulo-subsecao\">Adapta\u00e7\u00e3o razo\u00e1vel<\/h3>\n<p>\n                        A proposta altera o <a class=\"linkLegislacao\" href=\"https:\/\/www2.camara.gov.br\/legin\/fed\/lei\/2003\/lei-10741-1-outubro-2003-497511-norma-pl.html\" target=\"_blank\" rel=\"noopener noreferrer\">Estatuto da Pessoa Idosa<\/a> para determinar que as entidades respons\u00e1veis por certames garantam adapta\u00e7\u00e3o razo\u00e1vel \u00e0s pessoas idosas. O objetivo \u00e9 assegurar condi\u00e7\u00f5es equitativas para a participa\u00e7\u00e3o delas.<\/p>\n<p>Segundo o texto, ser\u00e1 considerada adapta\u00e7\u00e3o razo\u00e1vel toda modifica\u00e7\u00e3o ou ajuste necess\u00e1rio e adequado que n\u00e3o acarrete \u00f4nus desproporcional ou indevido \u00e0 entidade respons\u00e1vel pelo exame.<\/p>\n<p>As medidas podem incluir ajustes de tempo, metodologia, forma de aplica\u00e7\u00e3o ou organiza\u00e7\u00e3o do exame. Essas adapta\u00e7\u00f5es n\u00e3o podem comprometer a isonomia, a seguran\u00e7a jur\u00eddica ou o n\u00edvel de exig\u00eancia t\u00e9cnica do processo avaliativo.<\/p>\n<h3 class=\"ds-titulo-subsecao\">Pr\u00f3ximos passos<\/h3>\n<p>\n                        O projeto ser\u00e1 analisado,\u00a0 em <span id=\"4322\" class=\"termoGlossario materia__glossario\" title=\"Rito de tramita\u00e7\u00e3o pelo qual o projeto \u00e9 votado apenas pelas comiss\u00f5es designadas para analis\u00e1-lo, dispensada a delibera\u00e7\u00e3o do Plen\u00e1rio. O projeto perde o car\u00e1ter conclusivo se houver decis\u00e3o divergente entre as comiss\u00f5es ou se, independentemente de ser aprovado ou rejeitado, houver recurso assinado por 52 deputados para a aprecia\u00e7\u00e3o da mat\u00e9ria no Plen\u00e1rio.\" contenteditable=\"false\" data-toggle=\"tooltip\" data-placement=\"top\" style=\"color:#5f5f5e;border-bottom:none\">car\u00e1ter conclusivo<\/span>,\u00a0 pela Comiss\u00e3o de Constitui\u00e7\u00e3o e Justi\u00e7a e de Cidadania.<\/p>\n<p>Para virar lei, precisa ser aprovado pela C\u00e2mara e pelo Senado.<\/p>\n<p><a href=\"https:\/\/www.camara.leg.br\/noticias\/573454-SAIBA-MAIS-SOBRE-A-TRAMITACAO-DE-PROJETOS-DE-LEI\">Saiba mais sobre a tramita\u00e7\u00e3o de projetos de lei<\/a><\/p>\n<\/p><\/div>\n<p><br \/>\n<br \/><a href=\"https:\/\/www.camara.leg.br\/noticias\/1297336-comissao-aprova-igualdade-de-condicoes-para-idosos-em-concursos-e-exames-profissionais\">postagem original <\/a><\/p>\n","protected":false},"excerpt":{"rendered":"<p>As medidas podem incluir ajustes de tempo, metodologia, forma de aplica\u00e7\u00e3o ou organiza\u00e7\u00e3o do exame &#8211; Foto: Depositphotos A Comiss\u00e3o [&hellip;]<\/p>\n","protected":false},"author":1,"featured_media":6909,"comment_status":"open","ping_status":"open","sticky":false,"template":"","format":"standard","meta":{"site-sidebar-layout":"default","site-content-layout":"","ast-site-content-layout":"default","site-content-style":"default","site-sidebar-style":"default","ast-global-header-display":"","ast-banner-title-visibility":"","ast-main-header-display":"","ast-hfb-above-header-display":"","ast-hfb-below-header-display":"","ast-hfb-mobile-header-display":"","site-post-title":"","ast-breadcrumbs-content":"","ast-featured-img":"","footer-sml-layout":"","theme-transparent-header-meta":"","adv-header-id-meta":"","stick-header-meta":"","header-above-stick-meta":"","header-main-stick-meta":"","header-below-stick-meta":"","astra-migrate-meta-layouts":"default","ast-page-background-enabled":"default","ast-page-background-meta":{"desktop":{"background-color":"var(--ast-global-color-5)","background-image":"","background-repeat":"repeat","background-position":"center center","background-size":"auto","background-attachment":"scroll","background-type":"","background-media":"","overlay-type":"","overlay-color":"","overlay-opacity":"","overlay-gradient":""},"tablet":{"background-color":"","background-image":"","background-repeat":"repeat","background-position":"center center","background-size":"auto","background-attachment":"scroll","background-type":"","background-media":"","overlay-type":"","overlay-color":"","overlay-opacity":"","overlay-gradient":""},"mobile":{"background-color":"","background-image":"","background-repeat":"repeat","background-position":"center center","background-size":"auto","background-attachment":"scroll","background-type":"","background-media":"","overlay-type":"","overlay-color":"","overlay-opacity":"","overlay-gradient":""}},"ast-content-background-meta":{"desktop":{"background-color":"var(--ast-global-color-4)","background-image":"","background-repeat":"repeat","background-position":"center center","background-size":"auto","background-attachment":"scroll","background-type":"","background-media":"","overlay-type":"","overlay-color":"","overlay-opacity":"","overlay-gradient":""},"tablet":{"background-color":"var(--ast-global-color-4)","background-image":"","background-repeat":"repeat","background-position":"center center","background-size":"auto","background-attachment":"scroll","background-type":"","background-media":"","overlay-type":"","overlay-color":"","overlay-opacity":"","overlay-gradient":""},"mobile":{"background-color":"var(--ast-global-color-4)","background-image":"","background-repeat":"repeat","background-position":"center center","background-size":"auto","background-attachment":"scroll","background-type":"","background-media":"","overlay-type":"","overlay-color":"","overlay-opacity":"","overlay-gradient":""}},"_joinchat":[],"footnotes":""},"categories":[36],"tags":[],"_links":{"self":[{"href":"https:\/\/radiosantaclara.sitetopfm.com.br\/site\/wp-json\/wp\/v2\/posts\/10878"}],"collection":[{"href":"https:\/\/radiosantaclara.sitetopfm.com.br\/site\/wp-json\/wp\/v2\/posts"}],"about":[{"href":"https:\/\/radiosantaclara.sitetopfm.com.br\/site\/wp-json\/wp\/v2\/types\/post"}],"author":[{"embeddable":true,"href":"https:\/\/radiosantaclara.sitetopfm.com.br\/site\/wp-json\/wp\/v2\/users\/1"}],"replies":[{"embeddable":true,"href":"https:\/\/radiosantaclara.sitetopfm.com.br\/site\/wp-json\/wp\/v2\/comments?post=10878"}],"version-history":[{"count":0,"href":"https:\/\/radiosantaclara.sitetopfm.com.br\/site\/wp-json\/wp\/v2\/posts\/10878\/revisions"}],"wp:featuredmedia":[{"embeddable":true,"href":"https:\/\/radiosantaclara.sitetopfm.com.br\/site\/wp-json\/wp\/v2\/media\/6909"}],"wp:attachment":[{"href":"https:\/\/radiosantaclara.sitetopfm.com.br\/site\/wp-json\/wp\/v2\/media?parent=10878"}],"wp:term":[{"taxonomy":"category","embeddable":true,"href":"https:\/\/radiosantaclara.sitetopfm.com.br\/site\/wp-json\/wp\/v2\/categories?post=10878"},{"taxonomy":"post_tag","embeddable":true,"href":"https:\/\/radiosantaclara.sitetopfm.com.br\/site\/wp-json\/wp\/v2\/tags?post=10878"}],"curies":[{"name":"wp","href":"https:\/\/api.w.org\/{rel}","templated":true}]}}