{"id":10877,"date":"2026-08-14T05:11:21","date_gmt":"2026-08-14T08:11:21","guid":{"rendered":"https:\/\/radiosantaclara.sitetopfm.com.br\/site\/debatedores-discutem-projeto-de-fomento-a-economia-digital\/"},"modified":"2026-08-14T05:11:21","modified_gmt":"2026-08-14T08:11:21","slug":"debatedores-discutem-projeto-de-fomento-a-economia-digital","status":"publish","type":"post","link":"https:\/\/radiosantaclara.sitetopfm.com.br\/site\/debatedores-discutem-projeto-de-fomento-a-economia-digital\/","title":{"rendered":"Debatedores discutem projeto de fomento \u00e0 economia digital"},"content":{"rendered":"<p> <br \/>\n<\/p>\n<div id=\"\">\n<figure class=\"materia__midia\" style=\"float: none; margin: 24px 0px;\" data-midia=\"1296818\"><img decoding=\"async\" src=\"https:\/\/www.camara.leg.br\/midias\/image\/2026\/08\/img20260812104953445-768x474.jpeg\" alt=\"Audi\u00eancia P\u00fablica - Marco de Fomento \u00e0 Economia Digital no Brasil (PL n\u00ba 5.960\/2025). Dep. Jadyel Alencar (REPUBLICANOS - PI)\"\/><figcaption><span class=\"materia__legenda-imagem\">Alencar foi quem pediu o debate: \u201cO Brasil precisa transformar conhecimento em produto&#8221;<\/span> &#8211; <span class=\"materia__creditos-imagem\" style=\"color:#5f5f5e\">Foto: Renato Ara\u00fajo \/ C\u00e2mara dos Deputados<\/span><\/figcaption><\/figure>\n<p>Especialistas elogiaram a evolu\u00e7\u00e3o no texto do <a class=\"linkProposicao\" href=\"https:\/\/www.camara.leg.br\/noticias\/1295796-projeto-cria-marco-da-economia-digital-e-define-regras-para-uso-de-ia-no-brasil\">Projeto de Lei 5960\/25<\/a>, que cria o Marco de Fomento \u00e0 Economia Digital no Brasil. Eles participaram de debate nesta quarta-feira (12) na Comiss\u00e3o de Desenvolvimento Econ\u00f4mico.<\/p>\n<p>A Data Privacy Brasil, organiza\u00e7\u00e3o que atua no ensino, na pesquisa e no debate de pol\u00edticas p\u00fablicas de prote\u00e7\u00e3o de dados e privacidade, pediu ajustes e recomendou aten\u00e7\u00e3o \u00e0s leis vigentes e a outras iniciativas em curso no Congresso Nacional.<\/p>\n<p>\u201cA proposta precisa dialogar com o <a class=\"linkProposicao\" href=\"https:\/\/www.camara.leg.br\/noticias\/1159193-projeto-que-regulamenta-uso-da-inteligencia-artificial-no-brasil\">Projeto de Lei 2338\/23<\/a>, principal ideia de uma futura lei de intelig\u00eancia artificial\u201d, disse a pesquisadora da Data Privacy Natasha Novoa. Ela tamb\u00e9m recomendou a participa\u00e7\u00e3o de trabalhadores nas discuss\u00f5es.<\/p>\n<h3 class=\"ds-titulo-subsecao\">Dados n\u00e3o pessoais<\/h3>\n<p>\n                        Para o professor da Universidade de S\u00e3o Paulo Juliano Maranh\u00e3o, o ponto central do PL 5960\/25 deve ser a defini\u00e7\u00e3o de dados n\u00e3o pessoais, importante para o desenvolvimento dos sistemas de intelig\u00eancia artificial (IA), em contraposi\u00e7\u00e3o aos dados pessoais.<\/p>\n<p>\u201cTer uma defini\u00e7\u00e3o clara de dados n\u00e3o pessoais significa trazer seguran\u00e7a jur\u00eddica ao principal insumo da economia digital\u201d, disse Maranh\u00e3o, um dos fundadores da Lawgorithm, uma associa\u00e7\u00e3o de interesse p\u00fablico para pesquisa em IA e direito.<\/p>\n<h3 class=\"ds-titulo-subsecao\">Nova vers\u00e3o<\/h3>\n<p>\n                        De autoria do deputado Jadyel Alencar (Republicanos-PI), o PL 5960\/25 prev\u00ea medidas para incentivar o desenvolvimento da IA no Brasil, valorizar a produ\u00e7\u00e3o intelectual, criar mecanismos de financiamento e fortalecer a soberania digital.<\/p>\n<p>O relator na Comiss\u00e3o de Direito Econ\u00f4mico, deputado Z\u00e9 Adriano (PP-AC), fez uma <a href=\"https:\/\/www.camara.leg.br\/proposicoesWeb\/prop_mostrarintegra?codteor=3169080&amp;filename=Parecer-CDE-2026-08-06\">nova vers\u00e3o<\/a> para o texto. \u201cO <span id=\"4098\" class=\"termoGlossario materia__glossario\" title=\"Nome que se d\u00e1 ao texto que altera substancialmente o conte\u00fado original da proposta. O substitutivo \u00e9 apresentado pelo relator e tem prefer\u00eancia na vota\u00e7\u00e3o sobre o projeto original.\" contenteditable=\"false\" data-toggle=\"tooltip\" data-placement=\"top\" style=\"color:#5f5f5e;border-bottom:none\">substitutivo<\/span> transforma a proposta em um marco predominantemente voltado \u00e0 constru\u00e7\u00e3o de capacidades nacionais\u201d, explicou.<\/p>\n<p>\u201cO Brasil precisa transformar conhecimento em produto, pesquisa em inova\u00e7\u00e3o e inova\u00e7\u00e3o em desenvolvimento econ\u00f4mico\u201d, afirmou Jadyel Alencar. Ele tamb\u00e9m pediu aos debatedores que enviem as sugest\u00f5es por escrito, para encaminh\u00e1-las ao relator.<\/p>\n<h3 class=\"ds-titulo-subsecao\">Participa\u00e7\u00f5es<\/h3>\n<p>\n                        O debate desta quarta foi realizado a pedido de Jadyel Alencar, que aproveitou a oportunidade para elogiar o trabalho do relator. \u201cO deputado Z\u00e9 Adriano assumiu a responsabilidade de organizar uma proposta ampla e construir um texto mais claro, mais seguro e mais conectado \u00e0s necessidades da economia\u201d, disse.<\/p>\n<p>A audi\u00eancia p\u00fablica contou ainda com a advogada da Confedera\u00e7\u00e3o Nacional da Ind\u00fastria Christina Dias; a diretora do Departamento de Transforma\u00e7\u00e3o Digital e Inova\u00e7\u00e3o do Minist\u00e9rio do Desenvolvimento, Ind\u00fastria, Com\u00e9rcio e Servi\u00e7os, Cristiane Rauen; o coordenador de Programa e Projetos para Transforma\u00e7\u00e3o Digital do Minist\u00e9rio da Ci\u00eancia, Tecnologia e Inova\u00e7\u00e3o, Everton de Freitas; e o presidente da Associa\u00e7\u00e3o Brasileira das Empresas de Software, Andriei Gutierrez.<\/p>\n<p>\u00a0<\/p>\n<div id=\"infografico-embed-1296809\" style=\"width: 100%; max-width: 100%; overflow: hidden;\"><img decoding=\"async\" src=\"https:\/\/www.camara.leg.br\/internet\/agencia\/infograficos-html5\/economiadigitalem2026\/images\/desktop.jpg\" alt=\"\" loading=\"lazy\" style=\"width: 100%; max-width: 100%; height: auto; display: block; border: 0; margin: 0 auto;\"\/><\/div>\n<p>\u00a0<\/p>\n<\/p><\/div>\n<p><br \/>\n<br \/><a href=\"https:\/\/www.camara.leg.br\/noticias\/1296803-debatedores-discutem-projeto-de-fomento-a-economia-digital\">postagem original <\/a><\/p>\n","protected":false},"excerpt":{"rendered":"<p>Alencar foi quem pediu o debate: \u201cO Brasil precisa transformar conhecimento em produto&#8221; &#8211; Foto: Renato Ara\u00fajo \/ C\u00e2mara dos [&hellip;]<\/p>\n","protected":false},"author":1,"featured_media":6909,"comment_status":"open","ping_status":"open","sticky":false,"template":"","format":"standard","meta":{"site-sidebar-layout":"default","site-content-layout":"","ast-site-content-layout":"default","site-content-style":"default","site-sidebar-style":"default","ast-global-header-display":"","ast-banner-title-visibility":"","ast-main-header-display":"","ast-hfb-above-header-display":"","ast-hfb-below-header-display":"","ast-hfb-mobile-header-display":"","site-post-title":"","ast-breadcrumbs-content":"","ast-featured-img":"","footer-sml-layout":"","theme-transparent-header-meta":"","adv-header-id-meta":"","stick-header-meta":"","header-above-stick-meta":"","header-main-stick-meta":"","header-below-stick-meta":"","astra-migrate-meta-layouts":"default","ast-page-background-enabled":"default","ast-page-background-meta":{"desktop":{"background-color":"var(--ast-global-color-5)","background-image":"","background-repeat":"repeat","background-position":"center center","background-size":"auto","background-attachment":"scroll","background-type":"","background-media":"","overlay-type":"","overlay-color":"","overlay-opacity":"","overlay-gradient":""},"tablet":{"background-color":"","background-image":"","background-repeat":"repeat","background-position":"center center","background-size":"auto","background-attachment":"scroll","background-type":"","background-media":"","overlay-type":"","overlay-color":"","overlay-opacity":"","overlay-gradient":""},"mobile":{"background-color":"","background-image":"","background-repeat":"repeat","background-position":"center center","background-size":"auto","background-attachment":"scroll","background-type":"","background-media":"","overlay-type":"","overlay-color":"","overlay-opacity":"","overlay-gradient":""}},"ast-content-background-meta":{"desktop":{"background-color":"var(--ast-global-color-4)","background-image":"","background-repeat":"repeat","background-position":"center center","background-size":"auto","background-attachment":"scroll","background-type":"","background-media":"","overlay-type":"","overlay-color":"","overlay-opacity":"","overlay-gradient":""},"tablet":{"background-color":"var(--ast-global-color-4)","background-image":"","background-repeat":"repeat","background-position":"center center","background-size":"auto","background-attachment":"scroll","background-type":"","background-media":"","overlay-type":"","overlay-color":"","overlay-opacity":"","overlay-gradient":""},"mobile":{"background-color":"var(--ast-global-color-4)","background-image":"","background-repeat":"repeat","background-position":"center center","background-size":"auto","background-attachment":"scroll","background-type":"","background-media":"","overlay-type":"","overlay-color":"","overlay-opacity":"","overlay-gradient":""}},"_joinchat":[],"footnotes":""},"categories":[34],"tags":[],"_links":{"self":[{"href":"https:\/\/radiosantaclara.sitetopfm.com.br\/site\/wp-json\/wp\/v2\/posts\/10877"}],"collection":[{"href":"https:\/\/radiosantaclara.sitetopfm.com.br\/site\/wp-json\/wp\/v2\/posts"}],"about":[{"href":"https:\/\/radiosantaclara.sitetopfm.com.br\/site\/wp-json\/wp\/v2\/types\/post"}],"author":[{"embeddable":true,"href":"https:\/\/radiosantaclara.sitetopfm.com.br\/site\/wp-json\/wp\/v2\/users\/1"}],"replies":[{"embeddable":true,"href":"https:\/\/radiosantaclara.sitetopfm.com.br\/site\/wp-json\/wp\/v2\/comments?post=10877"}],"version-history":[{"count":0,"href":"https:\/\/radiosantaclara.sitetopfm.com.br\/site\/wp-json\/wp\/v2\/posts\/10877\/revisions"}],"wp:featuredmedia":[{"embeddable":true,"href":"https:\/\/radiosantaclara.sitetopfm.com.br\/site\/wp-json\/wp\/v2\/media\/6909"}],"wp:attachment":[{"href":"https:\/\/radiosantaclara.sitetopfm.com.br\/site\/wp-json\/wp\/v2\/media?parent=10877"}],"wp:term":[{"taxonomy":"category","embeddable":true,"href":"https:\/\/radiosantaclara.sitetopfm.com.br\/site\/wp-json\/wp\/v2\/categories?post=10877"},{"taxonomy":"post_tag","embeddable":true,"href":"https:\/\/radiosantaclara.sitetopfm.com.br\/site\/wp-json\/wp\/v2\/tags?post=10877"}],"curies":[{"name":"wp","href":"https:\/\/api.w.org\/{rel}","templated":true}]}}