{"id":10865,"date":"2026-08-13T18:02:47","date_gmt":"2026-08-13T21:02:47","guid":{"rendered":"https:\/\/radiosantaclara.sitetopfm.com.br\/site\/comissao-aprova-capacitacao-em-saude-mental-no-sus\/"},"modified":"2026-08-13T18:02:47","modified_gmt":"2026-08-13T21:02:47","slug":"comissao-aprova-capacitacao-em-saude-mental-no-sus","status":"publish","type":"post","link":"https:\/\/radiosantaclara.sitetopfm.com.br\/site\/comissao-aprova-capacitacao-em-saude-mental-no-sus\/","title":{"rendered":"Comiss\u00e3o aprova capacita\u00e7\u00e3o em sa\u00fade mental no SUS"},"content":{"rendered":"<p> <br \/>\n<\/p>\n<div id=\"\">\n<figure class=\"materia__midia\" style=\"float: none; margin: 24px 0px;\" data-midia=\"1297550\"><img decoding=\"async\" src=\"https:\/\/www.camara.leg.br\/midias\/image\/2026\/08\/img20220804102446367-768x513.jpg\" alt=\"Sa\u00fade - geral - planos de sa\u00fade - cobertura de plano de sa\u00fade - conv\u00eanio m\u00e9dico - consulta particular - rol taxativo\"\/><figcaption><span class=\"materia__legenda-imagem\">Pacientes devem ser atendidos com respeito \u00e0s suas particularidades sensoriais, cognitivas e emocionais<\/span> &#8211; <span class=\"materia__creditos-imagem\" style=\"color:#5f5f5e\">Foto: Depositphotos<\/span><\/figcaption><\/figure>\n<p>A Comiss\u00e3o de Sa\u00fade da C\u00e2mara dos Deputados aprovou projeto de lei que prev\u00ea a obriga\u00e7\u00e3o de capacita\u00e7\u00e3o permanente das equipes do Sistema \u00danico de Sa\u00fade (SUS) para o atendimento de pessoas com transtornos mentais. O texto tamb\u00e9m estabelece que os pacientes da rede p\u00fablica e privada sejam atendidos com respeito \u00e0s suas particularidades sensoriais, cognitivas e emocionais.<\/p>\n<p>Foi aprovado o <span id=\"4098\" class=\"termoGlossario materia__glossario\" title=\"Nome que se d\u00e1 ao texto que altera substancialmente o conte\u00fado original da proposta. O substitutivo \u00e9 apresentado pelo relator e tem prefer\u00eancia na vota\u00e7\u00e3o sobre o projeto original.\" contenteditable=\"false\" data-toggle=\"tooltip\" data-placement=\"top\" style=\"color:#5f5f5e;border-bottom:none\">substitutivo<\/span> do relator, deputado Geraldo Resende (Uni\u00e3o-MS) ao Projeto de Lei 5244\/25, dos deputados Luiz Couto (PT-PB) e Alexandre Lindenmeyer (PT-RS).<\/p>\n<p>A vers\u00e3o original ampliava as regras da <a href=\"https:\/\/www2.camara.leg.br\/legin\/fed\/lei\/2001\/lei-10216-6-abril-2001-364458-norma-pl.html\">Lei da Reforma Psiqui\u00e1trica<\/a>, criando obriga\u00e7\u00f5es como a comunica\u00e7\u00e3o dos direitos ao paciente e aos familiares, a elabora\u00e7\u00e3o de plano terap\u00eautico individualizado e a capacita\u00e7\u00e3o permanente das equipes.<\/p>\n<p>J\u00e1 o texto aprovado mant\u00e9m o objetivo de melhorar o atendimento aos pacientes com doen\u00e7as mentais no SUS, mas transfere para o <a href=\"https:\/\/www2.camara.leg.br\/legin\/fed\/lei\/1960-1969\/lei-5378-15-dezembro-1967-359070-norma-pl.html\">Estatuto dos Direitos do Paciente<\/a> a garantia de aten\u00e7\u00e3o personalizada nesses casos.<\/p>\n<p>Segundo o relator, a mudan\u00e7a evita sobreposi\u00e7\u00e3o com direitos j\u00e1 previstos em outras normas e d\u00e1 \u201cmaior clareza, seguran\u00e7a jur\u00eddica e efetividade\u201d \u00e0 proposta.<\/p>\n<p>O relator tamb\u00e9m afirma que o projeto pode ajudar a reduzir dificuldades de acesso e comunica\u00e7\u00e3o enfrentadas por pessoas vulner\u00e1veis, incluindo pessoas com transtorno do espectro autista (TEA), defici\u00eancia intelectual e outras formas de sofrimento ps\u00edquico.<\/p>\n<h3 class=\"ds-titulo-subsecao\">Pr\u00f3ximos passos<\/h3>\n<p>O projeto tramita em <span id=\"4322\" class=\"termoGlossario materia__glossario\" title=\"Rito de tramita\u00e7\u00e3o pelo qual o projeto \u00e9 votado apenas pelas comiss\u00f5es designadas para analis\u00e1-lo, dispensada a delibera\u00e7\u00e3o do Plen\u00e1rio. O projeto perde o car\u00e1ter conclusivo se houver decis\u00e3o divergente entre as comiss\u00f5es ou se, independentemente de ser aprovado ou rejeitado, houver recurso assinado por 52 deputados para a aprecia\u00e7\u00e3o da mat\u00e9ria no Plen\u00e1rio.\" contenteditable=\"false\" data-toggle=\"tooltip\" data-placement=\"top\" style=\"color:#5f5f5e;border-bottom:none\">car\u00e1ter conclusivo<\/span> e ser\u00e1 analisado pelas comiss\u00f5es de Finan\u00e7as e Tributa\u00e7\u00e3o e de Constitui\u00e7\u00e3o e Justi\u00e7a e de Cidadania. Para virar lei, precisa ser aprovado pela C\u00e2mara e pelo Senado.<\/p>\n<p><a href=\"https:\/\/www.camara.leg.br\/noticias\/573454-SAIBA-MAIS-SOBRE-A-TRAMITACAO-DE-PROJETOS-DE-LEI\">Saiba mais sobre a tramita\u00e7\u00e3o de projetos de lei<\/a><\/p>\n<\/p><\/div>\n<p><br \/>\n<br \/><a href=\"https:\/\/www.camara.leg.br\/noticias\/1297449-comissao-aprova-capacitacao-em-saude-mental-no-sus\">postagem original <\/a><\/p>\n","protected":false},"excerpt":{"rendered":"<p>Pacientes devem ser atendidos com respeito \u00e0s suas particularidades sensoriais, cognitivas e emocionais &#8211; Foto: Depositphotos A Comiss\u00e3o de Sa\u00fade [&hellip;]<\/p>\n","protected":false},"author":1,"featured_media":6909,"comment_status":"open","ping_status":"open","sticky":false,"template":"","format":"standard","meta":{"site-sidebar-layout":"default","site-content-layout":"","ast-site-content-layout":"default","site-content-style":"default","site-sidebar-style":"default","ast-global-header-display":"","ast-banner-title-visibility":"","ast-main-header-display":"","ast-hfb-above-header-display":"","ast-hfb-below-header-display":"","ast-hfb-mobile-header-display":"","site-post-title":"","ast-breadcrumbs-content":"","ast-featured-img":"","footer-sml-layout":"","theme-transparent-header-meta":"","adv-header-id-meta":"","stick-header-meta":"","header-above-stick-meta":"","header-main-stick-meta":"","header-below-stick-meta":"","astra-migrate-meta-layouts":"default","ast-page-background-enabled":"default","ast-page-background-meta":{"desktop":{"background-color":"var(--ast-global-color-5)","background-image":"","background-repeat":"repeat","background-position":"center center","background-size":"auto","background-attachment":"scroll","background-type":"","background-media":"","overlay-type":"","overlay-color":"","overlay-opacity":"","overlay-gradient":""},"tablet":{"background-color":"","background-image":"","background-repeat":"repeat","background-position":"center center","background-size":"auto","background-attachment":"scroll","background-type":"","background-media":"","overlay-type":"","overlay-color":"","overlay-opacity":"","overlay-gradient":""},"mobile":{"background-color":"","background-image":"","background-repeat":"repeat","background-position":"center center","background-size":"auto","background-attachment":"scroll","background-type":"","background-media":"","overlay-type":"","overlay-color":"","overlay-opacity":"","overlay-gradient":""}},"ast-content-background-meta":{"desktop":{"background-color":"var(--ast-global-color-4)","background-image":"","background-repeat":"repeat","background-position":"center center","background-size":"auto","background-attachment":"scroll","background-type":"","background-media":"","overlay-type":"","overlay-color":"","overlay-opacity":"","overlay-gradient":""},"tablet":{"background-color":"var(--ast-global-color-4)","background-image":"","background-repeat":"repeat","background-position":"center center","background-size":"auto","background-attachment":"scroll","background-type":"","background-media":"","overlay-type":"","overlay-color":"","overlay-opacity":"","overlay-gradient":""},"mobile":{"background-color":"var(--ast-global-color-4)","background-image":"","background-repeat":"repeat","background-position":"center center","background-size":"auto","background-attachment":"scroll","background-type":"","background-media":"","overlay-type":"","overlay-color":"","overlay-opacity":"","overlay-gradient":""}},"_joinchat":[],"footnotes":""},"categories":[31],"tags":[],"_links":{"self":[{"href":"https:\/\/radiosantaclara.sitetopfm.com.br\/site\/wp-json\/wp\/v2\/posts\/10865"}],"collection":[{"href":"https:\/\/radiosantaclara.sitetopfm.com.br\/site\/wp-json\/wp\/v2\/posts"}],"about":[{"href":"https:\/\/radiosantaclara.sitetopfm.com.br\/site\/wp-json\/wp\/v2\/types\/post"}],"author":[{"embeddable":true,"href":"https:\/\/radiosantaclara.sitetopfm.com.br\/site\/wp-json\/wp\/v2\/users\/1"}],"replies":[{"embeddable":true,"href":"https:\/\/radiosantaclara.sitetopfm.com.br\/site\/wp-json\/wp\/v2\/comments?post=10865"}],"version-history":[{"count":0,"href":"https:\/\/radiosantaclara.sitetopfm.com.br\/site\/wp-json\/wp\/v2\/posts\/10865\/revisions"}],"wp:featuredmedia":[{"embeddable":true,"href":"https:\/\/radiosantaclara.sitetopfm.com.br\/site\/wp-json\/wp\/v2\/media\/6909"}],"wp:attachment":[{"href":"https:\/\/radiosantaclara.sitetopfm.com.br\/site\/wp-json\/wp\/v2\/media?parent=10865"}],"wp:term":[{"taxonomy":"category","embeddable":true,"href":"https:\/\/radiosantaclara.sitetopfm.com.br\/site\/wp-json\/wp\/v2\/categories?post=10865"},{"taxonomy":"post_tag","embeddable":true,"href":"https:\/\/radiosantaclara.sitetopfm.com.br\/site\/wp-json\/wp\/v2\/tags?post=10865"}],"curies":[{"name":"wp","href":"https:\/\/api.w.org\/{rel}","templated":true}]}}