{"id":10831,"date":"2026-08-12T14:51:53","date_gmt":"2026-08-12T17:51:53","guid":{"rendered":"https:\/\/radiosantaclara.sitetopfm.com.br\/site\/projeto-regulamenta-relacao-entre-plataformas-de-comercio-eletronico-e-vendedores\/"},"modified":"2026-08-12T14:51:53","modified_gmt":"2026-08-12T17:51:53","slug":"projeto-regulamenta-relacao-entre-plataformas-de-comercio-eletronico-e-vendedores","status":"publish","type":"post","link":"https:\/\/radiosantaclara.sitetopfm.com.br\/site\/projeto-regulamenta-relacao-entre-plataformas-de-comercio-eletronico-e-vendedores\/","title":{"rendered":"Projeto regulamenta rela\u00e7\u00e3o entre plataformas de com\u00e9rcio eletr\u00f4nico e vendedores"},"content":{"rendered":"<p> <br \/>\n<\/p>\n<div id=\"\">\n<figure class=\"materia__midia\" style=\"float: none; margin: 24px 0px;\" data-midia=\"1296801\"><img decoding=\"async\" src=\"https:\/\/www.camara.leg.br\/midias\/image\/2026\/08\/depositphotos-25135903-xl-768x511.jpg\" alt=\"Teclado de computador com uma tecla com \u00edcone de com\u00e9rcio eletr\u00f4nico\"\/><figcaption><span class=\"materia__legenda-imagem\">Texto lista pr\u00e1ticas consideradas abusivas nas plataformas de com\u00e9rcio eletr\u00f4nico<\/span> &#8211; <span class=\"materia__creditos-imagem\" style=\"color:#5f5f5e\">Foto: Depositphotos<\/span><\/figcaption><\/figure>\n<p>O Projeto de Lei 484\/26, do deputado Paulinho da For\u00e7a (Solidariedade-SP), estabelece normas para proteger a livre iniciativa e a concorr\u00eancia nas rela\u00e7\u00f5es entre plataformas de com\u00e9rcio eletr\u00f4nico (<em>marketplaces<\/em>) e vendedores parceiros.<\/p>\n<p>A proposta est\u00e1 em an\u00e1lise na C\u00e2mara dos Deputados.<\/p>\n<p>Pelo texto, as plataformas de com\u00e9rcio eletr\u00f4nico dever\u00e3o informar aos vendedores parceiros, de forma clara e objetiva, os crit\u00e9rios usados para definir taxas, comiss\u00f5es e tarifas cobradas sobre as vendas.<\/p>\n<p>A proposta pro\u00edbe a modifica\u00e7\u00e3o unilateral dos termos de uso, contratos ou tabelas de comiss\u00f5es que aumentem os custos do vendedor parceiro, sem:<\/p>\n<ul>\n<li>comunicar previamente cada vendedor, com anteced\u00eancia m\u00ednima de 90 dias; e<\/li>\n<li>apresentar os motivos do reajuste.<\/li>\n<\/ul>\n<p>O vendedor poder\u00e1 encerrar suas atividades na plataforma em 90 dias e retirar seus an\u00fancios, sem multas ou penalidades. As condi\u00e7\u00f5es comerciais anteriores dever\u00e3o ser mantidas at\u00e9 o desligamento.<\/p>\n<h3 class=\"ds-titulo-subsecao\">Depend\u00eancia<\/h3>\n<p>\n                        Paulinho da For\u00e7a afirma que h\u00e1 uma pr\u00e1tica predat\u00f3ria no mercado digital brasileiro.<\/p>\n<p>\u201cAs plataformas iniciam suas opera\u00e7\u00f5es com \u2018taxa zero\u2019 ou bem reduzidas para atrair vendedores e destruir a concorr\u00eancia local\u201d, denuncia.<\/p>\n<p>\u201cUma vez estabelecido o monop\u00f3lio e criada a depend\u00eancia, as plataformas imp\u00f5em taxas que chegam a inviabilizar o neg\u00f3cio, como a cobran\u00e7a de valores fixos sobre produtos, confiscando, em alguns casos, mais de 70% do lucro do vendedor\u201d, critica.<\/p>\n<h3 class=\"ds-titulo-subsecao\">Pr\u00e1ticas abusivas<\/h3>\n<p>O texto tamb\u00e9m pro\u00edbe as plataformas de com\u00e9rcio eletr\u00f4nico de adotar as seguintes pr\u00e1ticas, consideradas abusivas:<\/p>\n<ul>\n<li>cobrar taxas fixas por item vendido que ultrapassem 10% do valor total do produto;<\/li>\n<li>exigir que o vendedor contrate outros servi\u00e7os da pr\u00f3pria plataforma para permanecer nela;<\/li>\n<li>isentar ou reduzir taxas por determinado per\u00edodo e depois aumentar os pre\u00e7os de forma arbitr\u00e1ria;<\/li>\n<li>oferecer benef\u00edcios comerciais, como frete gratuito ou parcelamento, condicionados ao aumento de taxas.<\/li>\n<\/ul>\n<h3 class=\"ds-titulo-subsecao\">Microempreendedores<\/h3>\n<p>\n                        Por outro lado, as plataformas de com\u00e9rcio eletr\u00f4nico poder\u00e3o oferecer taxas reduzidas para microempreendedores individuais e microempresas.<\/p>\n<p>\u201cAo permitir que pequenos e m\u00e9dios comerciantes ingressem no com\u00e9rcio eletr\u00f4nico em condi\u00e7\u00f5es mais equilibradas, a proposta contribui para a amplia\u00e7\u00e3o da concorr\u00eancia, a diversifica\u00e7\u00e3o da oferta e o fortalecimento da economia local e regional\u201d, explica Paulinho da For\u00e7a.<\/p>\n<p>O descumprimento das medidas previstas poder\u00e1 ser punido com base na <a class=\"linkLegislacao\" href=\"https:\/\/www2.camara.gov.br\/legin\/fed\/lei\/2011\/lei-12529-30-novembro-2011-611850-norma-pl.html\" target=\"_blank\" rel=\"noopener noreferrer\">Lei de Defesa da Concorr\u00eancia<\/a>, sem preju\u00edzo de outras san\u00e7\u00f5es c\u00edveis e penais previstas em lei.<\/p>\n<h3 class=\"ds-titulo-subsecao\">Pr\u00f3ximas etapas<\/h3>\n<p>\n                        A proposta ser\u00e1 analisada pelas comiss\u00f5es de Ind\u00fastria, Com\u00e9rcio e Servi\u00e7o; e de Constitui\u00e7\u00e3o e Justi\u00e7a e de Cidadania, em <span id=\"4322\" class=\"termoGlossario materia__glossario\" title=\"Rito de tramita\u00e7\u00e3o pelo qual o projeto \u00e9 votado apenas pelas comiss\u00f5es designadas para analis\u00e1-lo, dispensada a delibera\u00e7\u00e3o do Plen\u00e1rio. O projeto perde o car\u00e1ter conclusivo se houver decis\u00e3o divergente entre as comiss\u00f5es ou se, independentemente de ser aprovado ou rejeitado, houver recurso assinado por 52 deputados para a aprecia\u00e7\u00e3o da mat\u00e9ria no Plen\u00e1rio.\" contenteditable=\"false\" data-toggle=\"tooltip\" data-placement=\"top\" style=\"color:#5f5f5e;border-bottom:none\">car\u00e1ter conclusivo<\/span>.<\/p>\n<p>Para virar lei, precisa ser aprovada pelos deputados e pelos senadores.<\/p>\n<p><a href=\"https:\/\/www.camara.leg.br\/noticias\/573454-SAIBA-MAIS-SOBRE-A-TRAMITACAO-DE-PROJETOS-DE-LEI\">Saiba mais sobre a tramita\u00e7\u00e3o de projetos de lei<\/a><\/p>\n<\/p><\/div>\n<p><br \/>\n<br \/><a href=\"https:\/\/www.camara.leg.br\/noticias\/1295173-projeto-regulamenta-relacao-entre-plataformas-de-comercio-eletronico-e-vendedores\">postagem original <\/a><\/p>\n","protected":false},"excerpt":{"rendered":"<p>Texto lista pr\u00e1ticas consideradas abusivas nas plataformas de com\u00e9rcio eletr\u00f4nico &#8211; Foto: Depositphotos O Projeto de Lei 484\/26, do deputado [&hellip;]<\/p>\n","protected":false},"author":1,"featured_media":6909,"comment_status":"open","ping_status":"open","sticky":false,"template":"","format":"standard","meta":{"site-sidebar-layout":"default","site-content-layout":"","ast-site-content-layout":"default","site-content-style":"default","site-sidebar-style":"default","ast-global-header-display":"","ast-banner-title-visibility":"","ast-main-header-display":"","ast-hfb-above-header-display":"","ast-hfb-below-header-display":"","ast-hfb-mobile-header-display":"","site-post-title":"","ast-breadcrumbs-content":"","ast-featured-img":"","footer-sml-layout":"","theme-transparent-header-meta":"","adv-header-id-meta":"","stick-header-meta":"","header-above-stick-meta":"","header-main-stick-meta":"","header-below-stick-meta":"","astra-migrate-meta-layouts":"default","ast-page-background-enabled":"default","ast-page-background-meta":{"desktop":{"background-color":"var(--ast-global-color-5)","background-image":"","background-repeat":"repeat","background-position":"center center","background-size":"auto","background-attachment":"scroll","background-type":"","background-media":"","overlay-type":"","overlay-color":"","overlay-opacity":"","overlay-gradient":""},"tablet":{"background-color":"","background-image":"","background-repeat":"repeat","background-position":"center center","background-size":"auto","background-attachment":"scroll","background-type":"","background-media":"","overlay-type":"","overlay-color":"","overlay-opacity":"","overlay-gradient":""},"mobile":{"background-color":"","background-image":"","background-repeat":"repeat","background-position":"center center","background-size":"auto","background-attachment":"scroll","background-type":"","background-media":"","overlay-type":"","overlay-color":"","overlay-opacity":"","overlay-gradient":""}},"ast-content-background-meta":{"desktop":{"background-color":"var(--ast-global-color-4)","background-image":"","background-repeat":"repeat","background-position":"center center","background-size":"auto","background-attachment":"scroll","background-type":"","background-media":"","overlay-type":"","overlay-color":"","overlay-opacity":"","overlay-gradient":""},"tablet":{"background-color":"var(--ast-global-color-4)","background-image":"","background-repeat":"repeat","background-position":"center center","background-size":"auto","background-attachment":"scroll","background-type":"","background-media":"","overlay-type":"","overlay-color":"","overlay-opacity":"","overlay-gradient":""},"mobile":{"background-color":"var(--ast-global-color-4)","background-image":"","background-repeat":"repeat","background-position":"center center","background-size":"auto","background-attachment":"scroll","background-type":"","background-media":"","overlay-type":"","overlay-color":"","overlay-opacity":"","overlay-gradient":""}},"_joinchat":[],"footnotes":""},"categories":[34],"tags":[],"_links":{"self":[{"href":"https:\/\/radiosantaclara.sitetopfm.com.br\/site\/wp-json\/wp\/v2\/posts\/10831"}],"collection":[{"href":"https:\/\/radiosantaclara.sitetopfm.com.br\/site\/wp-json\/wp\/v2\/posts"}],"about":[{"href":"https:\/\/radiosantaclara.sitetopfm.com.br\/site\/wp-json\/wp\/v2\/types\/post"}],"author":[{"embeddable":true,"href":"https:\/\/radiosantaclara.sitetopfm.com.br\/site\/wp-json\/wp\/v2\/users\/1"}],"replies":[{"embeddable":true,"href":"https:\/\/radiosantaclara.sitetopfm.com.br\/site\/wp-json\/wp\/v2\/comments?post=10831"}],"version-history":[{"count":0,"href":"https:\/\/radiosantaclara.sitetopfm.com.br\/site\/wp-json\/wp\/v2\/posts\/10831\/revisions"}],"wp:featuredmedia":[{"embeddable":true,"href":"https:\/\/radiosantaclara.sitetopfm.com.br\/site\/wp-json\/wp\/v2\/media\/6909"}],"wp:attachment":[{"href":"https:\/\/radiosantaclara.sitetopfm.com.br\/site\/wp-json\/wp\/v2\/media?parent=10831"}],"wp:term":[{"taxonomy":"category","embeddable":true,"href":"https:\/\/radiosantaclara.sitetopfm.com.br\/site\/wp-json\/wp\/v2\/categories?post=10831"},{"taxonomy":"post_tag","embeddable":true,"href":"https:\/\/radiosantaclara.sitetopfm.com.br\/site\/wp-json\/wp\/v2\/tags?post=10831"}],"curies":[{"name":"wp","href":"https:\/\/api.w.org\/{rel}","templated":true}]}}