{"id":10830,"date":"2026-08-12T14:48:56","date_gmt":"2026-08-12T17:48:56","guid":{"rendered":"https:\/\/radiosantaclara.sitetopfm.com.br\/site\/projeto-obriga-postos-de-saude-e-hospitais-a-fornecer-soro-contra-animais-peconhentos\/"},"modified":"2026-08-12T14:48:56","modified_gmt":"2026-08-12T17:48:56","slug":"projeto-obriga-postos-de-saude-e-hospitais-a-fornecer-soro-contra-animais-peconhentos","status":"publish","type":"post","link":"https:\/\/radiosantaclara.sitetopfm.com.br\/site\/projeto-obriga-postos-de-saude-e-hospitais-a-fornecer-soro-contra-animais-peconhentos\/","title":{"rendered":"Projeto obriga postos de sa\u00fade e hospitais a fornecer soro contra animais pe\u00e7onhentos"},"content":{"rendered":"<p> <br \/>\n<\/p>\n<div id=\"\">\n<figure class=\"materia__midia\" style=\"float: none; margin: 24px 0px;\" data-midia=\"1296783\"><img decoding=\"async\" src=\"https:\/\/www.camara.leg.br\/midias\/image\/2026\/08\/img20190607145147040-768x512.jpg\" alt=\"Cobra criada no Instituto Butantan (SP) para obter veneno para fabrica\u00e7\u00e3o de soro antiof\u00eddico\"\/><figcaption><span class=\"materia__legenda-imagem\">Demora no tratamento pode resultar em sequelas irrevers\u00edveis e at\u00e9 em morte<\/span> &#8211; <span class=\"materia__creditos-imagem\" style=\"color:#5f5f5e\">Foto: Divulga\u00e7\u00e3o\/Governo de S\u00e3o Paulo<\/span><\/figcaption><\/figure>\n<p>O Projeto de Lei 2718\/26 obriga a produ\u00e7\u00e3o e o fornecimento adequados de soros contra picadas de animais pe\u00e7onhentos, como cobras, escorpi\u00f5es e aranhas, para atendimento em postos de sa\u00fade e hospitais. A proposta busca garantir que a rede p\u00fablica mantenha estoques regulares para oferecer atendimento de emerg\u00eancia \u00e0 popula\u00e7\u00e3o.<\/p>\n<p>O texto, que altera a <a href=\"https:\/\/www2.camara.leg.br\/legin\/fed\/lei\/1990\/lei-8080-19-setembro-1990-365093-norma-pl.html\">Lei Org\u00e2nica da Sa\u00fade<\/a>, est\u00e1 em an\u00e1lise na C\u00e2mara dos Deputados.<\/p>\n<h3 class=\"ds-titulo-subsecao\">Escassez e distribui\u00e7\u00e3o<\/h3>\n<p>\n                        O autor do projeto, deputado Juninho do Pneu (PSDB-RJ), afirma que a iniciativa \u00e9 necess\u00e1ria para combater a escassez e a defici\u00eancia log\u00edstica na distribui\u00e7\u00e3o desses medicamentos em \u00e1reas rurais, perif\u00e9ricas e localidades com maior vulnerabilidade socioambiental.<\/p>\n<p>Nessas regi\u00f5es, o tempo de deslocamento dos pacientes agrava o quadro cl\u00ednico e eleva os \u00edndices de mortalidade. &#8220;O atraso no tratamento pode resultar em sequelas irrevers\u00edveis, amputa\u00e7\u00f5es e at\u00e9 mesmo \u00f3bitos&#8221;, disse o deputado.<\/p>\n<p>A medida tamb\u00e9m pretende fortalecer o planejamento p\u00fablico por meio do monitoramento dos estoques e da distribui\u00e7\u00e3o regionalizada dos soros.<\/p>\n<h3 class=\"ds-titulo-subsecao\">Pr\u00f3ximas etapas<\/h3>\n<p>O projeto ser\u00e1 analisado, em <span id=\"4322\" class=\"termoGlossario materia__glossario\" title=\"Rito de tramita\u00e7\u00e3o pelo qual o projeto \u00e9 votado apenas pelas comiss\u00f5es designadas para analis\u00e1-lo, dispensada a delibera\u00e7\u00e3o do Plen\u00e1rio. O projeto perde o car\u00e1ter conclusivo se houver decis\u00e3o divergente entre as comiss\u00f5es ou se, independentemente de ser aprovado ou rejeitado, houver recurso assinado por 52 deputados para a aprecia\u00e7\u00e3o da mat\u00e9ria no Plen\u00e1rio.\" contenteditable=\"false\" data-toggle=\"tooltip\" data-placement=\"top\" style=\"color:#5f5f5e;border-bottom:none\">car\u00e1ter conclusivo<\/span>, pelas comiss\u00f5es de Sa\u00fade; de Finan\u00e7as e Tributa\u00e7\u00e3o; e de Constitui\u00e7\u00e3o e Justi\u00e7a e de Cidadania.<\/p>\n<p>Para virar lei, o texto deve ser aprovado pela C\u00e2mara e pelo Senado.<\/p>\n<p><a href=\"https:\/\/www.camara.leg.br\/noticias\/573454-SAIBA-MAIS-SOBRE-A-TRAMITACAO-DE-PROJETOS-DE-LEI\">Saiba mais sobre a tramita\u00e7\u00e3o de projetos de lei<\/a><\/p>\n<\/p><\/div>\n<p><br \/>\n<br \/><a href=\"https:\/\/www.camara.leg.br\/noticias\/1295625-projeto-obriga-postos-de-saude-e-hospitais-a-fornecer-soro-contra-animais-peconhentos\">postagem original <\/a><\/p>\n","protected":false},"excerpt":{"rendered":"<p>Demora no tratamento pode resultar em sequelas irrevers\u00edveis e at\u00e9 em morte &#8211; Foto: Divulga\u00e7\u00e3o\/Governo de S\u00e3o Paulo O Projeto [&hellip;]<\/p>\n","protected":false},"author":1,"featured_media":6909,"comment_status":"open","ping_status":"open","sticky":false,"template":"","format":"standard","meta":{"site-sidebar-layout":"default","site-content-layout":"","ast-site-content-layout":"default","site-content-style":"default","site-sidebar-style":"default","ast-global-header-display":"","ast-banner-title-visibility":"","ast-main-header-display":"","ast-hfb-above-header-display":"","ast-hfb-below-header-display":"","ast-hfb-mobile-header-display":"","site-post-title":"","ast-breadcrumbs-content":"","ast-featured-img":"","footer-sml-layout":"","theme-transparent-header-meta":"","adv-header-id-meta":"","stick-header-meta":"","header-above-stick-meta":"","header-main-stick-meta":"","header-below-stick-meta":"","astra-migrate-meta-layouts":"default","ast-page-background-enabled":"default","ast-page-background-meta":{"desktop":{"background-color":"var(--ast-global-color-5)","background-image":"","background-repeat":"repeat","background-position":"center center","background-size":"auto","background-attachment":"scroll","background-type":"","background-media":"","overlay-type":"","overlay-color":"","overlay-opacity":"","overlay-gradient":""},"tablet":{"background-color":"","background-image":"","background-repeat":"repeat","background-position":"center center","background-size":"auto","background-attachment":"scroll","background-type":"","background-media":"","overlay-type":"","overlay-color":"","overlay-opacity":"","overlay-gradient":""},"mobile":{"background-color":"","background-image":"","background-repeat":"repeat","background-position":"center center","background-size":"auto","background-attachment":"scroll","background-type":"","background-media":"","overlay-type":"","overlay-color":"","overlay-opacity":"","overlay-gradient":""}},"ast-content-background-meta":{"desktop":{"background-color":"var(--ast-global-color-4)","background-image":"","background-repeat":"repeat","background-position":"center center","background-size":"auto","background-attachment":"scroll","background-type":"","background-media":"","overlay-type":"","overlay-color":"","overlay-opacity":"","overlay-gradient":""},"tablet":{"background-color":"var(--ast-global-color-4)","background-image":"","background-repeat":"repeat","background-position":"center center","background-size":"auto","background-attachment":"scroll","background-type":"","background-media":"","overlay-type":"","overlay-color":"","overlay-opacity":"","overlay-gradient":""},"mobile":{"background-color":"var(--ast-global-color-4)","background-image":"","background-repeat":"repeat","background-position":"center center","background-size":"auto","background-attachment":"scroll","background-type":"","background-media":"","overlay-type":"","overlay-color":"","overlay-opacity":"","overlay-gradient":""}},"_joinchat":[],"footnotes":""},"categories":[26],"tags":[],"_links":{"self":[{"href":"https:\/\/radiosantaclara.sitetopfm.com.br\/site\/wp-json\/wp\/v2\/posts\/10830"}],"collection":[{"href":"https:\/\/radiosantaclara.sitetopfm.com.br\/site\/wp-json\/wp\/v2\/posts"}],"about":[{"href":"https:\/\/radiosantaclara.sitetopfm.com.br\/site\/wp-json\/wp\/v2\/types\/post"}],"author":[{"embeddable":true,"href":"https:\/\/radiosantaclara.sitetopfm.com.br\/site\/wp-json\/wp\/v2\/users\/1"}],"replies":[{"embeddable":true,"href":"https:\/\/radiosantaclara.sitetopfm.com.br\/site\/wp-json\/wp\/v2\/comments?post=10830"}],"version-history":[{"count":0,"href":"https:\/\/radiosantaclara.sitetopfm.com.br\/site\/wp-json\/wp\/v2\/posts\/10830\/revisions"}],"wp:featuredmedia":[{"embeddable":true,"href":"https:\/\/radiosantaclara.sitetopfm.com.br\/site\/wp-json\/wp\/v2\/media\/6909"}],"wp:attachment":[{"href":"https:\/\/radiosantaclara.sitetopfm.com.br\/site\/wp-json\/wp\/v2\/media?parent=10830"}],"wp:term":[{"taxonomy":"category","embeddable":true,"href":"https:\/\/radiosantaclara.sitetopfm.com.br\/site\/wp-json\/wp\/v2\/categories?post=10830"},{"taxonomy":"post_tag","embeddable":true,"href":"https:\/\/radiosantaclara.sitetopfm.com.br\/site\/wp-json\/wp\/v2\/tags?post=10830"}],"curies":[{"name":"wp","href":"https:\/\/api.w.org\/{rel}","templated":true}]}}