{"id":10821,"date":"2026-08-12T05:58:32","date_gmt":"2026-08-12T08:58:32","guid":{"rendered":"https:\/\/radiosantaclara.sitetopfm.com.br\/site\/hugo-motta-espera-votar-projeto-que-reduz-impostos-sobre-combustiveis-ainda-hoje\/"},"modified":"2026-08-12T05:58:32","modified_gmt":"2026-08-12T08:58:32","slug":"hugo-motta-espera-votar-projeto-que-reduz-impostos-sobre-combustiveis-ainda-hoje","status":"publish","type":"post","link":"https:\/\/radiosantaclara.sitetopfm.com.br\/site\/hugo-motta-espera-votar-projeto-que-reduz-impostos-sobre-combustiveis-ainda-hoje\/","title":{"rendered":"Hugo Motta espera votar projeto que reduz impostos sobre combust\u00edveis ainda hoje"},"content":{"rendered":"<p> <br \/>\n<\/p>\n<div id=\"\">\n<figure class=\"materia__midia\" style=\"float: none; margin: 24px 0px;\" data-midia=\"1296599\"><img decoding=\"async\" src=\"https:\/\/www.camara.leg.br\/midias\/image\/2026\/08\/img20260811175611044-768x473.jpg\" alt=\"Reuni\u00e3o de l\u00edderes.\"\/><figcaption><span class=\"materia__legenda-imagem\">Motta: \u201cEstamos ampliando o escopo do projeto de lei&#8221;<\/span> &#8211; <span class=\"materia__creditos-imagem\" style=\"color:#5f5f5e\">Foto: Marina Ramos \/ C\u00e2mara dos Deputados<\/span><\/figcaption><\/figure>\n<p>O presidente da C\u00e2mara, Hugo Motta (Republicanos-PB), afirmou que espera votar ainda nesta ter\u00e7a-feira (11) o Projeto de Lei Complementar (PLP 114\/2026), que autoriza a redu\u00e7\u00e3o ou a zeragem de impostos federais sobre gasolina, diesel e etanol em momentos de forte alta do petr\u00f3leo no exterior. O objetivo do projeto encaminhado pelo governo \u00e9 diminuir o impacto de choques nos pre\u00e7os internacionais de energia sobre o consumidor brasileiro. A proposta \u00e9 uma das prioridades nesta semana de esfor\u00e7o concentrado na C\u00e2mara.<\/p>\n<p>Motta destacou ainda que a relatora do projeto, deputada Marussa Boldrin (Republicanos-GO), est\u00e1 em reuni\u00e3o com a equipe econ\u00f4mica do governo para acertar os detalhes do texto, que deve incluir, al\u00e9m de subs\u00eddios aos combust\u00edveis, est\u00edmulos \u00e0 produ\u00e7\u00e3o de fertilizantes, uma pol\u00edtica de isen\u00e7\u00e3o fiscal para a explora\u00e7\u00e3o de minerais cr\u00edticos e a antecipa\u00e7\u00e3o de receitas para o Minist\u00e9rio da Defesa.<\/p>\n<p>\u201cEstamos ampliando o escopo do projeto de lei para que, quem sabe, at\u00e9 o final do dia de hoje, a C\u00e2mara possa aprovar essa proposta. J\u00e1 conversamos com o Senado, e, se a C\u00e2mara avan\u00e7ar, o Senado ainda esta semana dever\u00e1 se debru\u00e7ar sobre esse tema. Devemos ter celeridade, porque temos consensos e temas importantes do ponto de vista estrat\u00e9gico\u201d, disse Motta ao chegar para comandar a reuni\u00e3o de l\u00edderes partid\u00e1rios.<\/p>\n<h3 class=\"ds-titulo-subsecao\">Blusinhas<\/h3>\n<p>\n                        Sobre a medida provis\u00f3ria que acaba com a chamada taxa das blusinhas (<a class=\"linkProposicao\" href=\"https:\/\/www.camara.leg.br\/noticias\/1271806-mp-1357-26-governo-do-brasil-publica-mp-que-zera-imposto-da-chamada-taxa-das-blusinhas\">MP 1357\/26<\/a>), Motta afirmou que a comiss\u00e3o mista ainda n\u00e3o foi instalada, mas que a proposta deve entrar na discuss\u00e3o entre os parlamentares, j\u00e1 que o prazo da medida provis\u00f3ria vai at\u00e9 setembro.<\/p>\n<p>\u201cDiante da exiguidade do tempo, e considerando que a MP vence em meados do m\u00eas de setembro, para que essa taxa\u00e7\u00e3o n\u00e3o volte, \u00e9 necess\u00e1rio que o Congresso se debruce sobre esse tema\u201d, afirmou o presidente.<\/p>\n<h3 class=\"ds-titulo-subsecao\">Misoginia<\/h3>\n<p>\n                        Motta tamb\u00e9m antecipou que o projeto de lei que combate a misoginia (<a class=\"linkProposicao\" href=\"https:\/\/www.camara.leg.br\/noticias\/1266776-projeto-equipara-misoginia-ao-racismo-e-preve-pena-maior-em-casos-de-violencia-domestica\">PL 896\/23<\/a>) n\u00e3o deve entrar em pauta nesta semana por falta de consenso entre os l\u00edderes. Ele reconheceu a import\u00e2ncia do tema, mas afirmou que \u00e9 preciso que o texto seja mais preciso na defini\u00e7\u00e3o, para evitar preju\u00edzos \u00e0 liberdade religiosa. Para Hugo Motta, n\u00e3o se pode compactuar com o aumento do n\u00famero de mulheres mortas e agredidas no pa\u00eds.<\/p>\n<p>\u201cSabemos que os atos mais graves n\u00e3o come\u00e7am com atos graves, mas com atos menores que v\u00e3o sendo flexibilizados e admitidos, e isso acaba sendo uma permiss\u00e3o para os atos mais graves, como homic\u00eddios. A misoginia \u00e9 prioridade, e vamos fazer esse debate dentro do col\u00e9gio de l\u00edderes. N\u00e3o compactuamos com nenhuma viol\u00eancia, mas n\u00e3o posso cravar porque depende da delibera\u00e7\u00e3o do col\u00e9gio de l\u00edderes. A bancada evang\u00e9lica est\u00e1 negociando o texto com a relatora Tabata Amaral (PSB-SP)\u201d, informou Motta.<\/p>\n<\/p><\/div>\n<p><br \/>\n<br \/><a href=\"https:\/\/www.camara.leg.br\/noticias\/1296567-hugo-motta-espera-votar-projeto-que-reduz-impostos-sobre-combustiveis-ainda-hoje\">postagem original <\/a><\/p>\n","protected":false},"excerpt":{"rendered":"<p>Motta: \u201cEstamos ampliando o escopo do projeto de lei&#8221; &#8211; Foto: Marina Ramos \/ C\u00e2mara dos Deputados O presidente da [&hellip;]<\/p>\n","protected":false},"author":1,"featured_media":6909,"comment_status":"open","ping_status":"open","sticky":false,"template":"","format":"standard","meta":{"site-sidebar-layout":"default","site-content-layout":"","ast-site-content-layout":"default","site-content-style":"default","site-sidebar-style":"default","ast-global-header-display":"","ast-banner-title-visibility":"","ast-main-header-display":"","ast-hfb-above-header-display":"","ast-hfb-below-header-display":"","ast-hfb-mobile-header-display":"","site-post-title":"","ast-breadcrumbs-content":"","ast-featured-img":"","footer-sml-layout":"","theme-transparent-header-meta":"","adv-header-id-meta":"","stick-header-meta":"","header-above-stick-meta":"","header-main-stick-meta":"","header-below-stick-meta":"","astra-migrate-meta-layouts":"default","ast-page-background-enabled":"default","ast-page-background-meta":{"desktop":{"background-color":"var(--ast-global-color-5)","background-image":"","background-repeat":"repeat","background-position":"center center","background-size":"auto","background-attachment":"scroll","background-type":"","background-media":"","overlay-type":"","overlay-color":"","overlay-opacity":"","overlay-gradient":""},"tablet":{"background-color":"","background-image":"","background-repeat":"repeat","background-position":"center center","background-size":"auto","background-attachment":"scroll","background-type":"","background-media":"","overlay-type":"","overlay-color":"","overlay-opacity":"","overlay-gradient":""},"mobile":{"background-color":"","background-image":"","background-repeat":"repeat","background-position":"center center","background-size":"auto","background-attachment":"scroll","background-type":"","background-media":"","overlay-type":"","overlay-color":"","overlay-opacity":"","overlay-gradient":""}},"ast-content-background-meta":{"desktop":{"background-color":"var(--ast-global-color-4)","background-image":"","background-repeat":"repeat","background-position":"center center","background-size":"auto","background-attachment":"scroll","background-type":"","background-media":"","overlay-type":"","overlay-color":"","overlay-opacity":"","overlay-gradient":""},"tablet":{"background-color":"var(--ast-global-color-4)","background-image":"","background-repeat":"repeat","background-position":"center center","background-size":"auto","background-attachment":"scroll","background-type":"","background-media":"","overlay-type":"","overlay-color":"","overlay-opacity":"","overlay-gradient":""},"mobile":{"background-color":"var(--ast-global-color-4)","background-image":"","background-repeat":"repeat","background-position":"center center","background-size":"auto","background-attachment":"scroll","background-type":"","background-media":"","overlay-type":"","overlay-color":"","overlay-opacity":"","overlay-gradient":""}},"_joinchat":[],"footnotes":""},"categories":[36],"tags":[],"_links":{"self":[{"href":"https:\/\/radiosantaclara.sitetopfm.com.br\/site\/wp-json\/wp\/v2\/posts\/10821"}],"collection":[{"href":"https:\/\/radiosantaclara.sitetopfm.com.br\/site\/wp-json\/wp\/v2\/posts"}],"about":[{"href":"https:\/\/radiosantaclara.sitetopfm.com.br\/site\/wp-json\/wp\/v2\/types\/post"}],"author":[{"embeddable":true,"href":"https:\/\/radiosantaclara.sitetopfm.com.br\/site\/wp-json\/wp\/v2\/users\/1"}],"replies":[{"embeddable":true,"href":"https:\/\/radiosantaclara.sitetopfm.com.br\/site\/wp-json\/wp\/v2\/comments?post=10821"}],"version-history":[{"count":0,"href":"https:\/\/radiosantaclara.sitetopfm.com.br\/site\/wp-json\/wp\/v2\/posts\/10821\/revisions"}],"wp:featuredmedia":[{"embeddable":true,"href":"https:\/\/radiosantaclara.sitetopfm.com.br\/site\/wp-json\/wp\/v2\/media\/6909"}],"wp:attachment":[{"href":"https:\/\/radiosantaclara.sitetopfm.com.br\/site\/wp-json\/wp\/v2\/media?parent=10821"}],"wp:term":[{"taxonomy":"category","embeddable":true,"href":"https:\/\/radiosantaclara.sitetopfm.com.br\/site\/wp-json\/wp\/v2\/categories?post=10821"},{"taxonomy":"post_tag","embeddable":true,"href":"https:\/\/radiosantaclara.sitetopfm.com.br\/site\/wp-json\/wp\/v2\/tags?post=10821"}],"curies":[{"name":"wp","href":"https:\/\/api.w.org\/{rel}","templated":true}]}}