{"id":10819,"date":"2026-08-12T01:40:18","date_gmt":"2026-08-12T04:40:18","guid":{"rendered":"https:\/\/radiosantaclara.sitetopfm.com.br\/site\/cancelada-a-ordem-do-dia-da-sessao-do-plenario-desta-terca-feira\/"},"modified":"2026-08-12T01:40:18","modified_gmt":"2026-08-12T04:40:18","slug":"cancelada-a-ordem-do-dia-da-sessao-do-plenario-desta-terca-feira","status":"publish","type":"post","link":"https:\/\/radiosantaclara.sitetopfm.com.br\/site\/cancelada-a-ordem-do-dia-da-sessao-do-plenario-desta-terca-feira\/","title":{"rendered":"Cancelada a ordem do dia da sess\u00e3o do Plen\u00e1rio desta ter\u00e7a-feira"},"content":{"rendered":"<p> <br \/>\n<\/p>\n<div id=\"image-container-1296643\" class=\"image-container\" style=\"float: none;margin: 45px 0px;width: 100%\" data-midia=\"1296643\">\n<div class=\"midia-creditos\"><em>Marina Ramos \/ C\u00e2mara dos Deputados<\/em><\/div>\n<div class=\"media-wrapper\"><img decoding=\"async\" style=\"width: 100%;height: auto\" src=\"https:\/\/www.camara.leg.br\/midias\/image\/2026\/08\/img20260811175549978-768x473.jpg\" alt=\"Reuni\u00e3o de l\u00edderes.\" \/><\/div>\n<div class=\"midia-legenda\">Reuni\u00e3o do Col\u00e9gio de L\u00edderes nesta ter\u00e7a-feira<\/div>\n<\/div>\n<p>A <span id=\"4065\" class=\"termoGlossario\" title=\"Fase da sess\u00e3o plen\u00e1ria destinada \u00e0 discuss\u00e3o e vota\u00e7\u00e3o de projetos.\" data-toggle=\"tooltip\" data-placement=\"top\">ordem do dia<\/span> da sess\u00e3o do Plen\u00e1rio desta ter\u00e7a-feira (11) foi cancelada. Durante a reuni\u00e3o do Col\u00e9gio de L\u00edderes, o l\u00edder do PT, deputado Pedro Uczai (PT-SC), sentiu-se indisposto e desmaiou. A sess\u00e3o, que j\u00e1 havia sido iniciada, prosseguiu com pronunciamentos parlamentares.<\/p>\n<p>Conforme nota divulgada pelo PT, Uczai &#8220;recebeu imediatamente os primeiros atendimentos no local e foi conduzido em maca ao Departamento M\u00e9dico da C\u00e2mara dos Deputados, onde permaneceu sob cuidados iniciais da equipe de sa\u00fade da Casa&#8221;.<\/p>\n<p>&#8220;Ap\u00f3s avalia\u00e7\u00e3o m\u00e9dica e estabiliza\u00e7\u00e3o do quadro, Pedro Uczai manteve contato com os profissionais, demonstrando consci\u00eancia e orienta\u00e7\u00e3o. Como medida preventiva e para realiza\u00e7\u00e3o de exames complementares mais aprofundados, ele foi transferido para o hospital DF Star, onde dar\u00e1 continuidade ao acompanhamento diagn\u00f3stico&#8221;, conclui a nota.<\/p>\n<p><br \/>\n<br \/><a href=\"https:\/\/www.camara.leg.br\/noticias\/1296640-cancelada-a-ordem-do-dia-da-sessao-do-plenario-desta-terca-feira\">postagem original <\/a><\/p>\n","protected":false},"excerpt":{"rendered":"<p>Marina Ramos \/ C\u00e2mara dos Deputados Reuni\u00e3o do Col\u00e9gio de L\u00edderes nesta ter\u00e7a-feira A ordem do dia da sess\u00e3o do [&hellip;]<\/p>\n","protected":false},"author":1,"featured_media":6909,"comment_status":"open","ping_status":"open","sticky":false,"template":"","format":"standard","meta":{"site-sidebar-layout":"default","site-content-layout":"","ast-site-content-layout":"default","site-content-style":"default","site-sidebar-style":"default","ast-global-header-display":"","ast-banner-title-visibility":"","ast-main-header-display":"","ast-hfb-above-header-display":"","ast-hfb-below-header-display":"","ast-hfb-mobile-header-display":"","site-post-title":"","ast-breadcrumbs-content":"","ast-featured-img":"","footer-sml-layout":"","theme-transparent-header-meta":"","adv-header-id-meta":"","stick-header-meta":"","header-above-stick-meta":"","header-main-stick-meta":"","header-below-stick-meta":"","astra-migrate-meta-layouts":"default","ast-page-background-enabled":"default","ast-page-background-meta":{"desktop":{"background-color":"var(--ast-global-color-5)","background-image":"","background-repeat":"repeat","background-position":"center center","background-size":"auto","background-attachment":"scroll","background-type":"","background-media":"","overlay-type":"","overlay-color":"","overlay-opacity":"","overlay-gradient":""},"tablet":{"background-color":"","background-image":"","background-repeat":"repeat","background-position":"center center","background-size":"auto","background-attachment":"scroll","background-type":"","background-media":"","overlay-type":"","overlay-color":"","overlay-opacity":"","overlay-gradient":""},"mobile":{"background-color":"","background-image":"","background-repeat":"repeat","background-position":"center center","background-size":"auto","background-attachment":"scroll","background-type":"","background-media":"","overlay-type":"","overlay-color":"","overlay-opacity":"","overlay-gradient":""}},"ast-content-background-meta":{"desktop":{"background-color":"var(--ast-global-color-4)","background-image":"","background-repeat":"repeat","background-position":"center center","background-size":"auto","background-attachment":"scroll","background-type":"","background-media":"","overlay-type":"","overlay-color":"","overlay-opacity":"","overlay-gradient":""},"tablet":{"background-color":"var(--ast-global-color-4)","background-image":"","background-repeat":"repeat","background-position":"center center","background-size":"auto","background-attachment":"scroll","background-type":"","background-media":"","overlay-type":"","overlay-color":"","overlay-opacity":"","overlay-gradient":""},"mobile":{"background-color":"var(--ast-global-color-4)","background-image":"","background-repeat":"repeat","background-position":"center center","background-size":"auto","background-attachment":"scroll","background-type":"","background-media":"","overlay-type":"","overlay-color":"","overlay-opacity":"","overlay-gradient":""}},"_joinchat":[],"footnotes":""},"categories":[36],"tags":[],"_links":{"self":[{"href":"https:\/\/radiosantaclara.sitetopfm.com.br\/site\/wp-json\/wp\/v2\/posts\/10819"}],"collection":[{"href":"https:\/\/radiosantaclara.sitetopfm.com.br\/site\/wp-json\/wp\/v2\/posts"}],"about":[{"href":"https:\/\/radiosantaclara.sitetopfm.com.br\/site\/wp-json\/wp\/v2\/types\/post"}],"author":[{"embeddable":true,"href":"https:\/\/radiosantaclara.sitetopfm.com.br\/site\/wp-json\/wp\/v2\/users\/1"}],"replies":[{"embeddable":true,"href":"https:\/\/radiosantaclara.sitetopfm.com.br\/site\/wp-json\/wp\/v2\/comments?post=10819"}],"version-history":[{"count":0,"href":"https:\/\/radiosantaclara.sitetopfm.com.br\/site\/wp-json\/wp\/v2\/posts\/10819\/revisions"}],"wp:featuredmedia":[{"embeddable":true,"href":"https:\/\/radiosantaclara.sitetopfm.com.br\/site\/wp-json\/wp\/v2\/media\/6909"}],"wp:attachment":[{"href":"https:\/\/radiosantaclara.sitetopfm.com.br\/site\/wp-json\/wp\/v2\/media?parent=10819"}],"wp:term":[{"taxonomy":"category","embeddable":true,"href":"https:\/\/radiosantaclara.sitetopfm.com.br\/site\/wp-json\/wp\/v2\/categories?post=10819"},{"taxonomy":"post_tag","embeddable":true,"href":"https:\/\/radiosantaclara.sitetopfm.com.br\/site\/wp-json\/wp\/v2\/tags?post=10819"}],"curies":[{"name":"wp","href":"https:\/\/api.w.org\/{rel}","templated":true}]}}