{"id":10813,"date":"2026-08-11T19:19:06","date_gmt":"2026-08-11T22:19:06","guid":{"rendered":"https:\/\/radiosantaclara.sitetopfm.com.br\/site\/projeto-proibe-venda-e-publicidade-de-cigarros-eletronicos-no-brasil\/"},"modified":"2026-08-11T19:19:06","modified_gmt":"2026-08-11T22:19:06","slug":"projeto-proibe-venda-e-publicidade-de-cigarros-eletronicos-no-brasil","status":"publish","type":"post","link":"https:\/\/radiosantaclara.sitetopfm.com.br\/site\/projeto-proibe-venda-e-publicidade-de-cigarros-eletronicos-no-brasil\/","title":{"rendered":"Projeto pro\u00edbe venda e publicidade de cigarros eletr\u00f4nicos no Brasil"},"content":{"rendered":"<p> <br \/>\n<\/p>\n<div id=\"\">\n<figure class=\"materia__midia\" style=\"float: none; margin: 24px 0px;\" data-midia=\"1296530\"><img decoding=\"async\" src=\"https:\/\/www.camara.leg.br\/midias\/image\/2026\/08\/depositphotos-133686350-xl-768x510.jpg\" alt=\"Adolescente fumando cigarro eletr\u00f4nico\"\/><figcaption><span class=\"materia__legenda-imagem\">Projeto prev\u00ea campanhas para evitar que adolescentes usem esses dispositivos<\/span> &#8211; <span class=\"materia__creditos-imagem\" style=\"color:#5f5f5e\">Foto: Depositphotos<\/span><\/figcaption><\/figure>\n<p>O Projeto de Lei 2466\/26 pro\u00edbe a venda, a importa\u00e7\u00e3o e a publicidade de Dispositivos Eletr\u00f4nicos para Fumar (DEFs), como cigarros eletr\u00f4nicos, vapes, pods ou e-cigs, em todo o territ\u00f3rio nacional.<\/p>\n<p>A proposta tamb\u00e9m pretende refor\u00e7ar as a\u00e7\u00f5es educativas para evitar que crian\u00e7as e adolescentes comecem a usar \u00e1lcool e tabaco.<\/p>\n<p>Atualmente, uma <a href=\"https:\/\/anvisalegis.datalegis.net\/action\/ActionDatalegis.php?acao=abrirTextoAto&amp;tipo=RDC&amp;numeroAto=00000855&amp;seqAto=000&amp;valorAno=2024&amp;orgao=RDC\/DC\/ANVISA\/MS&amp;codTipo=&amp;desItem=&amp;desItemFim=&amp;cod_menu=1696&amp;cod_modulo=134&amp;pesquisa=true\">resolu\u00e7\u00e3o<\/a> da <structured-content-container _ngcontent-ng-c589685916=\"\" class=\"model-response-text is-mobile is-embedded contains-extensions-response processing-state-visible ng-star-inserted\" _nghost-ng-c2065318577=\"\"><message-content _ngcontent-ng-c2065318577=\"\" _nghost-ng-c3727176378=\"\" id=\"message-content-id-r_84f1331a3e53a6ad\" class=\"ng-star-inserted\"><span class=\"citation-54\">Ag\u00eancia Nacional de Vigil\u00e2ncia Sanit\u00e1ria (Anvisa) j\u00e1 pro\u00edbe esses dispositivos.<\/span><\/message-content><\/structured-content-container><\/p>\n<p>O projeto, no entanto, pretende incluir a proibi\u00e7\u00e3o em lei e atualizar o <a href=\"https:\/\/www2.camara.gov.br\/legin\/fed\/lei\/1990\/lei-8069-13-julho-1990-372211-norma-pl.html\">Estatuto da Crian\u00e7a e do Adolescente (ECA)<\/a>.<\/p>\n<p>O autor do projeto, deputado Pr. Marco Feliciano (PL-SP), afirma que a medida \u00e9 necess\u00e1ria em raz\u00e3o do uso crescente de dispositivos eletr\u00f4nicos entre os jovens. \u201cA proposta adota abordagem educativa, priorizando a conscientiza\u00e7\u00e3o como instrumento eficaz de pol\u00edtica p\u00fablica\u201d, justificou.<\/p>\n<h3 class=\"ds-titulo-subsecao\">Campanhas educativas<\/h3>\n<p>\n                        Ainda de acordo com o texto, institui\u00e7\u00f5es de ensino dever\u00e3o promover a\u00e7\u00f5es de preven\u00e7\u00e3o de forma cont\u00ednua.<\/p>\n<p>O Minist\u00e9rio da Sa\u00fade ficar\u00e1 respons\u00e1vel por realizar campanhas p\u00fablicas de conscientiza\u00e7\u00e3o e incentivar a veicula\u00e7\u00e3o de mensagens educativas nos pontos de venda.<\/p>\n<h3 class=\"ds-titulo-subsecao\">Pr\u00f3ximas etapas<\/h3>\n<p>A proposta ser\u00e1 analisada, em <span id=\"4322\" class=\"termoGlossario materia__glossario\" title=\"Rito de tramita\u00e7\u00e3o pelo qual o projeto \u00e9 votado apenas pelas comiss\u00f5es designadas para analis\u00e1-lo, dispensada a delibera\u00e7\u00e3o do Plen\u00e1rio. O projeto perde o car\u00e1ter conclusivo se houver decis\u00e3o divergente entre as comiss\u00f5es ou se, independentemente de ser aprovado ou rejeitado, houver recurso assinado por 52 deputados para a aprecia\u00e7\u00e3o da mat\u00e9ria no Plen\u00e1rio.\" contenteditable=\"false\" data-toggle=\"tooltip\" data-placement=\"top\" style=\"color:#5f5f5e;border-bottom:none\">car\u00e1ter conclusivo<\/span>, pelas comiss\u00f5es de Sa\u00fade; de Previd\u00eancia, Assist\u00eancia Social, Inf\u00e2ncia, Adolesc\u00eancia e Fam\u00edlia; e de Constitui\u00e7\u00e3o e Justi\u00e7a e de Cidadania.<\/p>\n<p>Para virar lei, o texto deve ser aprovado pela C\u00e2mara e pelo Senado.<\/p>\n<p><a href=\"https:\/\/www.camara.leg.br\/noticias\/573454-SAIBA-MAIS-SOBRE-A-TRAMITACAO-DE-PROJETOS-DE-LEI\">Saiba mais sobre a tramita\u00e7\u00e3o de projetos de lei<\/a><\/p>\n<p>\u00a0<\/p>\n<div id=\"infografico-embed-1259028\" style=\"width: 100%; max-width: 100%; overflow: hidden;\"><img decoding=\"async\" src=\"https:\/\/www.camara.leg.br\/internet\/agencia\/infograficos-html5\/consumo-cigarro-eletronico-cresce-entre-adolescentes\/images\/desktop.jpg\" alt=\"\" loading=\"lazy\" style=\"width: 100%; max-width: 100%; height: auto; display: block; border: 0; margin: 0 auto;\"\/><\/div>\n<p>\u00a0<\/p>\n<p>\u00a0<\/p>\n<\/p><\/div>\n<p><br \/>\n<br \/><a href=\"https:\/\/www.camara.leg.br\/noticias\/1295871-projeto-proibe-venda-e-publicidade-de-cigarros-eletronicos-no-brasil\">postagem original <\/a><\/p>\n","protected":false},"excerpt":{"rendered":"<p>Projeto prev\u00ea campanhas para evitar que adolescentes usem esses dispositivos &#8211; Foto: Depositphotos O Projeto de Lei 2466\/26 pro\u00edbe a [&hellip;]<\/p>\n","protected":false},"author":1,"featured_media":6909,"comment_status":"open","ping_status":"open","sticky":false,"template":"","format":"standard","meta":{"site-sidebar-layout":"default","site-content-layout":"","ast-site-content-layout":"default","site-content-style":"default","site-sidebar-style":"default","ast-global-header-display":"","ast-banner-title-visibility":"","ast-main-header-display":"","ast-hfb-above-header-display":"","ast-hfb-below-header-display":"","ast-hfb-mobile-header-display":"","site-post-title":"","ast-breadcrumbs-content":"","ast-featured-img":"","footer-sml-layout":"","theme-transparent-header-meta":"","adv-header-id-meta":"","stick-header-meta":"","header-above-stick-meta":"","header-main-stick-meta":"","header-below-stick-meta":"","astra-migrate-meta-layouts":"default","ast-page-background-enabled":"default","ast-page-background-meta":{"desktop":{"background-color":"var(--ast-global-color-5)","background-image":"","background-repeat":"repeat","background-position":"center center","background-size":"auto","background-attachment":"scroll","background-type":"","background-media":"","overlay-type":"","overlay-color":"","overlay-opacity":"","overlay-gradient":""},"tablet":{"background-color":"","background-image":"","background-repeat":"repeat","background-position":"center center","background-size":"auto","background-attachment":"scroll","background-type":"","background-media":"","overlay-type":"","overlay-color":"","overlay-opacity":"","overlay-gradient":""},"mobile":{"background-color":"","background-image":"","background-repeat":"repeat","background-position":"center center","background-size":"auto","background-attachment":"scroll","background-type":"","background-media":"","overlay-type":"","overlay-color":"","overlay-opacity":"","overlay-gradient":""}},"ast-content-background-meta":{"desktop":{"background-color":"var(--ast-global-color-4)","background-image":"","background-repeat":"repeat","background-position":"center center","background-size":"auto","background-attachment":"scroll","background-type":"","background-media":"","overlay-type":"","overlay-color":"","overlay-opacity":"","overlay-gradient":""},"tablet":{"background-color":"var(--ast-global-color-4)","background-image":"","background-repeat":"repeat","background-position":"center center","background-size":"auto","background-attachment":"scroll","background-type":"","background-media":"","overlay-type":"","overlay-color":"","overlay-opacity":"","overlay-gradient":""},"mobile":{"background-color":"var(--ast-global-color-4)","background-image":"","background-repeat":"repeat","background-position":"center center","background-size":"auto","background-attachment":"scroll","background-type":"","background-media":"","overlay-type":"","overlay-color":"","overlay-opacity":"","overlay-gradient":""}},"_joinchat":[],"footnotes":""},"categories":[26],"tags":[],"_links":{"self":[{"href":"https:\/\/radiosantaclara.sitetopfm.com.br\/site\/wp-json\/wp\/v2\/posts\/10813"}],"collection":[{"href":"https:\/\/radiosantaclara.sitetopfm.com.br\/site\/wp-json\/wp\/v2\/posts"}],"about":[{"href":"https:\/\/radiosantaclara.sitetopfm.com.br\/site\/wp-json\/wp\/v2\/types\/post"}],"author":[{"embeddable":true,"href":"https:\/\/radiosantaclara.sitetopfm.com.br\/site\/wp-json\/wp\/v2\/users\/1"}],"replies":[{"embeddable":true,"href":"https:\/\/radiosantaclara.sitetopfm.com.br\/site\/wp-json\/wp\/v2\/comments?post=10813"}],"version-history":[{"count":0,"href":"https:\/\/radiosantaclara.sitetopfm.com.br\/site\/wp-json\/wp\/v2\/posts\/10813\/revisions"}],"wp:featuredmedia":[{"embeddable":true,"href":"https:\/\/radiosantaclara.sitetopfm.com.br\/site\/wp-json\/wp\/v2\/media\/6909"}],"wp:attachment":[{"href":"https:\/\/radiosantaclara.sitetopfm.com.br\/site\/wp-json\/wp\/v2\/media?parent=10813"}],"wp:term":[{"taxonomy":"category","embeddable":true,"href":"https:\/\/radiosantaclara.sitetopfm.com.br\/site\/wp-json\/wp\/v2\/categories?post=10813"},{"taxonomy":"post_tag","embeddable":true,"href":"https:\/\/radiosantaclara.sitetopfm.com.br\/site\/wp-json\/wp\/v2\/tags?post=10813"}],"curies":[{"name":"wp","href":"https:\/\/api.w.org\/{rel}","templated":true}]}}