{"id":10806,"date":"2026-08-11T14:56:31","date_gmt":"2026-08-11T17:56:31","guid":{"rendered":"https:\/\/radiosantaclara.sitetopfm.com.br\/site\/projeto-reduz-de-dois-anos-para-12-meses-intervalo-para-usar-fgts-na-quitacao-de-financiamento-imobiliario\/"},"modified":"2026-08-11T14:56:31","modified_gmt":"2026-08-11T17:56:31","slug":"projeto-reduz-de-dois-anos-para-12-meses-intervalo-para-usar-fgts-na-quitacao-de-financiamento-imobiliario","status":"publish","type":"post","link":"https:\/\/radiosantaclara.sitetopfm.com.br\/site\/projeto-reduz-de-dois-anos-para-12-meses-intervalo-para-usar-fgts-na-quitacao-de-financiamento-imobiliario\/","title":{"rendered":"Projeto reduz de dois anos para 12 meses intervalo para usar FGTS na quita\u00e7\u00e3o de financiamento imobili\u00e1rio"},"content":{"rendered":"<p> <br \/>\n<\/p>\n<div id=\"\">\n<figure class=\"materia__midia\" style=\"float: none; margin: 24px 0px;\" data-midia=\"1296399\"><img decoding=\"async\" src=\"https:\/\/www.camara.leg.br\/midias\/image\/2026\/08\/casa-prpria-768x510.jpg\" alt=\"Chave na fechadura da porta - chaveiro em formato de casa\"\/><figcaption><span class=\"materia__legenda-imagem\">Proposta tamb\u00e9m permite uso do saldo em financiamentos fora do Sistema Financeiro da Habita\u00e7\u00e3o<\/span> &#8211; <span class=\"materia__creditos-imagem\" style=\"color:#5f5f5e\">Foto: Depositphotos<\/span><\/figcaption><\/figure>\n<p>O Projeto de Lei 2568\/26 reduz de dois anos para 12 meses o intervalo m\u00ednimo para o trabalhador usar o saldo do Fundo de Garantia do Tempo de Servi\u00e7o (FGTS) na amortiza\u00e7\u00e3o ou na quita\u00e7\u00e3o de financiamento imobili\u00e1rio. A proposta tamb\u00e9m permite que o recurso seja utilizado em financiamentos feitos fora do Sistema Financeiro da Habita\u00e7\u00e3o (SFH).<\/p>\n<p>Atualmente, a lei exige que o cr\u00e9dito tenha sido concedido pelo SFH e imp\u00f5e um prazo de 24 meses entre as movimenta\u00e7\u00f5es. O texto altera a <a href=\"https:\/\/www2.camara.leg.br\/legin\/fed\/lei\/1990\/lei-8036-11-maio-1990-365155-norma-pl.html\">Lei do FGTS<\/a>.<\/p>\n<p>Pela proposta, a possibilidade de usar o saldo para reduzir a d\u00edvida da casa pr\u00f3pria passa a valer para qualquer modalidade de financiamento ou de banco, desde que respeitado o novo intervalo de um ano. Segundo o projeto, esse intervalo \u00e9 contado a partir da data da opera\u00e7\u00e3o anterior.<\/p>\n<h3 class=\"ds-titulo-subsecao\">Patrim\u00f4nio do trabalhador<\/h3>\n<p>\n                        O autor da proposta, deputado Gilson Marques (Novo-SC), defende que o fundo integra o patrim\u00f4nio individual do trabalhador e que as restri\u00e7\u00f5es ao seu uso devem ser m\u00ednimas. &#8220;Manter o trabalhador impedido de usar seu pr\u00f3prio patrim\u00f4nio para reduzir uma d\u00edvida cara, quando disp\u00f5e de recursos para tanto, \u00e9 uma medida que o prejudica duplamente&#8221;, afirma Marques.<\/p>\n<p>O parlamentar argumenta que a amortiza\u00e7\u00e3o frequente \u00e9 vantajosa para o cidad\u00e3o, especialmente com os juros atuais elevados, j\u00e1 que o rendimento do fundo \u00e9 baixo. Ele ressalta ainda que a medida pode ajudar a diminuir o n\u00famero de d\u00edvidas n\u00e3o pagas e a liberar renda das fam\u00edlias para outros investimentos, sem criar gastos para o governo.<\/p>\n<h3 class=\"ds-titulo-subsecao\">Pr\u00f3ximas etapas<\/h3>\n<p>A proposta ser\u00e1 analisada em <span id=\"4322\" class=\"termoGlossario materia__glossario\" title=\"Rito de tramita\u00e7\u00e3o pelo qual o projeto \u00e9 votado apenas pelas comiss\u00f5es designadas para analis\u00e1-lo, dispensada a delibera\u00e7\u00e3o do Plen\u00e1rio. O projeto perde o car\u00e1ter conclusivo se houver decis\u00e3o divergente entre as comiss\u00f5es ou se, independentemente de ser aprovado ou rejeitado, houver recurso assinado por 52 deputados para a aprecia\u00e7\u00e3o da mat\u00e9ria no Plen\u00e1rio.\" contenteditable=\"false\" data-toggle=\"tooltip\" data-placement=\"top\" style=\"color:#5f5f5e;border-bottom:none\">car\u00e1ter conclusivo<\/span>\u00a0pelas comiss\u00f5es de Trabalho; de Finan\u00e7as e Tributa\u00e7\u00e3o; e de Constitui\u00e7\u00e3o e Justi\u00e7a e de Cidadania.<\/p>\n<p>Para virar lei, o texto deve ser aprovado pela C\u00e2mara e pelo Senado.<\/p>\n<p><a href=\"https:\/\/www.camara.leg.br\/noticias\/573454-SAIBA-MAIS-SOBRE-A-TRAMITACAO-DE-PROJETOS-DE-LEI\">Saiba mais sobre a tramita\u00e7\u00e3o de projetos de lei<\/a><\/p>\n<\/p><\/div>\n<p><br \/>\n<br \/><a href=\"https:\/\/www.camara.leg.br\/noticias\/1295066-projeto-reduz-de-dois-anos-para-12-meses-intervalo-para-usar-fgts-na-quitacao-de-financiamento-imobiliario\">postagem original <\/a><\/p>\n","protected":false},"excerpt":{"rendered":"<p>Proposta tamb\u00e9m permite uso do saldo em financiamentos fora do Sistema Financeiro da Habita\u00e7\u00e3o &#8211; Foto: Depositphotos O Projeto de [&hellip;]<\/p>\n","protected":false},"author":1,"featured_media":6909,"comment_status":"open","ping_status":"open","sticky":false,"template":"","format":"standard","meta":{"site-sidebar-layout":"default","site-content-layout":"","ast-site-content-layout":"default","site-content-style":"default","site-sidebar-style":"default","ast-global-header-display":"","ast-banner-title-visibility":"","ast-main-header-display":"","ast-hfb-above-header-display":"","ast-hfb-below-header-display":"","ast-hfb-mobile-header-display":"","site-post-title":"","ast-breadcrumbs-content":"","ast-featured-img":"","footer-sml-layout":"","theme-transparent-header-meta":"","adv-header-id-meta":"","stick-header-meta":"","header-above-stick-meta":"","header-main-stick-meta":"","header-below-stick-meta":"","astra-migrate-meta-layouts":"default","ast-page-background-enabled":"default","ast-page-background-meta":{"desktop":{"background-color":"var(--ast-global-color-5)","background-image":"","background-repeat":"repeat","background-position":"center center","background-size":"auto","background-attachment":"scroll","background-type":"","background-media":"","overlay-type":"","overlay-color":"","overlay-opacity":"","overlay-gradient":""},"tablet":{"background-color":"","background-image":"","background-repeat":"repeat","background-position":"center center","background-size":"auto","background-attachment":"scroll","background-type":"","background-media":"","overlay-type":"","overlay-color":"","overlay-opacity":"","overlay-gradient":""},"mobile":{"background-color":"","background-image":"","background-repeat":"repeat","background-position":"center center","background-size":"auto","background-attachment":"scroll","background-type":"","background-media":"","overlay-type":"","overlay-color":"","overlay-opacity":"","overlay-gradient":""}},"ast-content-background-meta":{"desktop":{"background-color":"var(--ast-global-color-4)","background-image":"","background-repeat":"repeat","background-position":"center center","background-size":"auto","background-attachment":"scroll","background-type":"","background-media":"","overlay-type":"","overlay-color":"","overlay-opacity":"","overlay-gradient":""},"tablet":{"background-color":"var(--ast-global-color-4)","background-image":"","background-repeat":"repeat","background-position":"center center","background-size":"auto","background-attachment":"scroll","background-type":"","background-media":"","overlay-type":"","overlay-color":"","overlay-opacity":"","overlay-gradient":""},"mobile":{"background-color":"var(--ast-global-color-4)","background-image":"","background-repeat":"repeat","background-position":"center center","background-size":"auto","background-attachment":"scroll","background-type":"","background-media":"","overlay-type":"","overlay-color":"","overlay-opacity":"","overlay-gradient":""}},"_joinchat":[],"footnotes":""},"categories":[36],"tags":[],"_links":{"self":[{"href":"https:\/\/radiosantaclara.sitetopfm.com.br\/site\/wp-json\/wp\/v2\/posts\/10806"}],"collection":[{"href":"https:\/\/radiosantaclara.sitetopfm.com.br\/site\/wp-json\/wp\/v2\/posts"}],"about":[{"href":"https:\/\/radiosantaclara.sitetopfm.com.br\/site\/wp-json\/wp\/v2\/types\/post"}],"author":[{"embeddable":true,"href":"https:\/\/radiosantaclara.sitetopfm.com.br\/site\/wp-json\/wp\/v2\/users\/1"}],"replies":[{"embeddable":true,"href":"https:\/\/radiosantaclara.sitetopfm.com.br\/site\/wp-json\/wp\/v2\/comments?post=10806"}],"version-history":[{"count":0,"href":"https:\/\/radiosantaclara.sitetopfm.com.br\/site\/wp-json\/wp\/v2\/posts\/10806\/revisions"}],"wp:featuredmedia":[{"embeddable":true,"href":"https:\/\/radiosantaclara.sitetopfm.com.br\/site\/wp-json\/wp\/v2\/media\/6909"}],"wp:attachment":[{"href":"https:\/\/radiosantaclara.sitetopfm.com.br\/site\/wp-json\/wp\/v2\/media?parent=10806"}],"wp:term":[{"taxonomy":"category","embeddable":true,"href":"https:\/\/radiosantaclara.sitetopfm.com.br\/site\/wp-json\/wp\/v2\/categories?post=10806"},{"taxonomy":"post_tag","embeddable":true,"href":"https:\/\/radiosantaclara.sitetopfm.com.br\/site\/wp-json\/wp\/v2\/tags?post=10806"}],"curies":[{"name":"wp","href":"https:\/\/api.w.org\/{rel}","templated":true}]}}