{"id":10799,"date":"2026-08-11T04:57:54","date_gmt":"2026-08-11T07:57:54","guid":{"rendered":"https:\/\/radiosantaclara.sitetopfm.com.br\/site\/projeto-preve-divulgacao-de-dados-sobre-a-ocupacao-de-cargos-por-genero-na-administracao-publica\/"},"modified":"2026-08-11T04:57:54","modified_gmt":"2026-08-11T07:57:54","slug":"projeto-preve-divulgacao-de-dados-sobre-a-ocupacao-de-cargos-por-genero-na-administracao-publica","status":"publish","type":"post","link":"https:\/\/radiosantaclara.sitetopfm.com.br\/site\/projeto-preve-divulgacao-de-dados-sobre-a-ocupacao-de-cargos-por-genero-na-administracao-publica\/","title":{"rendered":"Projeto prev\u00ea divulga\u00e7\u00e3o de dados sobre a ocupa\u00e7\u00e3o de cargos por g\u00eanero na administra\u00e7\u00e3o p\u00fablica"},"content":{"rendered":"<p> <br \/>\n<\/p>\n<div id=\"\">\n<figure class=\"materia__midia\" style=\"float: none; margin: 24px 0px;\" data-midia=\"1296063\"><img decoding=\"async\" src=\"https:\/\/www.camara.leg.br\/midias\/image\/2026\/08\/img20220310103326123-768x512.jpg\" alt=\"Esplanada dos Minist\u00e9rios, em Bras\u00edlia (DF) - pr\u00e9dios p\u00fablicos\"\/><figcaption><span class=\"materia__legenda-imagem\">Esplanada dos Minist\u00e9rios, em Bras\u00edlia<\/span> &#8211; <span class=\"materia__creditos-imagem\" style=\"color:#5f5f5e\">Foto: Depositphotos<\/span><\/figcaption><\/figure>\n<p>O Projeto de Lei 2563\/26 obriga a administra\u00e7\u00e3o p\u00fablica a divulgar dados sobre a ocupa\u00e7\u00e3o de cargos, fun\u00e7\u00f5es e empregos por homens e mulheres. O texto em an\u00e1lise na C\u00e2mara dos Deputados altera a <a class=\"linkLegislacao\" href=\"https:\/\/www2.camara.gov.br\/legin\/fed\/lei\/2011\/lei-12527-18-novembro-2011-611802-norma-pl.html\" target=\"_blank\" rel=\"noopener noreferrer\">Lei de Acesso \u00e0 Informa\u00e7\u00e3o (LAI)<\/a>.<\/p>\n<p>A inten\u00e7\u00e3o \u00e9 incluir a publica\u00e7\u00e3o peri\u00f3dica de estat\u00edsticas por g\u00eanero entre as regras de transpar\u00eancia ativa, com o objetivo de identificar as assimetrias e a falta de oportunidades para o p\u00fablico feminino em fun\u00e7\u00f5es de lideran\u00e7a no Estado.<\/p>\n<h3 class=\"ds-titulo-subsecao\">Justificativa<\/h3>\n<p>\n                        \u201cSem previs\u00e3o expressa, dados dessa natureza tendem a ser divulgados de forma incompleta, assistem\u00e1tica ou simplesmente n\u00e3o padronizada\u201d, afirmou a autora da proposta, deputada Tabata Amaral (PSB-SP). O texto exige quantitativos por tipo de cargo e emprego, al\u00e9m de classe, padr\u00e3o, n\u00edvel e formas de progress\u00e3o.<\/p>\n<p>Segundo dados de maio de 2026, as mulheres representam 42% do total de 1,2 milh\u00e3o de servidores no governo federal. Segundo Tabata Amaral, nos postos de dire\u00e7\u00e3o, a predomin\u00e2ncia masculina alcan\u00e7ou cerca de 60% entre 2020 e 2023.<\/p>\n<h3 class=\"ds-titulo-subsecao\">Pr\u00f3ximos passos<\/h3>\n<p>\n                        O projeto ser\u00e1 analisado, em <span id=\"4322\" class=\"termoGlossario materia__glossario\" title=\"Rito de tramita\u00e7\u00e3o pelo qual o projeto \u00e9 votado apenas pelas comiss\u00f5es designadas para analis\u00e1-lo, dispensada a delibera\u00e7\u00e3o do Plen\u00e1rio. O projeto perde o car\u00e1ter conclusivo se houver decis\u00e3o divergente entre as comiss\u00f5es ou se, independentemente de ser aprovado ou rejeitado, houver recurso assinado por 52 deputados para a aprecia\u00e7\u00e3o da mat\u00e9ria no Plen\u00e1rio.\" contenteditable=\"false\" data-toggle=\"tooltip\" data-placement=\"top\" style=\"color:#5f5f5e;border-bottom:none\">car\u00e1ter conclusivo<\/span>, pelas comiss\u00f5es de Administra\u00e7\u00e3o e Servi\u00e7o P\u00fablico; de Defesa dos Direitos da Mulher; e de Constitui\u00e7\u00e3o e Justi\u00e7a e de Cidadania.<\/p>\n<p>Para virar lei, ter\u00e1 de ser aprovado pela C\u00e2mara e pelo Senado.<\/p>\n<p><a href=\"https:\/\/www.camara.leg.br\/noticias\/573454-SAIBA-MAIS-SOBRE-A-TRAMITACAO-DE-PROJETOS-DE-LEI\">Saiba mais sobre a tramita\u00e7\u00e3o de projetos de lei<\/a><\/p>\n<p>\u00a0<\/p>\n<div id=\"infografico-embed-1296078\" style=\"width: 100%; max-width: 100%; overflow: hidden;\"><img decoding=\"async\" src=\"https:\/\/www.camara.leg.br\/internet\/agencia\/infograficos-html5\/distribuicao-dos-servidores-do-poder-executivo\/images\/desktop.jpg\" alt=\"\" loading=\"lazy\" style=\"width: 100%; max-width: 100%; height: auto; display: block; border: 0; margin: 0 auto;\"\/><\/div>\n<p>\u00a0<\/p>\n<\/p><\/div>\n<p><br \/>\n<br \/><a href=\"https:\/\/www.camara.leg.br\/noticias\/1296007-projeto-preve-divulgacao-de-dados-sobre-a-ocupacao-de-cargos-por-genero-na-administracao-publica\">postagem original <\/a><\/p>\n","protected":false},"excerpt":{"rendered":"<p>Esplanada dos Minist\u00e9rios, em Bras\u00edlia &#8211; Foto: Depositphotos O Projeto de Lei 2563\/26 obriga a administra\u00e7\u00e3o p\u00fablica a divulgar dados [&hellip;]<\/p>\n","protected":false},"author":1,"featured_media":6909,"comment_status":"open","ping_status":"open","sticky":false,"template":"","format":"standard","meta":{"site-sidebar-layout":"default","site-content-layout":"","ast-site-content-layout":"default","site-content-style":"default","site-sidebar-style":"default","ast-global-header-display":"","ast-banner-title-visibility":"","ast-main-header-display":"","ast-hfb-above-header-display":"","ast-hfb-below-header-display":"","ast-hfb-mobile-header-display":"","site-post-title":"","ast-breadcrumbs-content":"","ast-featured-img":"","footer-sml-layout":"","theme-transparent-header-meta":"","adv-header-id-meta":"","stick-header-meta":"","header-above-stick-meta":"","header-main-stick-meta":"","header-below-stick-meta":"","astra-migrate-meta-layouts":"default","ast-page-background-enabled":"default","ast-page-background-meta":{"desktop":{"background-color":"var(--ast-global-color-5)","background-image":"","background-repeat":"repeat","background-position":"center center","background-size":"auto","background-attachment":"scroll","background-type":"","background-media":"","overlay-type":"","overlay-color":"","overlay-opacity":"","overlay-gradient":""},"tablet":{"background-color":"","background-image":"","background-repeat":"repeat","background-position":"center center","background-size":"auto","background-attachment":"scroll","background-type":"","background-media":"","overlay-type":"","overlay-color":"","overlay-opacity":"","overlay-gradient":""},"mobile":{"background-color":"","background-image":"","background-repeat":"repeat","background-position":"center center","background-size":"auto","background-attachment":"scroll","background-type":"","background-media":"","overlay-type":"","overlay-color":"","overlay-opacity":"","overlay-gradient":""}},"ast-content-background-meta":{"desktop":{"background-color":"var(--ast-global-color-4)","background-image":"","background-repeat":"repeat","background-position":"center center","background-size":"auto","background-attachment":"scroll","background-type":"","background-media":"","overlay-type":"","overlay-color":"","overlay-opacity":"","overlay-gradient":""},"tablet":{"background-color":"var(--ast-global-color-4)","background-image":"","background-repeat":"repeat","background-position":"center center","background-size":"auto","background-attachment":"scroll","background-type":"","background-media":"","overlay-type":"","overlay-color":"","overlay-opacity":"","overlay-gradient":""},"mobile":{"background-color":"var(--ast-global-color-4)","background-image":"","background-repeat":"repeat","background-position":"center center","background-size":"auto","background-attachment":"scroll","background-type":"","background-media":"","overlay-type":"","overlay-color":"","overlay-opacity":"","overlay-gradient":""}},"_joinchat":[],"footnotes":""},"categories":[36],"tags":[],"_links":{"self":[{"href":"https:\/\/radiosantaclara.sitetopfm.com.br\/site\/wp-json\/wp\/v2\/posts\/10799"}],"collection":[{"href":"https:\/\/radiosantaclara.sitetopfm.com.br\/site\/wp-json\/wp\/v2\/posts"}],"about":[{"href":"https:\/\/radiosantaclara.sitetopfm.com.br\/site\/wp-json\/wp\/v2\/types\/post"}],"author":[{"embeddable":true,"href":"https:\/\/radiosantaclara.sitetopfm.com.br\/site\/wp-json\/wp\/v2\/users\/1"}],"replies":[{"embeddable":true,"href":"https:\/\/radiosantaclara.sitetopfm.com.br\/site\/wp-json\/wp\/v2\/comments?post=10799"}],"version-history":[{"count":0,"href":"https:\/\/radiosantaclara.sitetopfm.com.br\/site\/wp-json\/wp\/v2\/posts\/10799\/revisions"}],"wp:featuredmedia":[{"embeddable":true,"href":"https:\/\/radiosantaclara.sitetopfm.com.br\/site\/wp-json\/wp\/v2\/media\/6909"}],"wp:attachment":[{"href":"https:\/\/radiosantaclara.sitetopfm.com.br\/site\/wp-json\/wp\/v2\/media?parent=10799"}],"wp:term":[{"taxonomy":"category","embeddable":true,"href":"https:\/\/radiosantaclara.sitetopfm.com.br\/site\/wp-json\/wp\/v2\/categories?post=10799"},{"taxonomy":"post_tag","embeddable":true,"href":"https:\/\/radiosantaclara.sitetopfm.com.br\/site\/wp-json\/wp\/v2\/tags?post=10799"}],"curies":[{"name":"wp","href":"https:\/\/api.w.org\/{rel}","templated":true}]}}