{"id":10788,"date":"2026-08-10T13:25:11","date_gmt":"2026-08-10T16:25:11","guid":{"rendered":"https:\/\/radiosantaclara.sitetopfm.com.br\/site\/comissao-debate-contribuicoes-do-setor-de-remessas-expressas-em-cinco-decadas\/"},"modified":"2026-08-10T13:25:11","modified_gmt":"2026-08-10T16:25:11","slug":"comissao-debate-contribuicoes-do-setor-de-remessas-expressas-em-cinco-decadas","status":"publish","type":"post","link":"https:\/\/radiosantaclara.sitetopfm.com.br\/site\/comissao-debate-contribuicoes-do-setor-de-remessas-expressas-em-cinco-decadas\/","title":{"rendered":"Comiss\u00e3o debate contribui\u00e7\u00f5es do setor de remessas expressas em cinco d\u00e9cadas"},"content":{"rendered":"<p> <br \/>\n<\/p>\n<div id=\"image-container-1296014\" class=\"image-container\" style=\"float: none;margin: 45px 0px;width: 100%\" data-midia=\"1296014\">\n<div class=\"midia-creditos\"><em>Depositphotos<\/em><\/div>\n<div class=\"media-wrapper\"><img decoding=\"async\" style=\"width: 100%;height: auto\" src=\"https:\/\/www.camara.leg.br\/midias\/image\/2026\/08\/avio-cargueiro-768x512.jpg\" alt=\"Mercadorias sendo embarcadas em avi\u00e3o de carga - remessa expressa\" \/><\/div>\n<div class=\"midia-legenda\">Setor impulsionou transforma\u00e7\u00f5es relevantes na circula\u00e7\u00e3o r\u00e1pida de mercadorias<\/div>\n<\/div>\n<p>A Comiss\u00e3o de Via\u00e7\u00e3o e Transportes da C\u00e2mara dos Deputados realiza audi\u00eancia p\u00fablica nesta quarta-feira (12) para discutir as contribui\u00e7\u00f5es do setor de remessas expressas para o desenvolvimento econ\u00f4mico, integra\u00e7\u00e3o log\u00edstica, competitividade do com\u00e9rcio exterior, gera\u00e7\u00e3o de empregos e moderniza\u00e7\u00e3o da infraestrutura de transporte ao longo das \u00faltimas cinco d\u00e9cadas.<\/p>\n<p>A reuni\u00e3o atende a pedido da deputada Rosana Valle (PL-SP) e est\u00e1 marcada para as 14h30, em plen\u00e1rio a ser definido.<\/p>\n<p><a href=\"https:\/\/www.camara.leg.br\/evento-legislativo\/82839\">Veja quem foi convidado<\/a><\/p>\n<p>Segundo a parlamentar, o setor de remessas expressas desempenha papel estrat\u00e9gico na economia. Rosana Valle destaca que o segmento acompanhou e impulsionou transforma\u00e7\u00f5es relevantes na log\u00edstica nacional, na avia\u00e7\u00e3o cargueira, no com\u00e9rcio internacional e na circula\u00e7\u00e3o r\u00e1pida de mercadorias.<\/p>\n<p>&#8220;A\u00a0evolu\u00e7\u00e3o do segmento imp\u00f5e desafios regulat\u00f3rios, operacionais e aduaneiros, especialmente diante da necessidade de assegurar equil\u00edbrio entre efici\u00eancia log\u00edstica, seguran\u00e7a, conformidade regulat\u00f3ria e est\u00edmulo \u00e0 atividade econ\u00f4mica&#8221;, diz a deputada.<\/p>\n<p><br \/>\n<br \/><a href=\"https:\/\/www.camara.leg.br\/noticias\/1295726-comissao-debate-contribuicoes-do-setor-de-remessas-expressas-em-cinco-decadas\">postagem original <\/a><\/p>\n","protected":false},"excerpt":{"rendered":"<p>Depositphotos Setor impulsionou transforma\u00e7\u00f5es relevantes na circula\u00e7\u00e3o r\u00e1pida de mercadorias A Comiss\u00e3o de Via\u00e7\u00e3o e Transportes da C\u00e2mara dos Deputados [&hellip;]<\/p>\n","protected":false},"author":1,"featured_media":6909,"comment_status":"open","ping_status":"open","sticky":false,"template":"","format":"standard","meta":{"site-sidebar-layout":"default","site-content-layout":"","ast-site-content-layout":"default","site-content-style":"default","site-sidebar-style":"default","ast-global-header-display":"","ast-banner-title-visibility":"","ast-main-header-display":"","ast-hfb-above-header-display":"","ast-hfb-below-header-display":"","ast-hfb-mobile-header-display":"","site-post-title":"","ast-breadcrumbs-content":"","ast-featured-img":"","footer-sml-layout":"","theme-transparent-header-meta":"","adv-header-id-meta":"","stick-header-meta":"","header-above-stick-meta":"","header-main-stick-meta":"","header-below-stick-meta":"","astra-migrate-meta-layouts":"default","ast-page-background-enabled":"default","ast-page-background-meta":{"desktop":{"background-color":"var(--ast-global-color-5)","background-image":"","background-repeat":"repeat","background-position":"center center","background-size":"auto","background-attachment":"scroll","background-type":"","background-media":"","overlay-type":"","overlay-color":"","overlay-opacity":"","overlay-gradient":""},"tablet":{"background-color":"","background-image":"","background-repeat":"repeat","background-position":"center center","background-size":"auto","background-attachment":"scroll","background-type":"","background-media":"","overlay-type":"","overlay-color":"","overlay-opacity":"","overlay-gradient":""},"mobile":{"background-color":"","background-image":"","background-repeat":"repeat","background-position":"center center","background-size":"auto","background-attachment":"scroll","background-type":"","background-media":"","overlay-type":"","overlay-color":"","overlay-opacity":"","overlay-gradient":""}},"ast-content-background-meta":{"desktop":{"background-color":"var(--ast-global-color-4)","background-image":"","background-repeat":"repeat","background-position":"center center","background-size":"auto","background-attachment":"scroll","background-type":"","background-media":"","overlay-type":"","overlay-color":"","overlay-opacity":"","overlay-gradient":""},"tablet":{"background-color":"var(--ast-global-color-4)","background-image":"","background-repeat":"repeat","background-position":"center center","background-size":"auto","background-attachment":"scroll","background-type":"","background-media":"","overlay-type":"","overlay-color":"","overlay-opacity":"","overlay-gradient":""},"mobile":{"background-color":"var(--ast-global-color-4)","background-image":"","background-repeat":"repeat","background-position":"center center","background-size":"auto","background-attachment":"scroll","background-type":"","background-media":"","overlay-type":"","overlay-color":"","overlay-opacity":"","overlay-gradient":""}},"_joinchat":[],"footnotes":""},"categories":[36],"tags":[],"_links":{"self":[{"href":"https:\/\/radiosantaclara.sitetopfm.com.br\/site\/wp-json\/wp\/v2\/posts\/10788"}],"collection":[{"href":"https:\/\/radiosantaclara.sitetopfm.com.br\/site\/wp-json\/wp\/v2\/posts"}],"about":[{"href":"https:\/\/radiosantaclara.sitetopfm.com.br\/site\/wp-json\/wp\/v2\/types\/post"}],"author":[{"embeddable":true,"href":"https:\/\/radiosantaclara.sitetopfm.com.br\/site\/wp-json\/wp\/v2\/users\/1"}],"replies":[{"embeddable":true,"href":"https:\/\/radiosantaclara.sitetopfm.com.br\/site\/wp-json\/wp\/v2\/comments?post=10788"}],"version-history":[{"count":0,"href":"https:\/\/radiosantaclara.sitetopfm.com.br\/site\/wp-json\/wp\/v2\/posts\/10788\/revisions"}],"wp:featuredmedia":[{"embeddable":true,"href":"https:\/\/radiosantaclara.sitetopfm.com.br\/site\/wp-json\/wp\/v2\/media\/6909"}],"wp:attachment":[{"href":"https:\/\/radiosantaclara.sitetopfm.com.br\/site\/wp-json\/wp\/v2\/media?parent=10788"}],"wp:term":[{"taxonomy":"category","embeddable":true,"href":"https:\/\/radiosantaclara.sitetopfm.com.br\/site\/wp-json\/wp\/v2\/categories?post=10788"},{"taxonomy":"post_tag","embeddable":true,"href":"https:\/\/radiosantaclara.sitetopfm.com.br\/site\/wp-json\/wp\/v2\/tags?post=10788"}],"curies":[{"name":"wp","href":"https:\/\/api.w.org\/{rel}","templated":true}]}}