{"id":10610,"date":"2026-07-24T16:30:55","date_gmt":"2026-07-24T19:30:55","guid":{"rendered":"https:\/\/radiosantaclara.sitetopfm.com.br\/site\/projeto-enquadra-esteticistas-como-profissionais-de-saude\/"},"modified":"2026-07-24T16:30:55","modified_gmt":"2026-07-24T19:30:55","slug":"projeto-enquadra-esteticistas-como-profissionais-de-saude","status":"publish","type":"post","link":"https:\/\/radiosantaclara.sitetopfm.com.br\/site\/projeto-enquadra-esteticistas-como-profissionais-de-saude\/","title":{"rendered":"Projeto enquadra esteticistas como profissionais de sa\u00fade"},"content":{"rendered":"<p> <br \/>\n<\/p>\n<div id=\"\">\n<figure class=\"materia__midia\" style=\"float: none; margin: 24px 0px;\" data-midia=\"1292813\"><img decoding=\"async\" src=\"https:\/\/www.camara.leg.br\/midias\/image\/2026\/07\/img20260413163239759-768x473.jpg\" alt=\"Aprecia\u00e7\u00e3o das indica\u00e7\u00f5es de autoridades para preenchimento de cargo de Ministro do Tribunal de Contas da Uni\u00e3o \u2013 TCU. Dep. Soraya Santos (PL - RJ)\"\/><figcaption><span class=\"materia__legenda-imagem\">Soraya Santos: setor enfrenta &#8220;significativa desorganiza\u00e7\u00e3o normativa&#8221;<\/span> &#8211; <span class=\"materia__creditos-imagem\" style=\"color:#5f5f5e\">Foto: Kayo Magalh\u00e3es \/ C\u00e2mara dos Deputados<\/span><\/figcaption><\/figure>\n<p>O Projeto de Lei 3268\/26, da deputada Soraya Santos (PL-RJ) e outros <a href=\"https:\/\/www.camara.leg.br\/proposicoesWeb\/prop_autores;jsessionid=node01hhfuqjprdpqr10wpff0ij3n112807922.node0?idProposicao=2634848\" target=\"_blank\" rel=\"noopener noreferrer\">quatro parlamentares<\/a>, enquadra as profiss\u00f5es de esteticista e cosmet\u00f3logo como da \u00e1rea da sa\u00fade para todos efeitos legais. Hoje, essa classifica\u00e7\u00e3o n\u00e3o est\u00e1 expl\u00edcita na lei.<\/p>\n<p>A proposta, fruto do trabalho da <a href=\"https:\/\/www.camara.leg.br\/proposicoesWeb\/prop_mostrarintegra?codteor=3122199&amp;filename=REL%201\/2026%20CTRAB\">Subcomiss\u00e3o Especial sobre o Setor de Est\u00e9tica<\/a>, vinculada \u00e0 Comiss\u00e3o de Trabalho, est\u00e1 em an\u00e1lise na C\u00e2mara dos Deputados.<\/p>\n<p>O projeto estabelece que a forma\u00e7\u00e3o dos t\u00e9cnicos em est\u00e9tica deve incluir est\u00e1gio curricular supervisionado obrigat\u00f3rio de, no m\u00ednimo, 20% da carga hor\u00e1ria do curso. A mesma exig\u00eancia vale para esteticistas e cosmet\u00f3logos com forma\u00e7\u00e3o de n\u00edvel superior.<\/p>\n<p>A regra vale enquanto o Minist\u00e9rio da Educa\u00e7\u00e3o n\u00e3o editar diretrizes curriculares espec\u00edficas para a \u00e1rea. O texto inclui as mudan\u00e7as na <a class=\"linkLegislacao\" href=\"https:\/\/www2.camara.gov.br\/legin\/fed\/lei\/2018\/lei-13643-3-abril-2018-786398-norma-pl.html\" target=\"_blank\" rel=\"noopener noreferrer\">Lei 13.643\/18<\/a>, que regulamenta as profiss\u00f5es de est\u00e9tica.<\/p>\n<p>Segundo a deputada Soraya Santos, o setor enfrenta &#8220;significativa desorganiza\u00e7\u00e3o normativa&#8221;, com sobreposi\u00e7\u00e3o de atribui\u00e7\u00f5es entre categorias e atua\u00e7\u00e3o fragmentada dos \u00f3rg\u00e3os de fiscaliza\u00e7\u00e3o. A autora destaca que o setor de est\u00e9tica &#8220;movimenta bilh\u00f5es de reais anualmente&#8221; e \u00e9 &#8220;importante instrumento de gera\u00e7\u00e3o de renda e inclus\u00e3o produtiva, especialmente para mulheres&#8221;.<\/p>\n<p>Pela proposta, tamb\u00e9m poder\u00e3o atuar como esteticistas e cosmet\u00f3logos:<\/p>\n<ul>\n<li>graduados com dupla diploma\u00e7\u00e3o em Est\u00e9tica e Cosmetologia, obtida em conv\u00eanio internacional;<\/li>\n<li>outros graduados da \u00e1rea de sa\u00fade, desde que aprovados em exame de profici\u00eancia;<\/li>\n<li>portadores de diploma superior na \u00e1rea da sa\u00fade com p\u00f3s-gradua\u00e7\u00e3o lato sensu em est\u00e9tica e cosmetologia.<\/li>\n<\/ul>\n<h3 class=\"ds-titulo-subsecao\">Profici\u00eancia<\/h3>\n<p>\n                        O projeto cria o exame de profici\u00eancia para graduados da \u00e1rea de sa\u00fade que queiram atuar como esteticistas ou cosmet\u00f3logos, mesmo sem forma\u00e7\u00e3o espec\u00edfica na \u00e1rea.<\/p>\n<p>O exame ser\u00e1 organizado pelo Executivo federal, com participa\u00e7\u00e3o dos \u00f3rg\u00e3os de educa\u00e7\u00e3o e sa\u00fade, e poder\u00e1 ser aplicado por institui\u00e7\u00f5es p\u00fablicas ou privadas credenciadas.<\/p>\n<h3 class=\"ds-titulo-subsecao\">Abuso de autoridade<\/h3>\n<p>\n                        O texto criminaliza a imposi\u00e7\u00e3o de penalidade administrativa fora dos limites das atribui\u00e7\u00f5es do cargo ou fun\u00e7\u00e3o. A pena prevista \u00e9 de <span id=\"4293\" class=\"termoGlossario materia__glossario\" title=\"Pena privativa de liberdade que se cumpre em regime aberto ou semiaberto, salvo transfer\u00eancia excepcional para o regime fechado. \u00c9 menos severa que a reclus\u00e3o e mais rigorosa que a pris\u00e3o simples.\" contenteditable=\"false\" data-toggle=\"tooltip\" data-placement=\"top\" style=\"color:#5f5f5e;border-bottom:none\">deten\u00e7\u00e3o<\/span> de 6 meses a 2 anos, mais multa.<\/p>\n<p>A medida, inclu\u00edda na Lei de Abuso de Autoridade (<a class=\"linkLegislacao\" href=\"https:\/\/www2.camara.gov.br\/legin\/fed\/lei\/2019\/lei-13869-5-setembro-2019-789094-norma-pl.html\" target=\"_blank\" rel=\"noopener noreferrer\">Lei 13.869\/19<\/a>), visa coibir interdi\u00e7\u00f5es de estabelecimentos e apreens\u00f5es de equipamentos feitas por agentes sem compet\u00eancia para isso.<\/p>\n<h3 class=\"ds-titulo-subsecao\">Pr\u00f3ximos passos<\/h3>\n<p>\n                        A proposta ainda n\u00e3o foi distribu\u00edda para as comiss\u00f5es tem\u00e1ticas. Como ela teve a <a href=\"https:\/\/www.camara.leg.br\/noticias\/1286957-CAMARA-APROVA-REGIME-DE-URGENCIA-PARA-PROJETO-QUE-CRIMINALIZA-A-MISOGINIA\">urg\u00eancia aprovada no in\u00edcio de julho<\/a>, poder\u00e1 ser analisada diretamente pelo Plen\u00e1rio, sem passar pelas comiss\u00f5es. Para virar lei, precisa ser aprovada pela C\u00e2mara e pelo Senado.<\/p>\n<\/p><\/div>\n<p><br \/>\n<br \/><a href=\"https:\/\/www.camara.leg.br\/noticias\/1292599-projeto-enquadra-esteticistas-como-profissionais-de-saude\">postagem original <\/a><\/p>\n","protected":false},"excerpt":{"rendered":"<p>Soraya Santos: setor enfrenta &#8220;significativa desorganiza\u00e7\u00e3o normativa&#8221; &#8211; Foto: Kayo Magalh\u00e3es \/ C\u00e2mara dos Deputados O Projeto de Lei 3268\/26, [&hellip;]<\/p>\n","protected":false},"author":1,"featured_media":6909,"comment_status":"open","ping_status":"open","sticky":false,"template":"","format":"standard","meta":{"site-sidebar-layout":"default","site-content-layout":"","ast-site-content-layout":"default","site-content-style":"default","site-sidebar-style":"default","ast-global-header-display":"","ast-banner-title-visibility":"","ast-main-header-display":"","ast-hfb-above-header-display":"","ast-hfb-below-header-display":"","ast-hfb-mobile-header-display":"","site-post-title":"","ast-breadcrumbs-content":"","ast-featured-img":"","footer-sml-layout":"","theme-transparent-header-meta":"","adv-header-id-meta":"","stick-header-meta":"","header-above-stick-meta":"","header-main-stick-meta":"","header-below-stick-meta":"","astra-migrate-meta-layouts":"default","ast-page-background-enabled":"default","ast-page-background-meta":{"desktop":{"background-color":"var(--ast-global-color-5)","background-image":"","background-repeat":"repeat","background-position":"center center","background-size":"auto","background-attachment":"scroll","background-type":"","background-media":"","overlay-type":"","overlay-color":"","overlay-opacity":"","overlay-gradient":""},"tablet":{"background-color":"","background-image":"","background-repeat":"repeat","background-position":"center center","background-size":"auto","background-attachment":"scroll","background-type":"","background-media":"","overlay-type":"","overlay-color":"","overlay-opacity":"","overlay-gradient":""},"mobile":{"background-color":"","background-image":"","background-repeat":"repeat","background-position":"center center","background-size":"auto","background-attachment":"scroll","background-type":"","background-media":"","overlay-type":"","overlay-color":"","overlay-opacity":"","overlay-gradient":""}},"ast-content-background-meta":{"desktop":{"background-color":"var(--ast-global-color-4)","background-image":"","background-repeat":"repeat","background-position":"center center","background-size":"auto","background-attachment":"scroll","background-type":"","background-media":"","overlay-type":"","overlay-color":"","overlay-opacity":"","overlay-gradient":""},"tablet":{"background-color":"var(--ast-global-color-4)","background-image":"","background-repeat":"repeat","background-position":"center center","background-size":"auto","background-attachment":"scroll","background-type":"","background-media":"","overlay-type":"","overlay-color":"","overlay-opacity":"","overlay-gradient":""},"mobile":{"background-color":"var(--ast-global-color-4)","background-image":"","background-repeat":"repeat","background-position":"center center","background-size":"auto","background-attachment":"scroll","background-type":"","background-media":"","overlay-type":"","overlay-color":"","overlay-opacity":"","overlay-gradient":""}},"_joinchat":[],"footnotes":""},"categories":[26],"tags":[],"_links":{"self":[{"href":"https:\/\/radiosantaclara.sitetopfm.com.br\/site\/wp-json\/wp\/v2\/posts\/10610"}],"collection":[{"href":"https:\/\/radiosantaclara.sitetopfm.com.br\/site\/wp-json\/wp\/v2\/posts"}],"about":[{"href":"https:\/\/radiosantaclara.sitetopfm.com.br\/site\/wp-json\/wp\/v2\/types\/post"}],"author":[{"embeddable":true,"href":"https:\/\/radiosantaclara.sitetopfm.com.br\/site\/wp-json\/wp\/v2\/users\/1"}],"replies":[{"embeddable":true,"href":"https:\/\/radiosantaclara.sitetopfm.com.br\/site\/wp-json\/wp\/v2\/comments?post=10610"}],"version-history":[{"count":0,"href":"https:\/\/radiosantaclara.sitetopfm.com.br\/site\/wp-json\/wp\/v2\/posts\/10610\/revisions"}],"wp:featuredmedia":[{"embeddable":true,"href":"https:\/\/radiosantaclara.sitetopfm.com.br\/site\/wp-json\/wp\/v2\/media\/6909"}],"wp:attachment":[{"href":"https:\/\/radiosantaclara.sitetopfm.com.br\/site\/wp-json\/wp\/v2\/media?parent=10610"}],"wp:term":[{"taxonomy":"category","embeddable":true,"href":"https:\/\/radiosantaclara.sitetopfm.com.br\/site\/wp-json\/wp\/v2\/categories?post=10610"},{"taxonomy":"post_tag","embeddable":true,"href":"https:\/\/radiosantaclara.sitetopfm.com.br\/site\/wp-json\/wp\/v2\/tags?post=10610"}],"curies":[{"name":"wp","href":"https:\/\/api.w.org\/{rel}","templated":true}]}}